{"id":982,"date":"2022-08-24T09:32:49","date_gmt":"2022-08-24T09:32:49","guid":{"rendered":"https:\/\/www.fil-info-francophonie.com\/?p=982"},"modified":"2022-09-02T09:35:01","modified_gmt":"2022-09-02T09:35:01","slug":"formes-en-coree-du-sud-pour-la-francophonie","status":"publish","type":"post","link":"https:\/\/www.fil-info-francophonie.com\/?p=982","title":{"rendered":"Form\u00e9s en Cor\u00e9e du Sud pour la francophonie"},"content":{"rendered":"<header>\n<p class=\"post-intro\"><em>Au fil d&rsquo;un long parcours de six ans en Cor\u00e9e du Sud entre 2014 et 2020, Freddy et Fidelia, venus de France, se sont form\u00e9s pour devenir pasteurs et missionnaires pour la francophonie.<\/em><\/p>\n<\/header>\n<p><em><strong>Un parcours hors normes, jusqu\u2019au doctorat, dont ce couple bivocationnel nous r\u00e9sume les \u00e9tapes saillantes. Entretien.<\/strong><\/em><\/p>\n<p>&nbsp;<\/p>\n<p><strong>1\/ Freddy et Fidelia, pouvez-vous vous pr\u00e9senter ?<\/strong><\/p>\n<p><em>Freddy : <\/em>je m\u2019appelle Freddy Carmel, je suis assistant pasteur, j\u2019ai 41 ans. Avec mon \u00e9pouse\u00a0 Fid\u00e9lia, nous habitons Clermont de l\u2019Oise (Oise, 60). D\u2019origine martiniquaise, n\u00e9 en France, j\u2019ai\u00a0 grandi dans une famille catholique. Je suis pass\u00e9 par les \u00e9tapes classiques : bapt\u00eame,\u00a0confirmation\u2026 A mes 8 ans, mes parents ont divorc\u00e9. Ma m\u00e8re s\u2019est remari\u00e9e et nous sommes\u00a0en tout 10 enfants (issus de ses deux mariages) dont je suis le cadet. Mon p\u00e8re de son c\u00f4t\u00e9 s\u2019est converti \u00e0 la foi \u00e9vang\u00e9lique, il s\u2019est fait baptiser. J\u2019avais 12 ans, il m\u2019a emmen\u00e9 \u00e0 l\u2019\u00e9glise,\u00a0l\u2019\u00e9glise pentec\u00f4tiste de la Porte Dor\u00e9e \u00e0 Paris. Mais il m\u2019a fallu du temps avant de rencontrer moi-m\u00eame le Seigneur J\u00e9sus-Christ. Depuis cette exp\u00e9rience de conversion, qui s\u2019est produite\u00a0 apr\u00e8s bien des p\u00e9rip\u00e9ties, j\u2019ai ressenti l\u2019appel, avec mon \u00e9pouse Fidelia, de servir Dieu \u00e0 plein\u00a0 temps. Ce que nous faisons d\u00e9sormais, apr\u00e8s une formation de six ans en Cor\u00e9e du Sud.<\/p>\n<p><em>Fidelia : <\/em>je m\u2019appelle Fidelia, 39 ans. Native de Creil (Oise, 60), je termine un cursus d\u2019\u00e9tudes\u00a0en Cor\u00e9e du Sud pour devenir pasteure. Avec mon \u00e9poux Freddy, je sers le Seigneur \u00e0 plein\u00a0temps et me pr\u00e9pare au pastorat. Je fais partie d\u2019une famille de cinq enfants, dont quatre fr\u00e8res. Je viens \u00e9galement d\u2019une famille catholique comme Freddy. J\u2019ai suivi des \u00e9tudes d\u2019assistante de direction. Du c\u00f4t\u00e9 familial, c\u2019\u00e9tait compliqu\u00e9, alors je cherchais\u00a0dans la religion catholique des solutions. En vain. Un jour j\u2019ai pri\u00e9 Dieu, ou du moins, s\u2019il y un\u00a0 dieu qui existe : \u00ab\u00a0montre-moi un signe\u00a0\u00bb. Tout est parti de l\u00e0. Aujourd\u2019hui,\u00a0bien des ann\u00e9es apr\u00e8s ma conversion, j\u2019ai trouv\u00e9 ma voie et avec mon mari, nous partageons\u00a0la vision d\u2019annoncer l\u2019\u00c9vangile en France et dans la francophonie.<\/p>\n<p><strong>2\/ Pourriez-vous revenir sur l\u2019\u00e9l\u00e9ment d\u00e9clencheur de cette vocation ?<\/strong><\/p>\n<p><em>Fidelia : <\/em>lorsque j\u2019ai travers\u00e9 cette crise personnelle profonde, j\u2019ai pri\u00e9 : \u00ab\u00a0Montre-moi que tu\u00a0 es Dieu\u00a0\u00bb. Et juste apr\u00e8s, j\u2019ai rencontr\u00e9 quelqu\u2019un dans le train. Il s\u2019appelait Achille. A l\u2019\u00e9poque,\u00a0je passais mon baccalaur\u00e9at. Il m\u2019a dit : \u00ab\u00a0voil\u00e0, j\u2019ai mon p\u00e8re qui prie, tu peux venir \u00e0 la\u00a0 maison\u00a0\u00bb. Cette rencontre fut une b\u00e9n\u00e9diction. A l\u2019\u00e9poque, une \u00c9glise se r\u00e9unissait dans la maison du pasteur, \u00e0 Villers-Saint-Paul, non loin de Creil. J\u2019y suis all\u00e9e et j\u2019ai tout de\u00a0suite \u00e9t\u00e9 touch\u00e9e par la louange, l\u2019adoration, l\u2019enseignement. J\u2019ai compris, apr\u00e8s la pr\u00e9dication\u00a0du pasteur Charlemagne, que j\u2019avais besoin d\u2019une relation personnelle avec Dieu. J\u2019ai fait la\u00a0 pri\u00e8re d\u2019acceptation du salut en J\u00e9sus-Christ. Je me suis convertie. Et \u00e0 partir de l\u00e0, j\u2019ai\u00a0 commenc\u00e9 \u00e0 \u00e9vang\u00e9liser ma famille. Et peu \u00e0 peu, autour de moi, il y a eu des conversions. Je\u00a0voulais tout de suite faire des \u00e9tudes th\u00e9ologiques, mais le pasteur Gilbert m\u2019a demand\u00e9 de\u00a0me consacrer d\u2019abord \u00e0 mes \u00e9tudes s\u00e9culi\u00e8res, ce que j\u2019ai fait. J\u2019aspirais \u00e0 plus\u2026 et plus tard,\u00a0l\u2019occasion s\u2019est pr\u00e9sent\u00e9e.<\/p>\n<p><em>Freddy <\/em>: avec mon p\u00e8re, je suis all\u00e9 deux-trois fois \u00e0 l\u2019\u00e9glise de la Porte Dor\u00e9e (Paris), mais je\u00a0n\u2019\u00e9tais pas int\u00e9ress\u00e9. J\u2019ai commenc\u00e9 \u00e0 faire un peu n\u2019importe quoi. Fumer, boire. J\u2019ai arr\u00eat\u00e9\u00a0 l\u2019\u00e9cole \u00e0 17 ans, et je suis tomb\u00e9 dans la d\u00e9linquance. Cambriolage, bagarres, alcoolisme.\u00a0J\u2019avais perdu tous mes rep\u00e8res. Mais un jour, la lumi\u00e8re est arriv\u00e9e. J\u2019ai \u00e9t\u00e9 invit\u00e9 par Fid\u00e9lia \u00e0 l\u2019\u00e9glise Gr\u00e2ce de l\u2019\u00c9ternel, \u00e0 Nogent-sur-Oise. On y est all\u00e9 ensemble. Ce jour-l\u00e0, j\u2019ai \u00e9cout\u00e9\u00a0la pr\u00e9dication, et j\u2019entendais le pasteur expliquer ma vie. Cela m\u2019a boulevers\u00e9. J\u2019ai accept\u00e9\u00a0 J\u00e9sus-Christ comme mon sauveur et seigneur. C\u2019\u00e9tait en 2006, j\u2019avais 25 ans. Je n\u2019ai plus quitt\u00e9\u00a0 l\u2019\u00e9glise.<\/p>\n<figure class=\"wp-block-image size-large\"><img decoding=\"async\" loading=\"lazy\" class=\"wp-image-144608 entered lazyloaded\" src=\"https:\/\/regardsprotestants.com\/wp-content\/uploads\/2022\/08\/20180812_122637-1024x669.jpg\" alt=\"\" width=\"1024\" height=\"669\" data-lazy-srcset=\"https:\/\/regardsprotestants.com\/wp-content\/uploads\/2022\/08\/20180812_122637-1024x669.jpg 1024w, https:\/\/regardsprotestants.com\/wp-content\/uploads\/2022\/08\/20180812_122637-400x261.jpg 400w, https:\/\/regardsprotestants.com\/wp-content\/uploads\/2022\/08\/20180812_122637-662x432.jpg 662w\" data-lazy-sizes=\"(max-width: 1024px) 100vw, 1024px\" data-lazy-src=\"https:\/\/regardsprotestants.com\/wp-content\/uploads\/2022\/08\/20180812_122637-1024x669.jpg\" data-ll-status=\"loaded\" \/><figcaption>Cr\u00e9dits C.B.<\/figcaption><\/figure>\n<p><strong>3\/ Vous \u00eates un couple bivocationnel. Qu\u2019est-ce qui vous a pouss\u00e9 \u00e0 vous former en Cor\u00e9e ?<\/strong><\/p>\n<p><em>Freddy et Fidelia <\/em>: C\u2019est Dieu qui fait les choses. A partir de la conversion, on a eu \u00e0 c\u0153ur\u00a0 l\u2019\u00e9vang\u00e9lisation, l\u2019un comme l\u2019autre. Cela a commenc\u00e9 par nos familles, qui l\u2019une et l\u2019autre ont\u00a0\u00e9t\u00e9 touch\u00e9es par l\u2019\u00c9vangile. Notre couple est bas\u00e9 sur l\u2019amour et la foi en Christ. L\u2019\u00e9vang\u00e9lisation fait partie de notre vie. Nous avons franchi les grandes \u00e9tapes ensemble.\u00a0Nous avons \u00e9t\u00e9 baptis\u00e9s le m\u00eame jour ! Nous sommes partis ensemble en Cor\u00e9e du Sud ! Et\u00a0 avons obtenu nos dipl\u00f4mes ensemble !<\/p>\n<p>Avec le temps, dans notre \u00e9glise dans l\u2019Oise, on s\u2019est occup\u00e9 des \u00ab\u00a0chambres hautes\u00a0\u00bb, c\u2019est-\u00e0-dire des groupes de maison. Comme nous nous sommes beaucoup investis dans la vie de notre\u00a0 \u00e9glise (<em>rattach\u00e9e \u00e0 la CEAF, ndlr<\/em>), nous avons eu l\u2019occasion de participer \u00e0 des rencontres et\u00a0 s\u00e9minaires de formation avec des fr\u00e8res et s\u0153urs venus de Cor\u00e9e du Sud. Notre \u00e9glise s\u2019\u00e9tait\u00a0en effet rapproch\u00e9e de chr\u00e9tiens cor\u00e9ens, et nous avions nou\u00e9 des liens r\u00e9guliers. Lors des\u00a0 s\u00e9minaires et \u00e9v\u00e9nements organis\u00e9s, nous \u00e9tions toujours pr\u00e9sents.<\/p>\n<p>Un pasteur cor\u00e9en, le\u00a0 pasteur Kang Sang Mo, a vu que nous \u00e9tions engag\u00e9s, motiv\u00e9s pour l\u2019\u00e9vang\u00e9lisation et la\u00a0mission. Et sans nous le dire, il a organis\u00e9 une \u00e9quipe de pri\u00e8re, dans son \u00e9glise Emmanuel de\u00a0Ulsan (o\u00f9 nous sommes rest\u00e9s pendant 6 ans), pour permettre notre venue en Cor\u00e9e. Ils ont\u00a0 rassembl\u00e9 peu \u00e0 peu des offrandes pour cela. Ensuite, ce pasteur sud-cor\u00e9en a pr\u00e9venu notre\u00a0 pasteur, le pasteur Gilbert, qui nous a dit, sans plus de pr\u00e9cision : \u00ab\u00a0pr\u00e9parez-vous \u00e0 aller en Cor\u00e9e\u00a0\u00bb.\u00a0Nous ne pensions pas que cela viendrait vite ! Mais en quelques mois, nous sommes pass\u00e9s\u00a0d\u2019un v\u0153u un peu vague \u00e0 la r\u00e9alit\u00e9, \u00e0 la rentr\u00e9e de l\u2019ann\u00e9e scolaire 2015. Pour cela, nous avons\u00a0d\u00fb tout quitter, donner ce que nous avions, et faire le grand saut vers la Cor\u00e9e du Sud, dire\u00a0au revoir \u00e0 nos familles\u2026 Cela n\u2019a pas \u00e9t\u00e9\u00a0facile, mais nous avions le feu vert du Seigneur.<\/p>\n<p><strong>4\/ Qu\u2019est ce qui a \u00e9t\u00e9 le plus marquant dans votre formation en Cor\u00e9e ?<\/strong><\/p>\n<p><em>Fidelia <\/em>: la discipline spirituelle des Sud-Cor\u00e9ens. Ils prient et travaillent beaucoup, sans\u00a0 rel\u00e2che. Quelle \u00e9cole de volont\u00e9 et de foi ! Par ailleurs, j\u2019ai aussi fait l\u2019exp\u00e9rience de la solitude.\u00a0Mon mari Freddy \u00e9tait beaucoup plus sollicit\u00e9 que moi. En Cor\u00e9e du Sud, les femmes restent\u00a0 avec les femmes. Je n\u2019\u00e9tais pas assistante pasteure, j\u2019\u00e9tais \u00e9tudiante, sans famille sur place.<\/p>\n<p>Mais j\u2019avais la possibilit\u00e9 de m\u2019investir dans la chorale, et dans la musique, \u00e0 l\u2019\u00e9glise, \u00e0 l\u2019\u00e9cole\u00a0 de th\u00e9ologie o\u00f9 nous \u00e9tions, \u00e0 Doekpyeong (environ<em> 1h de S\u00e9oul, ndlr<\/em>) et lors des conf\u00e9rences\u00a0 internationales. Une autre chose m\u2019a marqu\u00e9e \u00e0 la toute fin de mon cursus de\u00a0formation, \u00e0 l\u2019occasion de mon doctorat en th\u00e9ologie. J\u2019ai fait mon m\u00e9moire sur les minist\u00e8res\u00a0f\u00e9minins dans la Bible. Et mon professeur sud-cor\u00e9en, qui jusque-l\u00e0 \u00e9tait plut\u00f4t contre le\u00a0pastorat f\u00e9minin, a d\u00e9clar\u00e9 avoir chang\u00e9 d\u2019avis apr\u00e8s la lecture de mon m\u00e9moire !<\/p>\n<p><em>Freddy <\/em>: les quatre premiers mois d\u2019immersion dans la langue cor\u00e9enne, \u00e0 l\u2019automne 2014,\u00a0ont \u00e9t\u00e9 tr\u00e8s marquants. A l\u2019universit\u00e9 d\u2019Ulsan, nous avions 4 heures de cours du lundi au vendredi\u00a0 et beaucoup de devoirs. Nous \u00e9tions avec une dizaine d\u2019autres \u00e9tudiants, dont des Chinois. On\u00a0a ensuite commenc\u00e9 les cours de th\u00e9ologie en f\u00e9vrier 2015. Avec une formation compl\u00e8te,\u00a0progressive, comprenant de l\u2019h\u00e9breu et du grec, et aussi une dimension pratique (\u00e9vang\u00e9lisation dans la soci\u00e9t\u00e9 cor\u00e9enne). En 2017, on m\u2019a demand\u00e9 de m\u2019occuper du\u00a0d\u00e9partement des jeunes adultes. Il me fallait pr\u00eacher tous les dimanches, suivre les jeunes,\u00a0faire des visites, organiser des retraites\u2026 En Cor\u00e9en ! Au d\u00e9but, je pensais que je ne pouvais pas, que c\u2019\u00e9tait impossible. Sans ma pri\u00e8re, le passage qui m\u2019est venu, c\u2019est l\u2019appel de Mo\u00efse,\u00a0\u00ab\u00a0Je serai ta langue\u00a0\u00bb. Ensuite, les choses se sont bien pass\u00e9es. Il a fallu apprendre \u00e0 g\u00e9rer des codes tr\u00e8s diff\u00e9rents chez les Sud-Cor\u00e9ens de ceux de la jeunesse fran\u00e7aise !<\/p>\n<p><strong>5\/ Comment l\u2019exp\u00e9rience cor\u00e9enne a-t-elle transform\u00e9 votre regard sur la France et la francophonie ?<\/strong><\/p>\n<p><em>Freddy et Fidelia <\/em>: la Cor\u00e9e du Sud a \u00e9largi notre horizon et notre vision. Au cours de notre formation, nous avons notre assembl\u00e9e d\u2019\u00e9glise accueillir des chr\u00e9tiens venus du Br\u00e9sil, de\u00a0Russie, des quatre coins du monde. La vision \u00e9tant d\u2019\u00eatre centr\u00e9 sur Christ seul, pr\u00eacher Christ seul, pour sauver les \u00e2mes par Christ seul. Participer aussi \u00e0 l\u2019\u00e9vang\u00e9lisation active dans un\u00a0pays fortement bouddhiste nous a aussi aguerris. Les chr\u00e9tiens cor\u00e9ens ont beaucoup d\u00e9velopp\u00e9 leurs \u00e9glises, et sont aujourd\u2019hui le deuxi\u00e8me pays au monde qui envoie le plus de\u00a0missionnaires, apr\u00e8s les Etats-Unis. Nous former en Cor\u00e9e du Sud dans ce contexte nous a\u00a0 donn\u00e9 plus d\u2019optimisme pour la francophonie. Bien-s\u00fbr, on ne peut pas tout faire pareil. La\u00a0 la\u00efcit\u00e9, en France, ne rend pas toujours les choses faciles, mais le contexte en Cor\u00e9e n\u2019\u00e9tait\u00a0 pas facile non plus et pourtant l\u2019\u00c9vangile y a beaucoup progress\u00e9, et a fait sortir ce pays, en\u00a0une g\u00e9n\u00e9ration, de la grande pauvret\u00e9. Pourquoi pas un r\u00e9veil en France ? Et dans la\u00a0 francophonie ? Aller en mission en Guin\u00e9e Conakry avec un ancien cor\u00e9en a \u00e9t\u00e9 r\u00e9v\u00e9lateur.\u00a0Cet ancien racontait que la Cor\u00e9e, dans sa jeunesse, \u00e9tait plus pauvre que la Guin\u00e9e. Mais les\u00a0choses peuvent changer. Le pasteur Ryu Kwang Su, visionnaire et fondateur de cette assembl\u00e9e\u00a0d\u2019\u00e9glises (que nous avons bien connu en Cor\u00e9e), a cr\u00e9\u00e9 une grande mobilisation pour l\u2019\u00e9vang\u00e9lisation mondiale au travers de la \u201cChambre haute\u201d selon le livre des Actes.\u00a0Seulement Christ au centre. C\u2019est possible en France !<\/p>\n","protected":false},"excerpt":{"rendered":"<p>Au fil d&rsquo;un long parcours de six ans en Cor\u00e9e du Sud entre 2014 et 2020, Freddy et Fidelia, venus de France, se sont form\u00e9s pour devenir pasteurs et missionnaires pour la francophonie. Un parcours hors normes, jusqu\u2019au doctorat, dont ce couple bivocationnel nous r\u00e9sume les \u00e9tapes saillantes. Entretien. &nbsp; 1\/ Freddy et Fidelia, pouvez-vous [&hellip;]<\/p>\n","protected":false},"author":3,"featured_media":983,"comment_status":"closed","ping_status":"closed","sticky":false,"template":"","format":"standard","meta":[],"categories":[1],"tags":[120,55,234,3,233,6],"_links":{"self":[{"href":"https:\/\/www.fil-info-francophonie.com\/index.php?rest_route=\/wp\/v2\/posts\/982"}],"collection":[{"href":"https:\/\/www.fil-info-francophonie.com\/index.php?rest_route=\/wp\/v2\/posts"}],"about":[{"href":"https:\/\/www.fil-info-francophonie.com\/index.php?rest_route=\/wp\/v2\/types\/post"}],"author":[{"embeddable":true,"href":"https:\/\/www.fil-info-francophonie.com\/index.php?rest_route=\/wp\/v2\/users\/3"}],"replies":[{"embeddable":true,"href":"https:\/\/www.fil-info-francophonie.com\/index.php?rest_route=%2Fwp%2Fv2%2Fcomments&post=982"}],"version-history":[{"count":1,"href":"https:\/\/www.fil-info-francophonie.com\/index.php?rest_route=\/wp\/v2\/posts\/982\/revisions"}],"predecessor-version":[{"id":984,"href":"https:\/\/www.fil-info-francophonie.com\/index.php?rest_route=\/wp\/v2\/posts\/982\/revisions\/984"}],"wp:featuredmedia":[{"embeddable":true,"href":"https:\/\/www.fil-info-francophonie.com\/index.php?rest_route=\/wp\/v2\/media\/983"}],"wp:attachment":[{"href":"https:\/\/www.fil-info-francophonie.com\/index.php?rest_route=%2Fwp%2Fv2%2Fmedia&parent=982"}],"wp:term":[{"taxonomy":"category","embeddable":true,"href":"https:\/\/www.fil-info-francophonie.com\/index.php?rest_route=%2Fwp%2Fv2%2Fcategories&post=982"},{"taxonomy":"post_tag","embeddable":true,"href":"https:\/\/www.fil-info-francophonie.com\/index.php?rest_route=%2Fwp%2Fv2%2Ftags&post=982"}],"curies":[{"name":"wp","href":"https:\/\/api.w.org\/{rel}","templated":true}]}}