{"id":961,"date":"2022-07-11T20:47:23","date_gmt":"2022-07-11T20:47:23","guid":{"rendered":"https:\/\/www.fil-info-francophonie.com\/?p=961"},"modified":"2022-07-12T20:49:49","modified_gmt":"2022-07-12T20:49:49","slug":"protestantisme-et-francophonie-enjeux-croises","status":"publish","type":"post","link":"https:\/\/www.fil-info-francophonie.com\/?p=961","title":{"rendered":"Protestantisme et francophonie, enjeux crois\u00e9s"},"content":{"rendered":"<p><em>Le sociologue des religions Jean-Paul Willaime nous livre son expertise en deux volets. <\/em><\/p>\n<p><em>\u00ab\u00a0Langues et religions ont des dimensions affectives\u00a0\u00bb (entretien 1\/2) <\/em><\/p>\n<p>&nbsp;<\/p>\n<div class=\"col-xs-12\">\n<p><em><strong>Auteur de nombreux ouvrages de r\u00e9f\u00e9rence en sociologie des protestantismes et en sciences sociales des religions<\/strong>, directeur d\u2019\u00e9tudes \u00e9m\u00e9rite \u00e0 l\u2019EPHE (section des sciences religieuses) et ancien directeur du laboratoire Groupe Soci\u00e9t\u00e9s Religions La\u00efcit\u00e9s (CNRS \/ EPHE-PSL), <strong>Jean-Paul Willaime est une autorit\u00e9 qui p\u00e8se dans le d\u00e9bat sur la place des religions dans les soci\u00e9t\u00e9s contemporaines. <\/strong><\/em><\/p>\n<p><em>R\u00e9guli\u00e8rement sollicit\u00e9 \u00e0 l\u2019\u00e9chelle internationale, notamment au Canada o\u00f9 il a d\u00e9livr\u00e9 en 2017 la Grande Conf\u00e9rence organis\u00e9e par l\u2019Universit\u00e9 d\u2019Ottawa dans le cadre de la Journ\u00e9e mondiale de la francophonie, ce sociologue transfronti\u00e8res a accept\u00e9 de revenir, dans un <strong>entretien en deux volets, sur les enjeux crois\u00e9s protestantisme \/ francophonie<\/strong>. <\/em><\/p>\n<p><strong>1\/ Jean-Paul Willaime, pouvez-vous vous pr\u00e9senter ?<\/strong><\/p>\n<p>Je suis n\u00e9 \u00e0 Charleville (Ardennes), d\u2019une m\u00e8re d\u2019origine belfortaine et d\u2019un p\u00e8re, originaire du Sedanais, tous deux protestants. j\u2019ai \u00e9t\u00e9 \u00e9duqu\u00e9 dans le protestantisme r\u00e9form\u00e9. <a title=\"mariage\" href=\"https:\/\/regardsprotestants.com\/nos-dossiers-thematiques\/catholiques-protestants-quelles-differences\/la-sacramentalite-du-mariage\/\" data-internallinksmanager029f6b8e52c=\"2\">Mari\u00e9<\/a> \u00e0 Annefieke Tenhaeff, de nationalit\u00e9 n\u00e9erlandaise, nous avons eu trois filles. Cinq de nos sept petits enfants vivent en Angleterre. J\u2019ai quelques bonnes raisons de me d\u00e9finir comme un homme des fronti\u00e8res\u00a0: n\u00e9 pr\u00e8s de la fronti\u00e8re belge, <a title=\"mariage\" href=\"https:\/\/regardsprotestants.com\/nos-dossiers-thematiques\/catholiques-protestants-quelles-differences\/la-sacramentalite-du-mariage\/\" data-internallinksmanager029f6b8e52c=\"2\">mari\u00e9<\/a> \u00e0 une hollandaise, ayant \u00e9tudi\u00e9 pr\u00e8s de la fronti\u00e8re allemande et collabor\u00e9 \u00e0 quelques projets franco-allemands, franchissant aujourd\u2019hui r\u00e9guli\u00e8rement le Channel pour voir mes petits-enfants franco-anglais, on comprendra que je me sente profond\u00e9ment europ\u00e9en.<\/p>\n<p>Mon parcours de formation, puis mes activit\u00e9s de recherches n\u2019ont fait que renforcer cette dimension europ\u00e9enne. \u00a0Au plan universitaire, de 1965 \u00e0 1975, j\u2019ai suivi des \u00e9tudes de th\u00e9ologie protestante, de philosophie et de sociologie aux Universit\u00e9s de Strasbourg (principalement), de Lausanne (une ann\u00e9e) et de Groningue aux Pays-Bas (une ann\u00e9e). J\u2019ai \u00e9galement effectu\u00e9, dans le cadre de la pr\u00e9paration de mon \u00e9tude sociologique sur les <a title=\"Les pr\u00eatres et les pasteurs\" href=\"https:\/\/regardsprotestants.com\/nos-dossiers-thematiques\/catholiques-protestants-quelles-differences\/les-pretres-et-les-pasteurs\/\" data-internallinksmanager029f6b8e52c=\"4\">pasteurs<\/a> de France, un s\u00e9jour de recherches \u00e0 l\u2019Universit\u00e9 de M\u00fcnster (RFA). Une mission d\u2019expertise pour le Conseil de l\u2019Europe ainsi que la participation \u00e0 une recherche sur \u00ab Ecole et religion \u00bb associant 8 pays d\u2019Europe m\u2019ont permis de conforter une posture intellectuelle m\u2019incitant \u00e0 regarder la France, y compris sa la\u00efcit\u00e9, au miroir de l\u2019Europe.<\/p>\n<p><strong>2\/ Vos travaux en sciences sociales sur le protestantisme se d\u00e9ploient sur un demi-si\u00e8cle. S\u2019il vous fallait retenir les trois plus grandes dynamiques d\u2019\u00e9volution observ\u00e9es sur la p\u00e9riode, quelles seraient-elles ?<\/strong><\/p>\n<blockquote><p>Mon engagement en sociologie des protestantismes, en gros des ann\u00e9es 1970 \u00e0 nos jours, m\u2019a confront\u00e9 \u00e0 trois importantes dynamiques d\u2019\u00e9volution.<\/p><\/blockquote>\n<p><strong>La premi\u00e8re grande dynamique<\/strong> est celle qui, dans le contexte de croissance \u00e9conomique et de fort optimisme s\u00e9culier des \u00ab\u00a0Trente glorieuses\u00a0\u00bb de 1945-1975, valorisa diverses \u00ab\u00a0th\u00e9ologies du monde\u00a0\u00bb. Pour faire face \u00e0 la perte de plausibilit\u00e9 du christianisme attest\u00e9e par la baisse des appartenances et des pratiques, on consid\u00e9ra qu\u2019il fallait \u00ab\u00a0rejoindre\u00a0\u00bb le monde s\u00e9culier en r\u00e9formant les structures eccl\u00e9siales, en \u00ab\u00a0d\u00e9mythologisant\u00a0\u00bb le christianisme et en pratiquant une \u00e9vang\u00e9lisation plus implicite qu\u2019explicite \u00e0 travers l\u2019action sociale et l\u2019engagement dans la cit\u00e9. \u00a0Cette premi\u00e8re dynamique est celle d\u2019un protestantisme qui se veut moderne, en phase avec son temps.<\/p>\n<p><strong>La seconde grande dynamique<\/strong> est celle du protestantisme <a title=\"Les \u00e9vang\u00e9liques\" href=\"https:\/\/regardsprotestants.com\/nos-dossiers-thematiques\/les-differentes-familles-protestantes\/les-evangeliques\/\" data-internallinksmanager029f6b8e52c=\"22\">\u00e9vang\u00e9lique<\/a> qui, en partie en r\u00e9action aux strat\u00e9gies d\u2019enfouissement valoris\u00e9es par la premi\u00e8re dynamique, pr\u00e9conisa une \u00e9vang\u00e9lisation explicite et la n\u00e9cessit\u00e9 pour chaque croyant de t\u00e9moigner de sa foi \u00e0 travers l\u2019exemple de sa vie transform\u00e9e. Cette dynamique se traduisit par l\u2019\u00e9mergence de nombreuses \u00e9glises locales de tendance \u00ab pi\u00e9tiste-orthodoxe \u00bb ou, surtout, de tendance \u00ab charismatique-pentec\u00f4tiste \u00bb selon votre pertinente distinction. M\u00eame si certaines de ces \u00e9glises ne rassemblent qu\u2019un nombre limit\u00e9 de convertis, elles sont tr\u00e8s actives. Le monde protestant \u00e9vang\u00e9lique se caract\u00e9rise aussi par une forte diversit\u00e9 culturelle \u00e0 travers des \u00e9glises d\u2019expression africaine, antillaise, chinoise, tzigane. Cette seconde dynamique est celle d\u2019un protestantisme identitaire et contre-culturel (1).<\/p>\n<p><strong>D\u00e9confessionnalisation et d\u00e9nationalisation<\/strong><\/p>\n<p><strong>La troisi\u00e8me grande dynamique<\/strong> d\u00e9passe aussi bien les d\u00e9limitations confessionnelles traditionnelles en termes de protestants ou de catholiques que les fronti\u00e8risations nationales classiques du christianisme. Il s\u2019agit d\u2019un christianisme \u00e0 la fois post-confessionnel et post-national, soit d\u2019un pan-christianisme d\u00e9confessionnalis\u00e9 qui bouscule aussi bien le catholicisme que le protestantisme tant \u00e9vang\u00e9lique classique que \u00a0luth\u00e9ro-r\u00e9form\u00e9. Les six m\u00e9ga-\u00e9glises que compte notre pays attirent chaque dimanche des milliers de personnes. Elles incarnent une nouvelle fa\u00e7on de faire communaut\u00e9 en religion. La communaut\u00e9 \u0153cum\u00e9nique de Taiz\u00e9 et les divers rassemblements, notamment de jeunes, qu\u2019elle organise \u00e0 travers le monde participe aussi de cette troisi\u00e8me dynamique qui est celle d\u2019un protestantisme en voie de d\u00e9confessionnalisation et de d\u00e9nationalisation.<em>\u00a0<\/em><\/p>\n<p><strong>3\/ Ces \u00e9volutions et lignes de force sont-elles structurelles ?<\/strong><em>\u00a0<\/em><\/p>\n<p>Oui, chacune de ces dynamiques manifeste une tendance qui travaille structurellement l\u2019univers protestant du XVI\u00e8me si\u00e8cles \u00e0 nos jours\u00a0:<\/p>\n<ul>\n<li>D\u2019abord, la critique du retrait monacal du monde au profit de la valorisation de l\u2019engagement chr\u00e9tien dans le monde\u00a0;<\/li>\n<li>Ensuite, le sacerdoce universel des croyants, qui incite chaque individu \u00e0 t\u00e9moigner\u00a0et \u00e0 faire des disciples;<\/li>\n<li>Enfin, la relativisation des institutions eccl\u00e9siastiques et des traditions confessionnelles au profit d\u2019un pan-christianisme. <em>\u00a0 \u00a0 \u00a0 \u00a0 \u00a0 \u00a0 \u00a0 \u00a0 \u00a0 \u00a0 \u00a0 \u00a0 \u00a0<\/em><\/li>\n<\/ul>\n<p><strong>4\/ Quel regard portez-vous aujourd\u2019hui sur les protestantismes francophones ?\u00a0<\/strong><strong>A commencer par leurs r\u00e9seaux europ\u00e9ens, mais aussi trans-m\u00e9diterran\u00e9e (Afrique) et transatlantiques (Canada) ?<\/strong><\/p>\n<p>Permettez-moi tout d\u2019abord une consid\u00e9ration th\u00e9orique. II y a une affinit\u00e9 entre langue et religion. On apprend \u00e0 lire le monde\u00a0et \u00e0 dire sa condition humaine \u00e0 travers une langue et bien souvent \u00e9galement \u00e0 travers une religion. La langue que l\u2019on qualifie de maternelle comme la religion dans laquelle on a \u00e9t\u00e9 socialis\u00e9 en premier nous marquent profond\u00e9ment, elles sont des dimensions importantes de notre identit\u00e9, elles nourrissent nos fa\u00e7ons d\u2019habiter le monde, mettent en mots et en r\u00e9cits la condition humaine.<\/p>\n<p>Langue et religion ont des dimensions affectives. Elles g\u00e9n\u00e8rent des sentiments communautaires. \u00a0Ces deux dimensions, la religieuse et la linguistique, peuvent se superposer comme le montre l\u2019identit\u00e9 qu\u00e9b\u00e9coise qui s\u2019est affirm\u00e9e en m\u00ealant catholicisme et langue fran\u00e7aise face aux Canadiens anglophones et protestants. Mais, s\u2018agissant du Canada, on est d\u2019embl\u00e9e confront\u00e9 \u00e0 l\u2019importance de la minorit\u00e9 anglophone au Qu\u00e9bec, en particulier \u00e0 Montr\u00e9al, ainsi qu\u2019\u00e0 l\u2019importance de la minorit\u00e9 francophone, un million de personnes, au sein du Canada dit \u00ab\u00a0anglais\u00a0\u00bb. J\u2019ai \u00e9t\u00e9 invit\u00e9 par l\u2019Universit\u00e9 d\u2019Ottawa \u00e0 prononcer en mars 2017 la \u00ab\u00a0Grande conf\u00e9rence\u00a0\u00bb\u00a0 de la Journ\u00e9e internationale de la francophonie,\u00a0 sur le th\u00e8me \u00ab\u00a0Polarisation autour du religieux en francophonie ?\u00a0\u00bb (2). On m\u2019avait pr\u00e9venu\u00a0: il y aurait, et il y eut effectivement, une part importante de \u00ab\u00a0franco-ontariens\u00a0\u00bb dans mon auditoire.<\/p>\n<h3>\u00ab\u00a0Dynamique francophone du continent africain\u00a0\u00bb<\/h3>\n<p><strong>5\/ Et les principales dynamiques francophones protestantes, quelles sont-elles ?<\/strong><em>\u00a0<\/em><\/p>\n<p>Sur la francophonie protestante, je ferai quatre remarques.<\/p>\n<ul>\n<li>Pour rappeler tout d\u2019abord qu\u2019une des grandes r\u00e9formes du XVI\u00e8me si\u00e8cle, la r\u00e9forme calviniste se fit en fran\u00e7ais et que la somme th\u00e9ologique \u00e9crite par le Fran\u00e7ais Jean Calvin : <em>L\u2019institution de la Religion Chr\u00e9tienne<\/em> repr\u00e9sente une importante contribution \u00e0 la langue fran\u00e7aise.<\/li>\n<\/ul>\n<ul>\n<li>Ensuite pour souligner l\u2019importance d\u00e9mographique de cette francophonie protestante que j\u2019\u00e9value, en 2022, \u00e0 50 millions de personnes dans une francophonie de 321 millions (selon le rapport de 2022 de l\u2019Organisation internationale de la francophonie).<\/li>\n<\/ul>\n<ul>\n<li>Pour noter enfin l\u2019importance, au sein de cette francophonie protestante des protestants de l\u2019Afrique subsaharienne, en particulier congolaise. Cette troisi\u00e8me caract\u00e9ristique de la francophonie protestante confirme ce que le rapport susmentionn\u00e9 souligne, \u00e0 savoir que si la francophonie progresse dans le monde, c\u2019est principalement gr\u00e2ce \u00e0 la dynamique francophone du continent africain.\u00a0 Cette dynamique est d\u2019autant plus forte que les francophones d\u2019Afrique subsaharienne et du Maghreb sont particuli\u00e8rement jeunes et constituent un potentiel de croissance pour la francophonie.<\/li>\n<\/ul>\n<ul>\n<li>Pour autant, il ne faut pas oublier la francophonie protestante des Antillais, des R\u00e9unionnais, des Malgaches, de la Polyn\u00e9sie fran\u00e7aise\u2026 et la francophonie protestante europ\u00e9enne (Belgique, Suisse, Eglises vaudoises en Italie,\u00a0 Eglises wallonnes aux Pays-Bas\u2026). La francophonie se d\u00e9ploie sur tous les continents.<\/li>\n<\/ul>\n<p>&nbsp;<\/p>\n<p>(1) Sur la diversit\u00e9 protestante, voir notamment Jean-Paul Willaime, <em>La pr\u00e9carit\u00e9 protestante, Sociologie du protestantisme contemporain<\/em>, Gen\u00e8ve, Labor et Fides, 1992, r\u00e9\u00e9dit\u00e9 plusieurs fois, et <em>La nouvelle France protestante, essor et recomposition au XXIe si\u00e8cle<\/em>, Gen\u00e8ve, Labor et Fides, 2022<\/p>\n<p>(2) Sur les enjeux de polarisation du paysage religieux contemporain, voir en particulier <em>La Religion dans la France contemporaine<\/em>, Armand Colin, 2021, co-dirig\u00e9 par Jean-Paul Willaime et Philippe Portier<\/p>\n<\/div>\n","protected":false},"excerpt":{"rendered":"<p>Le sociologue des religions Jean-Paul Willaime nous livre son expertise en deux volets. \u00ab\u00a0Langues et religions ont des dimensions affectives\u00a0\u00bb (entretien 1\/2) &nbsp; Auteur de nombreux ouvrages de r\u00e9f\u00e9rence en sociologie des protestantismes et en sciences sociales des religions, directeur d\u2019\u00e9tudes \u00e9m\u00e9rite \u00e0 l\u2019EPHE (section des sciences religieuses) et ancien directeur du laboratoire Groupe Soci\u00e9t\u00e9s [&hellip;]<\/p>\n","protected":false},"author":3,"featured_media":962,"comment_status":"closed","ping_status":"closed","sticky":false,"template":"","format":"standard","meta":[],"categories":[1],"tags":[97,3,228,6],"_links":{"self":[{"href":"https:\/\/www.fil-info-francophonie.com\/index.php?rest_route=\/wp\/v2\/posts\/961"}],"collection":[{"href":"https:\/\/www.fil-info-francophonie.com\/index.php?rest_route=\/wp\/v2\/posts"}],"about":[{"href":"https:\/\/www.fil-info-francophonie.com\/index.php?rest_route=\/wp\/v2\/types\/post"}],"author":[{"embeddable":true,"href":"https:\/\/www.fil-info-francophonie.com\/index.php?rest_route=\/wp\/v2\/users\/3"}],"replies":[{"embeddable":true,"href":"https:\/\/www.fil-info-francophonie.com\/index.php?rest_route=%2Fwp%2Fv2%2Fcomments&post=961"}],"version-history":[{"count":1,"href":"https:\/\/www.fil-info-francophonie.com\/index.php?rest_route=\/wp\/v2\/posts\/961\/revisions"}],"predecessor-version":[{"id":963,"href":"https:\/\/www.fil-info-francophonie.com\/index.php?rest_route=\/wp\/v2\/posts\/961\/revisions\/963"}],"wp:featuredmedia":[{"embeddable":true,"href":"https:\/\/www.fil-info-francophonie.com\/index.php?rest_route=\/wp\/v2\/media\/962"}],"wp:attachment":[{"href":"https:\/\/www.fil-info-francophonie.com\/index.php?rest_route=%2Fwp%2Fv2%2Fmedia&parent=961"}],"wp:term":[{"taxonomy":"category","embeddable":true,"href":"https:\/\/www.fil-info-francophonie.com\/index.php?rest_route=%2Fwp%2Fv2%2Fcategories&post=961"},{"taxonomy":"post_tag","embeddable":true,"href":"https:\/\/www.fil-info-francophonie.com\/index.php?rest_route=%2Fwp%2Fv2%2Ftags&post=961"}],"curies":[{"name":"wp","href":"https:\/\/api.w.org\/{rel}","templated":true}]}}