{"id":951,"date":"2022-06-27T07:55:43","date_gmt":"2022-06-27T07:55:43","guid":{"rendered":"https:\/\/www.fil-info-francophonie.com\/?p=951"},"modified":"2022-06-29T08:00:24","modified_gmt":"2022-06-29T08:00:24","slug":"decouvrir-les-eglises-wallonnes-des-pays-bas","status":"publish","type":"post","link":"https:\/\/www.fil-info-francophonie.com\/?p=951","title":{"rendered":"D\u00e9couvrir les Eglises wallonnes des Pays-Bas"},"content":{"rendered":"<p><em>Une \u00c9glise protestante originale, r\u00e9solument francophone, qui s&rsquo;inscrit en droite ligne dans l&rsquo;h\u00e9ritage huguenot du Refuge : c&rsquo;est l&rsquo;\u00c9glise wallonne d&rsquo;Utrecht.<\/em><\/p>\n<p>&nbsp;<\/p>\n<p>A l\u2019occasion d\u2019un passage \u00e0 Utrecht (Pays-Bas), en mai 2022, l\u2019opportunit\u00e9 s\u2019est pr\u00e9sent\u00e9e de d\u00e9couvrir une <a title=\"Qu\u2019est-ce qui fait l\u2019\u00c9glise ?\" href=\"https:\/\/regardsprotestants.com\/nos-dossiers-thematiques\/catholiques-protestants-quelles-differences\/quest-ce-qui-fait-leglise\/\" data-internallinksmanager029f6b8e52c=\"20\">\u00c9glise<\/a> protestante originale, r\u00e9solument francophone, qui se r\u00e9unit chaque dimanche pour le culte dans la plus vieille \u00c9glise de la ville, l\u2019\u00c9glise Saint Pierre. Son nom ? L\u2019\u00c9glise wallonne d\u2019Utrecht (Waalse Kerk en n\u00e9erlandais). Rattach\u00e9e \u00e0 un r\u00e9seau d\u2019une grosse douzaine d\u2019\u00c9glises, elle s\u2019inscrit en droite ligne dans l\u2019h\u00e9ritage huguenot du Refuge.<\/p>\n<h3>Premier refuge (Tournai)<\/h3>\n<p>Mais avant m\u00eame le Refuge huguenot, c\u2019est une premi\u00e8re diaspora francophone, arriv\u00e9e un si\u00e8cle auparavant, qui est \u00e0 l\u2019origine de l\u2019\u00c9glise wallonne des Pays-Bas. Il s\u2019agit des protestants de Tournai, en Wallonie, venus se r\u00e9fugier plus au Nord. D\u00e8s 1583, une \u00c9glise r\u00e9form\u00e9e wallonne d\u2019Utrecht na\u00eet ainsi, sous le sceau du refuge, accueillant des protestants francophones venus de ce qui correspond aujourd\u2019hui au territoire de la Belgique.<\/p>\n<h3>Second refuge (Huguenots)<\/h3>\n<p>Apr\u00e8s la R\u00e9vocation de l\u2019\u00c9dit de Nantes par Louis XIV en 1685, une nouvelle s\u00e9quence s\u2019ouvre. Le grand Refuge jette alors sur les routes de l\u2019exil, en quelques ann\u00e9es, environ 200.000 protestants du Royaume de France, emp\u00each\u00e9s de vivre d\u00e9sormais leur foi sur leur terre natale. C\u2019est le second Refuge, et le plus important num\u00e9riquement. Il est \u00e0 la source du d\u00e9veloppement des \u00c9glises wallonnes francophones \u00e0 Utrecht et dans de nombreuses villes n\u00e9erlandaises.<\/p>\n<p><strong>Car les Provinces Unies (Pays-Bas aujourd\u2019hui) ont \u00e9t\u00e9 la principale terre accueil de ces huguenots venus de France<\/strong>. Environ 75.000 d\u2019entre eux auraient trouv\u00e9, aux Pays-Bas protestants, le havre pour retrouver l\u2019espoir et reconstruire leur vie. Tous ne sont pas rest\u00e9s. Les Provinces Unies, plus encore que Frankfort, sont alors une plaque tournante, permettant de r\u00e9\u00e9migrer facilement. Mais une tr\u00e8s robuste pr\u00e9sence protestante francophone issue du Refuge huguenot s\u2019est maintenue.<\/p>\n<blockquote><p>La grande majorit\u00e9 de ces protestants fran\u00e7ais s\u2019est peu \u00e0 peu int\u00e9gr\u00e9e dans les \u00e9glises n\u00e9erlandaises protestantes existantes. Mais d\u2019autres ont tenu \u00e0 conserver vivante leur pratique cultuelle de la langue fran\u00e7aise, structurant peu \u00e0 peu un r\u00e9seau significatif d\u2019\u00c9glises protestantes francophones, toutes tr\u00e8s attach\u00e9es \u00e0 leur particularisme linguistique. Accueil, lectures de <a title=\"Bible protestante en ligne : notre s\u00e9lection\" href=\"https:\/\/regardsprotestants.com\/bible-protestante-en-ligne\/\" data-internallinksmanager029f6b8e52c=\"11\">Bible<\/a>, sermon, chants, liturgie, <a title=\"La pri\u00e8re chez les protestants\" href=\"https:\/\/regardsprotestants.com\/la-priere-chez-les-protestants\/\" data-internallinksmanager029f6b8e52c=\"17\">pri\u00e8re<\/a>, tout est fait en langue fran\u00e7aise.<\/p><\/blockquote>\n<h3>Troisi\u00e8me refuge (Africains francophones)<\/h3>\n<p>A leur apog\u00e9e, ces \u00c9glises wallonnes francophones des Pays-Bas sont au nombre de 80. Elles sont aujourd\u2019hui r\u00e9duite \u00e0 treize, et sont localis\u00e9es \u00e0 Amsterdam, Arnhem, Breda, Delft, Dordrecht, Groningue, Haarlem, La Haye, Leyde, Middelbourg, Rotterdam, Utrecht, Zwolle-Maastricht. Conscientes de la n\u00e9cessit\u00e9 de renouveler leur vivier, ces \u00c9glises de th\u00e9ologie calviniste tablent aujourd\u2019hui sur ce qu\u2019elles appellent un \u00ab\u00a0troisi\u00e8me Refuge\u00a0\u00bb : <strong>le d\u00e9fi d\u2019accueillir les migrants africains francophones et protestants qui arrivent aux Pays-Bas.<\/strong> Entre le d\u00e9sir et la r\u00e9alit\u00e9, il y a un \u00e9cart\u2026. Mais la vitalit\u00e9 des communaut\u00e9s actuelles, m\u00eame petites en taille, augurent d\u2019une capacit\u00e9 d\u2019adaptation aux r\u00e9alit\u00e9s de la francophonie du XXIe si\u00e8cle.<\/p>\n<p>Disposant d\u2019un beau site internet en fran\u00e7ais, avec une rubrique historique<a href=\"https:\/\/regardsprotestants.com\/francophonie\/decouvrir-les-eglises-wallonnes-des-pays-bas\/#_ftn1\" name=\"_ftnref1\">[1]<\/a>, elles proposent aussi un bulletin mensuel tr\u00e8s agr\u00e9able, combinant informations et r\u00e9flexions, y compris parfois extraites de la presse protestante fran\u00e7aise<a href=\"https:\/\/regardsprotestants.com\/francophonie\/decouvrir-les-eglises-wallonnes-des-pays-bas\/#_ftn2\" name=\"_ftnref2\">[2]<\/a>.<\/p>\n<blockquote><p>Accueil, th\u00e9ologie de la gr\u00e2ce, accent sur la Bible, inclusivit\u00e9 et volont\u00e9 d\u2019articuler foi et enjeux contemporains caract\u00e9risent ces assembl\u00e9es.<\/p><\/blockquote>\n<p><strong>Dans un pays vuln\u00e9rable \u00e0 la mont\u00e9e des eaux, particuli\u00e8rement pr\u00e9occup\u00e9 par les cons\u00e9quences concr\u00e8tes du d\u00e9r\u00e8glement climatique sur le niveau de la mer, l\u2019attention port\u00e9e \u00e0 l\u2019environnement constitue un axe d\u2019engagement fort.<\/strong> Dans le bulletin des Eglises wallonnes de mai 2022, on peut ainsi lire : <em>\u00ab\u00a0Nous consid\u00e9rons l\u2019appel \u00e0 devenir \u00c9glise verte comme une mission en vue de la sauvegarde de la cr\u00e9ation, la pr\u00e9servation et la durabilit\u00e9 des ressources terrestres. Nous redisons notre vision d\u2019un monde de paix, de justice et d\u2019amour : cela signifie entre autres l\u2019engagement de l\u2019\u00e9glise, de nos paroisses et de nos communaut\u00e9s \u00e0 respecter la vie dans toutes ses manifestations\u00a0\u00bb<\/em><a href=\"https:\/\/regardsprotestants.com\/francophonie\/decouvrir-les-eglises-wallonnes-des-pays-bas\/#_ftn3\" name=\"_ftnref3\">[3]<\/a><\/p>\n<p><strong>Le d\u00e9sir de cultiver des passerelles avec d\u2019autres espaces francophones est tr\u00e8s marqu\u00e9 aussi<\/strong>, \u00e0 l\u2019image de la Commission \u00ab\u00a0Mission, <a title=\"Diaconie et protestantisme\" href=\"https:\/\/regardsprotestants.com\/diaconie-et-protestantisme\/\" data-internallinksmanager029f6b8e52c=\"5\">Diaconie<\/a>, \u0152cum\u00e9nisme\u00a0\u00bb, actuellement pr\u00e9sid\u00e9e par le <a title=\"La sexualit\u00e9 des pasteurs\" href=\"https:\/\/regardsprotestants.com\/la-sexualite-des-pasteurs\/\" data-internallinksmanager029f6b8e52c=\"15\">pasteur<\/a> Out, de l\u2019\u00c9glise wallonne de La Haye.<\/p>\n<p>Autre t\u00e9moignage de cet attachement \u00e0 travailler les liens de la francophonie: <strong>depuis 2020, les \u00c9glises wallonnes des Pays Bas ont ralli\u00e9 la CEEFE (Communaut\u00e9 des \u00c9glises Francophones \u00e0 l\u2019\u00c9tranger)<\/strong>, dont le directeur actuel est le Fran\u00e7ais Christian Seytre. Ouvrant de nouvelles potentialit\u00e9s d\u2019\u00e9change, et, pourquoi pas, de jumelages.<\/p>\n<p>&nbsp;<\/p>\n<p><a href=\"https:\/\/regardsprotestants.com\/francophonie\/decouvrir-les-eglises-wallonnes-des-pays-bas\/#_ftnref1\" name=\"_ftn1\">[1]<\/a> https:\/\/www.egliseswallonnes.nl\/fr\/histoire\/<\/p>\n<p><a href=\"https:\/\/regardsprotestants.com\/francophonie\/decouvrir-les-eglises-wallonnes-des-pays-bas\/#_ftnref2\" name=\"_ftn2\">[2]<\/a> Cf. la reproduction d\u2019un \u00e9ditorial de Jean-<a title=\"La Vierge Marie dans le monde protestant\" href=\"https:\/\/regardsprotestants.com\/la-vierge-marie-dans-le-monde-protestant\/\" data-internallinksmanager029f6b8e52c=\"9\">Marie<\/a> de Bourqueney intitul\u00e9 \u00ab\u00a0Le rite est fondamental\u00a0\u00bb, \u00c9cho Wallon, Bulletin des \u00c9glises wallonnes aux Pays-Bas, mai 2022\/5, p.18 et 19.<\/p>\n<p><a href=\"https:\/\/regardsprotestants.com\/francophonie\/decouvrir-les-eglises-wallonnes-des-pays-bas\/#_ftnref3\" name=\"_ftn3\">[3]<\/a> \u00ab\u00a0Confession de foi environnementale\u00a0\u00bb, cit\u00e9 par le pasteur Dewandeler dans <em>Echo Wallon, Bulletin des \u00c9glises wallonnes aux Pays-Bas, mai 2022\/5, p.22<\/em><\/p>\n<p><a href=\"https:\/\/www.fil-info-francophonie.com\/wp-content\/uploads\/2022\/06\/Echo-wallon.jpg\"><img decoding=\"async\" loading=\"lazy\" class=\"size-large wp-image-952 aligncenter\" src=\"https:\/\/www.fil-info-francophonie.com\/wp-content\/uploads\/2022\/06\/Echo-wallon-686x1024.jpg\" alt=\"Echo wallon\" width=\"686\" height=\"1024\" srcset=\"https:\/\/www.fil-info-francophonie.com\/wp-content\/uploads\/2022\/06\/Echo-wallon-686x1024.jpg 686w, https:\/\/www.fil-info-francophonie.com\/wp-content\/uploads\/2022\/06\/Echo-wallon-201x300.jpg 201w, https:\/\/www.fil-info-francophonie.com\/wp-content\/uploads\/2022\/06\/Echo-wallon.jpg 1271w\" sizes=\"(max-width: 686px) 100vw, 686px\" \/><\/a><\/p>\n","protected":false},"excerpt":{"rendered":"<p>Une \u00c9glise protestante originale, r\u00e9solument francophone, qui s&rsquo;inscrit en droite ligne dans l&rsquo;h\u00e9ritage huguenot du Refuge : c&rsquo;est l&rsquo;\u00c9glise wallonne d&rsquo;Utrecht. &nbsp; A l\u2019occasion d\u2019un passage \u00e0 Utrecht (Pays-Bas), en mai 2022, l\u2019opportunit\u00e9 s\u2019est pr\u00e9sent\u00e9e de d\u00e9couvrir une \u00c9glise protestante originale, r\u00e9solument francophone, qui se r\u00e9unit chaque dimanche pour le culte dans la plus vieille [&hellip;]<\/p>\n","protected":false},"author":3,"featured_media":952,"comment_status":"closed","ping_status":"closed","sticky":false,"template":"","format":"standard","meta":[],"categories":[1],"tags":[224,62,72,6,225],"_links":{"self":[{"href":"https:\/\/www.fil-info-francophonie.com\/index.php?rest_route=\/wp\/v2\/posts\/951"}],"collection":[{"href":"https:\/\/www.fil-info-francophonie.com\/index.php?rest_route=\/wp\/v2\/posts"}],"about":[{"href":"https:\/\/www.fil-info-francophonie.com\/index.php?rest_route=\/wp\/v2\/types\/post"}],"author":[{"embeddable":true,"href":"https:\/\/www.fil-info-francophonie.com\/index.php?rest_route=\/wp\/v2\/users\/3"}],"replies":[{"embeddable":true,"href":"https:\/\/www.fil-info-francophonie.com\/index.php?rest_route=%2Fwp%2Fv2%2Fcomments&post=951"}],"version-history":[{"count":2,"href":"https:\/\/www.fil-info-francophonie.com\/index.php?rest_route=\/wp\/v2\/posts\/951\/revisions"}],"predecessor-version":[{"id":954,"href":"https:\/\/www.fil-info-francophonie.com\/index.php?rest_route=\/wp\/v2\/posts\/951\/revisions\/954"}],"wp:featuredmedia":[{"embeddable":true,"href":"https:\/\/www.fil-info-francophonie.com\/index.php?rest_route=\/wp\/v2\/media\/952"}],"wp:attachment":[{"href":"https:\/\/www.fil-info-francophonie.com\/index.php?rest_route=%2Fwp%2Fv2%2Fmedia&parent=951"}],"wp:term":[{"taxonomy":"category","embeddable":true,"href":"https:\/\/www.fil-info-francophonie.com\/index.php?rest_route=%2Fwp%2Fv2%2Fcategories&post=951"},{"taxonomy":"post_tag","embeddable":true,"href":"https:\/\/www.fil-info-francophonie.com\/index.php?rest_route=%2Fwp%2Fv2%2Ftags&post=951"}],"curies":[{"name":"wp","href":"https:\/\/api.w.org\/{rel}","templated":true}]}}