{"id":945,"date":"2022-06-24T14:17:41","date_gmt":"2022-06-24T14:17:41","guid":{"rendered":"https:\/\/www.fil-info-francophonie.com\/?p=945"},"modified":"2022-06-25T14:19:42","modified_gmt":"2022-06-25T14:19:42","slug":"70-des-adventistes-en-france-sont-bases-en-outremer","status":"publish","type":"post","link":"https:\/\/www.fil-info-francophonie.com\/?p=945","title":{"rendered":"\u00ab 70% des Adventistes en France sont bas\u00e9s en Outremer \u00bb"},"content":{"rendered":"<p><em>Le point sur le monde adventiste en France avec le sociologue Fabrice Desplan. <\/em><\/p>\n<p><em>Entretien 1\/2<\/em><\/p>\n<p>&nbsp;<\/p>\n<article id=\"post-132177\" class=\"article-single post-132177 post type-post status-publish format-standard has-post-thumbnail hentry category-francophonie auteur-sebastien-fath\">\n<div class=\"contenu-article container\">\n<div class=\"row\">\n<div class=\"col-xs-12\">\n<p><strong><em>Sp\u00e9cialis\u00e9 sur l\u2019adventisme et les probl\u00e9matiques sociales et religieuses antillaises, auteur de plusieurs ouvrages, Fabrice Desplan nous partage son regard de sociologue sur les \u00e9volutions r\u00e9centes du monde <a title=\"Les adventistes\" href=\"https:\/\/regardsprotestants.com\/nos-dossiers-thematiques\/les-differentes-familles-protestantes\/les-adventistes\/\" data-internallinksmanager029f6b8e52c=\"24\">adventiste<\/a> de France, en lien avec la francophonie. Premier volet de l\u2019interview.<\/em>\u00a0<\/strong><\/p>\n<p><strong>1\/ Fabrice Desplan, pouvez-vous vous pr\u00e9senter ?<\/strong><\/p>\n<p>Apr\u00e8s une ma\u00eetrise de sociologie \u00e0 l\u2019Universit\u00e9 de Lille 1 sous la direction de Bruno Duriez, intitul\u00e9e <em>Analyse sociologique d\u2019un groupe religieux minoritaire. Les adventistes du 7\u00e8me Jour<\/em>, j\u2019ai poursuivi mes recherches dans ce domaine via une th\u00e8se de doctorat. Soutenue en 2005 \u00e0 l\u2019Universit\u00e9 de Lille III, cette th\u00e8se s\u2019intitule <em>Structuration de l\u2019action collective adventiste : approche d\u2019un groupe religieux minoritaire dans le Nord de la France<\/em>.<\/p>\n<p>J\u2019ai depuis publi\u00e9 plusieurs ouvrages, dont <em>Ces protestants que l\u2019on dit adventistes<\/em> (L\u2019Harmattan, 2012, en codirection avec R\u00e9gis Dericquebourg) et <em>Regards crois\u00e9s sur l\u2019Eglise adventiste du septi\u00e8me jour<\/em> (ed Vie et Sant\u00e9, 2016). Actuellement, install\u00e9 \u00e0 Lille, je m\u00e8ne des recherches et r\u00e9alise des actions dont l\u2019ambition est d\u2019irriguer, humblement, la soci\u00e9t\u00e9 des valeurs protestantes. J\u2019assume une sociologie \u00e0 \u00e9thique protestante, active et au service de tous. Concr\u00e8tement, je conseille des structures de sant\u00e9 sur les probl\u00e9matiques \u00e9thiques et manag\u00e9riales. Je r\u00e9alise des expertises pour des commanditaires autour du fait religieux. Enfin, j\u2019observe les enjeux sociaux actuels de la soci\u00e9t\u00e9 antillaise en entretenant des liens avec des chercheurs locaux et des leaders d\u2019opinion.<\/p>\n<p><strong>2\/ Vous \u00eates un grand sp\u00e9cialiste de l\u2019adventisme en France. <\/strong><strong>Quel regard portez-vous sur ses relations avec l\u2019Outremer francophone ?<\/strong><\/p>\n<blockquote><p>La croissance de l\u2019adventisme en France doit beaucoup \u00e0 la migration et \u00e0 l\u2019apport de francophones ultramarins.<\/p><\/blockquote>\n<p>La r\u00e9flexion adventiste \u00e0 ce sujet \u00e9volue. 70% des 54\u00a0000 Adventistes en France sont bas\u00e9s en Outremer, essentiellement en Guadeloupe et en Martinique<a href=\"https:\/\/regardsprotestants.com\/francophonie\/70-des-adventistes-en-france-sont-bases-en-outremer\/#_ftn1\" name=\"_ftnref1\">[1]<\/a>. Les Antillais sont proportionnellement surrepr\u00e9sent\u00e9s au sein de la SDA dans l\u2019hexagone, par rapport \u00e0 leur pr\u00e9sence dans la population globale. Par ailleurs, les migrations issues du processus de d\u00e9colonisation ont permis l\u2019arriv\u00e9e de minorit\u00e9s issues de l\u2019ancien Empire colonial (Madagascar, Afrique de l\u2019Ouest et central). Ceci favorise une certaine circulation francophone.<\/p>\n<p><strong>3\/ L\u2019adventisme en France s\u2019est-il nourri aussi d\u2019autres apports ? O\u00f9 en est sa r\u00e9flexion sur ces questions ?<\/strong><\/p>\n<blockquote><p>Il y a aussi l\u2019apport d\u2019adventistes d\u2019Europe de l\u2019Est, du Br\u00e9sil, et plus anciennement de l\u2019Europe du Sud. Bien qu\u2019\u00e9tant une situation ancienne, l\u2019impact de ces apports d\u00e9mographiques suscite aujourd\u2019hui une r\u00e9flexion renouvel\u00e9e.<\/p><\/blockquote>\n<p>On constate une attention accrue port\u00e9e par les institutions adventistes pour mieux appr\u00e9hender les effets de cette croissance sur l\u2019acceptation de l\u2019adventisme dans l\u2019Hexagone. C\u2019est particuli\u00e8rement le cas au sein de la F\u00e9d\u00e9ration France Sud des \u00e9glises adventistes, qui sollicite les expertises en sciences humaines, ce qui aide \u00e0 produire une nouvelle acuit\u00e9 eccl\u00e9siologique<a href=\"https:\/\/regardsprotestants.com\/francophonie\/70-des-adventistes-en-france-sont-bases-en-outremer\/#_ftn2\" name=\"_ftnref2\">[2]<\/a>.<\/p>\n<p><strong>4\/ Et qu\u2019en est-il des r\u00e9seaux adventistes aujourd\u2019hui\u00a0?<\/strong><\/p>\n<p><img decoding=\"async\" loading=\"lazy\" class=\"wp-image-132187 img-responsive alignleft\" src=\"https:\/\/regardsprotestants.com\/wp-content\/uploads\/2022\/06\/9782296068384-475x500-1.jpg\" alt=\"\" width=\"254\" height=\"386\" \/>La mise en r\u00e9seau fonctionne bien, avec diverses institutions protestantes repr\u00e9sentatives. Elle montre un d\u00e9centrement identitaire de la SDA qui au d\u00e9part, \u00e0 ses d\u00e9buts avait plut\u00f4t voulu s\u2019isoler des autres r\u00e9seaux protestants. L\u2019entr\u00e9e dans la FPF, les \u00e9changes avec le Conseil National des Evang\u00e9liques de France (CNEF) et, auparavant, avec l\u2019AEF (Alliance Evang\u00e9lique de France), les liens avec le r\u00e9seau FEF, illustrent une \u00e8re du dialogue et de travail en commun. La collaboration de la Facult\u00e9 adventiste de Collonges avec d\u2019autres Instituts protestants et laboratoires publics est aussi tr\u00e8s r\u00e9v\u00e9latrice.<\/p>\n<p>Les liens universitaires se sont intensifi\u00e9s entre la Facult\u00e9 adventiste de Collonges et l\u2019Institut l\u00e9manique de Th\u00e9ologie pratique, l\u2019Institut catholique de Paris ou encore l\u2019Institut Protestant de Th\u00e9ologie. Nous sommes bien loin des premi\u00e8res heures de la SDA o\u00f9 Ellen G. White, leader charismatique et historique, d\u00e9clarait que \u00ab\u00a0le nom adventiste du septi\u00e8me jour sera un reproche constant au monde protestant\u00a0\u00bb.<\/p>\n<p><strong>5\/ Rep\u00e9rez-vous d\u2019autres \u00e9volutions marquantes ces derni\u00e8res ann\u00e9es ?<\/strong><\/p>\n<p>J\u2019en verrais deux. Une \u00e9volution marquante est une tendance interne visant \u00e0 promouvoir la pertinence des marqueurs identitaires adventistes, en tant que propositions audibles en phase avec les attentes sociales. Communiquer par exemple sur\u00a0: la promotion du v\u00e9g\u00e9tarisme, une conscience environnementale, l\u2019engagement pour la d\u00e9fense de la libert\u00e9 de conscience<a href=\"https:\/\/regardsprotestants.com\/francophonie\/70-des-adventistes-en-france-sont-bases-en-outremer\/#_ftn3\" name=\"_ftnref3\">[3]<\/a> ou l\u2019hygi\u00e9nisme, est per\u00e7u comme un atout \u00e0 valoriser.<\/p>\n<p>Dernier point\u00a0: l\u2019acc\u00e9l\u00e9ration de la num\u00e9risation et du recours aux technologies digitales avec la crise de la <a title=\"covid-19\" href=\"https:\/\/regardsprotestants.com\/francophonie\/70-des-adventistes-en-france-sont-bases-en-outremer\/\" data-internallinksmanager029f6b8e52c=\"35\">Covid-19<\/a>. La SDA a densifi\u00e9 le recours aux plateformes de vid\u00e9o conf\u00e9rence et de t\u00e9l\u00e9travail pour r\u00e9duire les distances. La digitalisation des liens est une nouvelle norme, dans la francophonie et au-del\u00e0. Elle ne se justifie plus par la crise sanitaire, mais par les nouvelles habitudes sociales qui se sont install\u00e9es. La forte audience digitale pousse \u00e0 se questionner sur l\u2019\u00e9volution de la notion de communaut\u00e9. Comment faire lien quand les individus optent par choix et non plus par contrainte aux relations en distanciel\u00a0? C\u2019est une question majeure pour une <a title=\"Qu\u2019est-ce qui fait l\u2019\u00c9glise ?\" href=\"https:\/\/regardsprotestants.com\/nos-dossiers-thematiques\/catholiques-protestants-quelles-differences\/quest-ce-qui-fait-leglise\/\" data-internallinksmanager029f6b8e52c=\"20\">\u00e9glise<\/a> o\u00f9 le pr\u00e9sentiel \u00e9tait un indicateur du niveau d\u2019engagement.<\/p>\n<p>&nbsp;<\/p>\n<p><a href=\"https:\/\/regardsprotestants.com\/francophonie\/70-des-adventistes-en-france-sont-bases-en-outremer\/#_ftnref1\" name=\"_ftn1\">[1]<\/a> Voir\u00a0: <a href=\"https:\/\/adventiste.org\/statistiques-adventistes\/\" target=\"_blank\" rel=\"noopener\">https:\/\/adventiste.org\/statistiques-adventistes\/<\/a> Attention a bien retrancher le Luxembourg et la Belgique des statistiques pour obtenir 53\u00a0586.<\/p>\n<p><a href=\"https:\/\/regardsprotestants.com\/francophonie\/70-des-adventistes-en-france-sont-bases-en-outremer\/#_ftnref2\" name=\"_ftn2\">[2]<\/a> Fabrice Desplan. \u00ab\u00a0De brefs rep\u00e8res ethnologiques de l\u2019histoire de l\u2019Eglise adventiste du septi\u00e8me en France hexagonale \u00e0 une meilleure probl\u00e9matisation de la culture\u00a0\u00bb.\u00a0<em>Rencontre pastorale des \u00e9glises adventistes de la F\u00e9d\u00e9ration France Sud<\/em>, Feb 2021, Saint-F\u00e9lix-de-Palli\u00e8res, France. 2022.\u00a0<a href=\"https:\/\/halshs.archives-ouvertes.fr\/halshs-03697492\" target=\"_blank\" rel=\"noopener\">\u27e8halshs-03697492\u27e9<\/a> (Conf\u00e9rence).<\/p>\n<p><a href=\"https:\/\/regardsprotestants.com\/francophonie\/70-des-adventistes-en-france-sont-bases-en-outremer\/#_ftnref3\" name=\"_ftn3\">[3]<\/a> Jean Baub\u00e9rot, \u00ab\u00a0L\u2019Association Internationale pour la d\u00e9fense de la libert\u00e9 religieuse et sa revue Conscience et libert\u00e9\u00a0\u00bb, in Fabrice Desplan, R\u00e9gis Dericquebourg, <em>Ces protestants que l\u2019on dit adventistes, <\/em>Paris, L\u2019Harmattan, 2005, pp 121-136.<\/p>\n<\/div>\n<\/div>\n<\/div>\n<\/article>\n<div class=\"container\"><\/div>\n","protected":false},"excerpt":{"rendered":"<p>Le point sur le monde adventiste en France avec le sociologue Fabrice Desplan. Entretien 1\/2 &nbsp; Sp\u00e9cialis\u00e9 sur l\u2019adventisme et les probl\u00e9matiques sociales et religieuses antillaises, auteur de plusieurs ouvrages, Fabrice Desplan nous partage son regard de sociologue sur les \u00e9volutions r\u00e9centes du monde adventiste de France, en lien avec la francophonie. Premier volet de [&hellip;]<\/p>\n","protected":false},"author":3,"featured_media":946,"comment_status":"closed","ping_status":"closed","sticky":false,"template":"","format":"standard","meta":[],"categories":[1],"tags":[221,222,220,6],"_links":{"self":[{"href":"https:\/\/www.fil-info-francophonie.com\/index.php?rest_route=\/wp\/v2\/posts\/945"}],"collection":[{"href":"https:\/\/www.fil-info-francophonie.com\/index.php?rest_route=\/wp\/v2\/posts"}],"about":[{"href":"https:\/\/www.fil-info-francophonie.com\/index.php?rest_route=\/wp\/v2\/types\/post"}],"author":[{"embeddable":true,"href":"https:\/\/www.fil-info-francophonie.com\/index.php?rest_route=\/wp\/v2\/users\/3"}],"replies":[{"embeddable":true,"href":"https:\/\/www.fil-info-francophonie.com\/index.php?rest_route=%2Fwp%2Fv2%2Fcomments&post=945"}],"version-history":[{"count":1,"href":"https:\/\/www.fil-info-francophonie.com\/index.php?rest_route=\/wp\/v2\/posts\/945\/revisions"}],"predecessor-version":[{"id":947,"href":"https:\/\/www.fil-info-francophonie.com\/index.php?rest_route=\/wp\/v2\/posts\/945\/revisions\/947"}],"wp:featuredmedia":[{"embeddable":true,"href":"https:\/\/www.fil-info-francophonie.com\/index.php?rest_route=\/wp\/v2\/media\/946"}],"wp:attachment":[{"href":"https:\/\/www.fil-info-francophonie.com\/index.php?rest_route=%2Fwp%2Fv2%2Fmedia&parent=945"}],"wp:term":[{"taxonomy":"category","embeddable":true,"href":"https:\/\/www.fil-info-francophonie.com\/index.php?rest_route=%2Fwp%2Fv2%2Fcategories&post=945"},{"taxonomy":"post_tag","embeddable":true,"href":"https:\/\/www.fil-info-francophonie.com\/index.php?rest_route=%2Fwp%2Fv2%2Ftags&post=945"}],"curies":[{"name":"wp","href":"https:\/\/api.w.org\/{rel}","templated":true}]}}