{"id":942,"date":"2022-06-07T16:21:00","date_gmt":"2022-06-07T16:21:00","guid":{"rendered":"https:\/\/www.fil-info-francophonie.com\/?p=942"},"modified":"2022-06-08T16:22:28","modified_gmt":"2022-06-08T16:22:28","slug":"medias-protestantismes-francophonie-5-questions-a-jean-luc-gadreau","status":"publish","type":"post","link":"https:\/\/www.fil-info-francophonie.com\/?p=942","title":{"rendered":"M\u00e9dias, protestantismes, francophonie : 5 questions \u00e0 Jean-Luc Gadreau"},"content":{"rendered":"<p><em>Jean-Luc Gadreau<\/em><em>\u00a0a d\u00e9velopp\u00e9 au fil des ann\u00e9es un engagement multifacette au sein du protestantisme, et nourrit un regard averti sur les enjeux de la francophonie.<\/em><\/p>\n<p><strong>1\/ Jean-Luc Gadreau, pouvez-vous vous pr\u00e9senter ?<\/strong><\/p>\n<p>J\u2019ai 55 ans, <a title=\"mariage\" href=\"https:\/\/regardsprotestants.com\/nos-dossiers-thematiques\/catholiques-protestants-quelles-differences\/la-sacramentalite-du-mariage\/\" data-internallinksmanager029f6b8e52c=\"2\">mari\u00e9<\/a> avec Nadi\u00e8ge depuis 34 ans. Apr\u00e8s des \u00e9tudes en communication, sp\u00e9cialis\u00e9es dans le journalisme et l\u2019animation radio et t\u00e9l\u00e9vision, dans le d\u00e9but des ann\u00e9es 80, j\u2019ai \u00e9t\u00e9 appel\u00e9 au minist\u00e8re pastoral, au sein de la F\u00e9d\u00e9ration des \u00c9glises <a title=\"Les \u00e9vang\u00e9liques\" href=\"https:\/\/regardsprotestants.com\/nos-dossiers-thematiques\/les-differentes-familles-protestantes\/les-evangeliques\/\" data-internallinksmanager029f6b8e52c=\"22\">\u00e9vang\u00e9liques<\/a> baptistes de France. Ce furent ensuite plus de vingt ann\u00e9es d\u2019engagement dans trois Eglises locales. Au fil de ce parcours, j\u2019ai pu concilier les dimensions : le pastorat, la musique, les m\u00e9dias. En ajoutant le cin\u00e9ma (depuis 2012, exp\u00e9rience des jury \u0153cum\u00e9niques \u00e0 Cannes) et l\u2019\u00e9criture, avec deux livres : un essai, \u00ab\u00a0Mall\u00e9able, pour tout recommencer\u00a0\u00bb puis une bio spirituelle d\u2019Aretha Franklin \u00ab\u00a0Sister Soul\u00a0\u00bb<a href=\"https:\/\/regardsprotestants.com\/francophonie\/medias-protestantismes-francophonie-5-questions-a-jean-luc-gadreau\/#_ftn1\" name=\"_ftnref1\">[1]<\/a>. Depuis deux ans, j\u2019occupe le poste de responsable \u00e9ditorial et animateur des \u00e9missions protestantes sur France Culture.<\/p>\n<p><strong>2\/ Vous \u00eates responsable, sur France Culture, de SOLAE. Pouvez-vous nous d\u00e9crire cette \u00e9mission ?<\/strong><\/p>\n<p>\u00ab\u00a0Solae, le rendez-vous protestant\u00a0\u00bb<a href=\"https:\/\/regardsprotestants.com\/francophonie\/medias-protestantismes-francophonie-5-questions-a-jean-luc-gadreau\/#_ftn2\" name=\"_ftnref2\">[2]<\/a> est l\u2019\u00e9mission qui a vu le jour le 5 septembre 2021 dans le prolongement et l\u2019\u00e9lan du \u00ab\u00a0Service protestant\u00a0\u00bb qui consistait, jusque-l\u00e0, \u00e0 proposer des m\u00e9ditations bibliques de la part de <a title=\"Les pr\u00eatres et les pasteurs\" href=\"https:\/\/regardsprotestants.com\/nos-dossiers-thematiques\/catholiques-protestants-quelles-differences\/les-pretres-et-les-pasteurs\/\" data-internallinksmanager029f6b8e52c=\"4\">pasteurs<\/a> de la F\u00e9d\u00e9ration protestante de France le dimanche matin sur France Culture. C\u2019est un nouveau format, avec un nouvel habillage et des rubriques r\u00e9currentes. La FPF est venue me chercher avec cette demande de faire \u00e9voluer l\u2019\u00e9mission qui avait plus de 60 ans d\u2019existence. France Culture souhaitait que cette \u00e9mission se transforme pour tenir compte des \u00e9volutions de la vie, des auditeurs et de la mani\u00e8re d\u2019\u00e9couter la radio avec le d\u00e9veloppement des podcasts. Il y a eu un an de tests, un travail de r\u00e9flexion men\u00e9 avec un comit\u00e9 de suivi repr\u00e9sentant la diversit\u00e9 des \u00c9glises qui composent la FPF, une pr\u00e9sentation au Conseil national et, quand tout a \u00e9t\u00e9 valid\u00e9, nous avons pu d\u00e9marrer.<\/p>\n<blockquote><p><strong>SOLAE (France Culture), un nouveau format qui cartonne<\/strong><\/p><\/blockquote>\n<p>Tous les dimanches matins, trente minutes sous forme d\u2019entretiens avec des invit\u00e9s d\u2019horizons divers. Une lecture biblique (le rdv avec la Parole) est le fil rouge pr\u00e9sent dans chaque \u00e9mission lue par des voix d\u00e9di\u00e9es, avec une boucle musicale r\u00e9currente et identifiable. Un temps voulu comme un espace pour comprendre ce que le texte biblique peut nous r\u00e9v\u00e9ler, nous inspirer encore aujourd\u2019hui. Nous voulons rejoindre tous les auditeurs, croyants ou non, et faire \u0153uvre d\u2019interpellation et de r\u00e9flexion. Une fa\u00e7on de sortir de l\u2019entre soi et profiter d\u2019\u00eatre sur une radio nationale de grande \u00e9coute pour produire une \u00e9mission de qualit\u00e9 qui touche tous les aspects de la vie. Un dimanche, nous parlons de la <a title=\"Bible protestante en ligne : notre s\u00e9lection\" href=\"https:\/\/regardsprotestants.com\/bible-protestante-en-ligne\/\" data-internallinksmanager029f6b8e52c=\"11\">Bible<\/a>, une autre fois d\u2019une question de soci\u00e9t\u00e9, un t\u00e9moignage, une rencontre avec l\u2019histoire, un temps culturel\u2026 Autre rep\u00e8re dans chaque \u00e9mission, la chronique avec une \u00e9quipe de chroniqueurs d\u2019univers et de styles diff\u00e9rents, qui viennent \u00e9clairer les sujets de fa\u00e7on d\u00e9cal\u00e9e.<\/p>\n<p>Apr\u00e8s bient\u00f4t un an, le r\u00e9sultat est tr\u00e8s positif avec de bons retours mais surtout des chiffres d\u2019audiences extr\u00eamement encourageants puisque nous avons beaucoup progress\u00e9 tant dans l\u2019\u00e9coute direct qu\u2019avec les podcasts. Et la convention qui nous lie \u00e0 France culture a pu \u00eatre sign\u00e9e \u00e0 nouveau pour plusieurs ann\u00e9es et dans d\u2019excellentes conditions.<\/p>\n<p><strong>3\/ Parmi vos nombreuses comp\u00e9tences, vous \u00eates un grand amateur de cin\u00e9ma. Quel est votre regard sur la mani\u00e8re dont la religion \u2013 et notamment le protestantisme -, est trait\u00e9e dans la production culturelle audiovisuelle francophone ?<\/strong><\/p>\n<p>Dans la production francophone, ce traitement est insignifiant et, quand la religion apparait, ce n\u2019est g\u00e9n\u00e9ralement pas de fa\u00e7on tr\u00e8s sympathique. Ce qui n\u2019est pas le cas dans une grande part de l\u2019\u0153uvre cin\u00e9matographique mondiale. Je reviens du dernier Festival de Cannes o\u00f9, justement, avec d\u2019autres, nous nous faisions la remarque que beaucoup de films pr\u00e9sent\u00e9s dans les diverses s\u00e9lections cannoises abordaient de front la question religieuse ou, en \u00e9taient impr\u00e9gn\u00e9s, voir y faisaient de s\u00e9rieuses allusions. Avec des critiques, certes parfois, mais pas que. La religion et la foi sont aussi montr\u00e9es comme une dimension importante de l\u2019existence humaine. Dans plusieurs films on peut rencontrer des pasteurs, des \u00c9glises protestantes\u2026 dans du cin\u00e9ma scandinave, am\u00e9ricain, africain ou asiatique notamment.<\/p>\n<p>En France, c\u2019est souvent compliqu\u00e9 avec la question religieuse. Au nom d\u2019une la\u00efcit\u00e9 mal interpr\u00e9t\u00e9e. Je le vois aussi avec les prix de Jury \u0153cum\u00e9nique qui r\u00e9compensent des longs m\u00e9trages de la comp\u00e9tition officielle. Non pas des films dits \u00ab\u00a0religieux\u00a0\u00bb mais des \u00ab \u0153uvres aux qualit\u00e9s \u00e0 la fois artistiques et humaines qui sondent la profondeur de l\u2019\u00e2me et la complexit\u00e9 du monde \u00bb, qui mettent en lumi\u00e8re des \u00ab valeurs de l\u2019\u00c9vangile \u00bb comme la justice ou la r\u00e9conciliation. La mention du prix sur les affiches \u00e0 la sortie du film est un gage de qualit\u00e9 dans la plupart des pays, mais reste souvent invisible pour la France. La peur des distributeurs est sans doute d\u2019\u00eatre assimil\u00e9 \u00e0 un film religieux. Pour moi, c\u2019est une erreur, car le palmar\u00e8s de ce Jury \u00e0 Cannes, Berlin, Locarno\u2026 est remarquable avec des films parfois devenus cultes (c\u2019est le cas de le dire)\u00a0!<\/p>\n<blockquote><p><strong>Ne pas seulement aimer ceux qui nous ressemblent<\/strong><\/p><\/blockquote>\n<p><strong>4\/ Au fil de votre parcours d\u2019engagement au sein du protestantisme fran\u00e7ais, quels sont les d\u00e9fis qui vous semblent prioritaires dans la mani\u00e8re dont les instances protestantes, aujourd\u2019hui, appr\u00e9hendent le monde francophone ?<\/strong><\/p>\n<p>Evoquons d\u2019abord le rapport externe du monde protestant \u00e0 l\u2019<a title=\"Qu\u2019est-ce qui fait l\u2019\u00c9glise ?\" href=\"https:\/\/regardsprotestants.com\/nos-dossiers-thematiques\/catholiques-protestants-quelles-differences\/quest-ce-qui-fait-leglise\/\" data-internallinksmanager029f6b8e52c=\"20\">\u00c9glise<\/a>. Je crois profond\u00e9ment que la question culturelle est pr\u00e9cis\u00e9ment importante. Et avec elle, un lien, une visibilit\u00e9 et une implication plus forte dans la soci\u00e9t\u00e9 sont n\u00e9cessaire. Pas juste dans une d\u00e9marche \u00ab\u00a0\u00e9vang\u00e9lisatrice\u00a0\u00bb mais plus une pr\u00e9sence aimante et un v\u00e9ritable int\u00e9ressement qui l\u2019accompagne. Je suis marqu\u00e9 par le d\u00e9but de Jean 3.16 \u00ab\u00a0Car Dieu a tant aim\u00e9 le monde\u2026\u00a0\u00bb. Notre besoin est de r\u00e9apprendre \u00e0 aimer, et pas seulement ceux qui nous ressemblent et qui pensent comme nous. La notion de \u00ab\u00a0pr\u00e9sence\u00a0\u00bb est aussi pour moi primordiale. \u00catre l\u00e0, disponible, \u00e0 l\u2019\u00e9coute, dans les multiples lieux de vie de nos soci\u00e9t\u00e9s. Nous impliquer face aux souffrances\u2026 pratiquer la justice, aimer la mis\u00e9ricorde (Cf Mich\u00e9e 6,8)\u2026<\/p>\n<p>Et puis, plus en interne, savoir travailler au respect dans nos relations, et au lien fraternel. Nous pouvons avoir des convictions, des identit\u00e9s qui s\u2019expriment et marquent des diff\u00e9rences, et c\u2019est une force et une richesse que d\u2019avoir tant de diversit\u00e9. Mais il nous faut revoir nos trop grandes facilit\u00e9s \u00e0 condamner, rejeter\u2026 et, au contraire, enrichir nos relations et les liens qui doivent nous permettre de dire le Christ et manifester la gr\u00e2ce dans les missions qui sont les n\u00f4tres.<\/p>\n<p><strong>5\/ Pour conclure, pourriez-vous nous dire un peu plus sur SOLAE, ses projets, son ouverture sur la francophonie ? Pourrait-on savoir quelle est la part d\u2019audience de votre \u00e9mission, hors France m\u00e9tropolitaine ?<\/strong><\/p>\n<p>D\u2019apr\u00e8s certains retours, les podcasts fonctionnent tr\u00e8s bien, et de plus en plus, sur l\u2019Afrique. Mais le public cible reste en priorit\u00e9 celui de France Culture, qui a beaucoup chang\u00e9 sur les derni\u00e8res ann\u00e9es et, il faut le dire, est aujourd\u2019hui extr\u00eamement diversifi\u00e9. Dans les chroniqueurs de l\u2019\u00e9mission, la Belgique et la Suisse sont repr\u00e9sent\u00e9es. Nous travaillons aussi \u00e0 des partenariats qui permettent de renouveler les th\u00e9matiques. Cette ann\u00e9e avec l\u2019Alliance biblique il y a une volont\u00e9 de parler de la Bible autrement tous les quatri\u00e8mes dimanches du mois. R\u00e9pondre aussi \u00e0 des questions basiques qui rejoignent un autre type de public. L\u2019ann\u00e9e prochaine d\u2019autres partenariats vont voir le jour, sur des th\u00e9matiques autour de l\u2019entraide, du social et j\u2019esp\u00e8re parvenir \u00e0 avoir plus souvent des artistes de gospel en live.<\/p>\n<p><a href=\"https:\/\/regardsprotestants.com\/francophonie\/medias-protestantismes-francophonie-5-questions-a-jean-luc-gadreau\/#_ftnref1\" name=\"_ftn1\">[1]<\/a> <em>SISTER SOUL, Aretha Franklin, sa voix, sa foi, ses combats <\/em>aux \u00e9ditions Ampelos \u2013 Pr\u00e9face de Bertrand Dicale.<\/p>\n<p><a href=\"https:\/\/regardsprotestants.com\/francophonie\/medias-protestantismes-francophonie-5-questions-a-jean-luc-gadreau\/#_ftnref2\" name=\"_ftn2\">[2]<\/a> www.radiofrance.fr\/franceculture\/podcasts\/service-protestant<\/p>\n","protected":false},"excerpt":{"rendered":"<p>Jean-Luc Gadreau\u00a0a d\u00e9velopp\u00e9 au fil des ann\u00e9es un engagement multifacette au sein du protestantisme, et nourrit un regard averti sur les enjeux de la francophonie. 1\/ Jean-Luc Gadreau, pouvez-vous vous pr\u00e9senter ? J\u2019ai 55 ans, mari\u00e9 avec Nadi\u00e8ge depuis 34 ans. Apr\u00e8s des \u00e9tudes en communication, sp\u00e9cialis\u00e9es dans le journalisme et l\u2019animation radio et t\u00e9l\u00e9vision, [&hellip;]<\/p>\n","protected":false},"author":3,"featured_media":943,"comment_status":"closed","ping_status":"closed","sticky":false,"template":"","format":"standard","meta":[],"categories":[1],"tags":[3,218,6,219],"_links":{"self":[{"href":"https:\/\/www.fil-info-francophonie.com\/index.php?rest_route=\/wp\/v2\/posts\/942"}],"collection":[{"href":"https:\/\/www.fil-info-francophonie.com\/index.php?rest_route=\/wp\/v2\/posts"}],"about":[{"href":"https:\/\/www.fil-info-francophonie.com\/index.php?rest_route=\/wp\/v2\/types\/post"}],"author":[{"embeddable":true,"href":"https:\/\/www.fil-info-francophonie.com\/index.php?rest_route=\/wp\/v2\/users\/3"}],"replies":[{"embeddable":true,"href":"https:\/\/www.fil-info-francophonie.com\/index.php?rest_route=%2Fwp%2Fv2%2Fcomments&post=942"}],"version-history":[{"count":1,"href":"https:\/\/www.fil-info-francophonie.com\/index.php?rest_route=\/wp\/v2\/posts\/942\/revisions"}],"predecessor-version":[{"id":944,"href":"https:\/\/www.fil-info-francophonie.com\/index.php?rest_route=\/wp\/v2\/posts\/942\/revisions\/944"}],"wp:featuredmedia":[{"embeddable":true,"href":"https:\/\/www.fil-info-francophonie.com\/index.php?rest_route=\/wp\/v2\/media\/943"}],"wp:attachment":[{"href":"https:\/\/www.fil-info-francophonie.com\/index.php?rest_route=%2Fwp%2Fv2%2Fmedia&parent=942"}],"wp:term":[{"taxonomy":"category","embeddable":true,"href":"https:\/\/www.fil-info-francophonie.com\/index.php?rest_route=%2Fwp%2Fv2%2Fcategories&post=942"},{"taxonomy":"post_tag","embeddable":true,"href":"https:\/\/www.fil-info-francophonie.com\/index.php?rest_route=%2Fwp%2Fv2%2Ftags&post=942"}],"curies":[{"name":"wp","href":"https:\/\/api.w.org\/{rel}","templated":true}]}}