{"id":936,"date":"2022-03-28T14:43:30","date_gmt":"2022-03-28T14:43:30","guid":{"rendered":"https:\/\/www.fil-info-francophonie.com\/?p=936"},"modified":"2022-04-05T14:45:40","modified_gmt":"2022-04-05T14:45:40","slug":"nous-les-evangeliques-devons-etre-beaucoup-plus-humbles","status":"publish","type":"post","link":"https:\/\/www.fil-info-francophonie.com\/?p=936","title":{"rendered":"\u00ab Nous, les \u00e9vang\u00e9liques, devons \u00eatre beaucoup plus humbles \u00bb"},"content":{"rendered":"<p><em>Entretien exclusif avec Yvan Castanou, pasteur principal de la megachurch francophone Impact Centre Chr\u00e9tien, pour ce dernier \u00e9pisode de notre s\u00e9rie sur les 20 ans de l&rsquo;Eglise ICC (4\/4).<\/em><\/p>\n<p>&nbsp;<\/p>\n<p><strong><em><a title=\"La sexualit\u00e9 des pasteurs\" href=\"https:\/\/regardsprotestants.com\/la-sexualite-des-pasteurs\/\" data-internallinksmanager029f6b8e52c=\"15\">Pasteur<\/a> principal de la megachurch francophone Impact Centre Chr\u00e9tien, Yvan Castanou n\u2019a \u00e9t\u00e9 que peu interview\u00e9 jusqu\u2019\u00e0 pr\u00e9sent. Son analyse vaut pourtant le d\u00e9tour ! Il aurait aujourd\u2019hui des raisons de s\u2019enorgueillir d\u2019une trajectoire de r\u00e9ussite \u00e0 bien des \u00e9gards exceptionnelle. Mais les vingt ans d\u2019ascension de son Eglise ne lui sont pas mont\u00e9s \u00e0 la t\u00eate. Pour lui, manifester la pr\u00e9sence de la divinit\u00e9 rime avec humilit\u00e9. Entretien.<\/em><em>\u00a0<\/em><\/strong><\/p>\n<h3>1\/ Pasteur Yvan Castanou, pouvez-vous vous pr\u00e9senter ?<\/h3>\n<p>Je suis Yvan Castanou. Je suis p\u00e8re de famille, <a title=\"mariage\" href=\"https:\/\/regardsprotestants.com\/nos-dossiers-thematiques\/catholiques-protestants-quelles-differences\/la-sacramentalite-du-mariage\/\" data-internallinksmanager029f6b8e52c=\"2\">mari\u00e9<\/a> \u00e0 Modestine, p\u00e8re de quatre enfants, et je suis \u00e0 la fois auteur, formateur et surtout pasteur principal des \u00e9glises Impact Centre Chr\u00e9tien (ICC). Aujourd\u2019hui cela fait un peu plus d\u2019une centaine d\u2019\u00e9glises \u00e0 travers le monde. Notre si\u00e8ge est actuellement \u00e0 Boissy-Saint-L\u00e9ger, et nous avons les yeux fix\u00e9s sur une prochaine \u00e9tape, le p\u00f4le en cours de construction \u00e0 Croissy-Beaubourg (<a href=\"https:\/\/regardsprotestants.com\/francophonie\/eglise-icc-un-centre-de-congres-pour-la-francophonie\/\" target=\"_blank\" rel=\"noopener\">cf. article 3\/4 de la s\u00e9rie sur ICC<\/a>). Je souligne qu\u2019en tant que b\u00e2timent, l\u2019Autel Royal en cours de construction n\u2019est pas une <a title=\"Qu\u2019est-ce qui fait l\u2019\u00c9glise ?\" href=\"https:\/\/regardsprotestants.com\/nos-dossiers-thematiques\/catholiques-protestants-quelles-differences\/quest-ce-qui-fait-leglise\/\" data-internallinksmanager029f6b8e52c=\"20\">\u00e9glise<\/a> au sens d\u2019\u00e9difice seulement d\u00e9di\u00e9 \u00e0 la religion. Ses locaux pourront \u00eatre mobilis\u00e9s pour d\u2019autres manifestations. L\u2019Eglise Impact Centre Chr\u00e9tien sera bien-s\u00fbr heureuse d\u2019utiliser ces superbes infrastructures pour ses rencontres et \u00e9v\u00e9nements, chaque fois que n\u00e9cessaire. Mais bien d\u2019autres seront les bienvenus pour louer ces espaces. Ces locaux spacieux et accueillants sont ouverts \u00e0 toutes et \u00e0 tous. Ils ont \u00e9t\u00e9 pens\u00e9s comme une contribution positive au dynamisme des activit\u00e9s collectives de l\u2019Est francilien.<\/p>\n<blockquote>\n<h3><strong>\u00ab\u00a0On n\u2019est pas oblig\u00e9 de d\u00e9truire ce que font les autres pour construire\u00a0\u00bb<\/strong><\/h3>\n<\/blockquote>\n<h3>2\/ A l\u2019inverse de certaines Eglises de R\u00e9veil, vous ne mettez pas en cause les catholiques ou le catholicisme. Pouvez-vous nous expliquer ?<\/h3>\n<p>Ma philosophie, c\u2019est d\u00e9j\u00e0 de dire qu\u2019on n\u2019est pas oblig\u00e9 de d\u00e9truire ce que font les autres pour construire. Nous avons, c\u2019est vrai, des diff\u00e9rences doctrinales, mais je crois aussi qu\u2019avec les catholiques il y a beaucoup de points qui nous unissent. Quand on parle de catholicisme, il faut faire tr\u00e8s tr\u00e8s attention, et faire preuve d\u2019une extr\u00eame humilit\u00e9. Parce qu\u2019il y a beaucoup de choses qu\u2019on ne sait pas. Les catholiques croient en J\u00e9sus. Ils ne croient pas uniquement en J\u00e9sus mais ils croient en J\u00e9sus. Et nous aussi nous croyons en J\u00e9sus.<\/p>\n<p>Et aujourd\u2019hui l\u2019histoire montre que la plupart des chr\u00e9tiens pers\u00e9cut\u00e9s dans le monde pour leur foi sont des catholiques. L\u2019affaire Asia Bibi (Pakistan) a fait beaucoup de bruit. Mais la plupart des gens qui lisent les articles sur Asia Bibi ne savent pas qu\u2019elle \u00e9tait pers\u00e9cut\u00e9e parce qu\u2019elle \u00e9tait catholique. On l\u2019a accus\u00e9e de blasph\u00e8me parce qu\u2019elle a partag\u00e9 sa foi, et les autres se sont sentis oppress\u00e9s, comme si on leur imposait. En fait, c\u2019\u00e9tait un r\u00e8glement de compte, elle a juste exprim\u00e9 sa foi en J\u00e9sus. Et on a parl\u00e9 d\u2019Asia Bibi, mais on n\u2019a pas parl\u00e9 du gouverneur du Penjab, qui a d\u00e9fendu cette femme, et qui a \u00e9t\u00e9 assassin\u00e9 parce qu\u2019il \u00e9tait catholique. On n\u2019a pas parl\u00e9 du ministre des minorit\u00e9s religieuses au Pakistan, qui en mars 2011, a \u00e9t\u00e9 lui-aussi assassin\u00e9 parce qu\u2019il \u00e9tait catholique. Vous voyez ? Donc il y a \u00e9norm\u00e9ment de chr\u00e9tiens dans le monde\u2026 en Chine, dans les pays arabo-musulmans, qui sont pers\u00e9cut\u00e9s et qui sont assassin\u00e9s pour leur foi, mais ce ne sont pas des <a title=\"Les \u00e9vang\u00e9liques\" href=\"https:\/\/regardsprotestants.com\/nos-dossiers-thematiques\/les-differentes-familles-protestantes\/les-evangeliques\/\" data-internallinksmanager029f6b8e52c=\"22\">\u00e9vang\u00e9liques<\/a> ! Ce sont des catholiques !<\/p>\n<p>Et pour le monde entier, le monde ext\u00e9rieur, quand il nous regarde, il ne fait pas la diff\u00e9rence entre les catholiques et les \u00e9vang\u00e9liques, et les protestants, et les baptistes, et les pentec\u00f4tistes, etc. Ce que les gens voient, ce sont des personnes qui revendiquent leur appartenance \u00e0 Christ, et leur proclamation de ce que J\u00e9sus est le sauveur. Donc oui, <strong>nous avons beaucoup de diff\u00e9rences, mais nous avons aussi beaucoup de points qui nous unissent\u00a0 Nous avons une foi commune, et nous pouvons nous battre pour certaines valeurs.<\/strong><\/p>\n<p>Je rappelle qu\u2019en France, c\u2019est gr\u00e2ce aux catholiques que la libert\u00e9 de culte a \u00e9t\u00e9 maintenue dans les \u00e9glises \u00e9vang\u00e9liques pendant la p\u00e9riode de pand\u00e9mie du Covid19. Ce sont eux qui sont mont\u00e9s au cr\u00e9neau pour d\u00e9fendre la foi chr\u00e9tienne et la libert\u00e9 religieuse. Beaucoup d\u2019\u00e9vang\u00e9liques pensent que lorsqu\u2019on est catholique, on risque d\u2019aller en enfer. Je ne suis vraiment pas d\u2019accord. Je consid\u00e8re que nous, les \u00e9vang\u00e9liques, devons \u00eatre beaucoup beaucoup plus humbles. J\u2019ai vu des catholiques, en particulier des gens du Renouveau charismatique, tr\u00e8s fervents, tr\u00e8s bouillants, tr\u00e8s z\u00e9l\u00e9s, et adorant sinc\u00e8rement J\u00e9sus, \u00a0invoquant sinc\u00e8rement J\u00e9sus ! Et je n\u2019ai pas le droit de les stigmatiser en pensant que je suis meilleur qu\u2019eux. Donc je pense qu\u2019il y aura beaucoup de catholiques au Ciel, et qu\u2019il y aura beaucoup d\u2019\u00e9vang\u00e9liques en Enfer parce qu\u2019il n\u2019ont pas march\u00e9 avec Dieu, tout simplement. Donc on ne peut pas s\u2019arr\u00eater \u00e0 juger. Il faut \u00eatre beaucoup beaucoup plus humble, c\u2019est le fond de ma pens\u00e9e. Je m\u2019entends tr\u00e8s bien avec les catholiques. Et je suis tr\u00e8s \u00e9cout\u00e9 par eux.<\/p>\n<blockquote>\n<h3><strong>\u00ab\u00a0Les Huguenots ont gard\u00e9 la flamme de l\u2019Evangile allum\u00e9e\u00a0\u00bb<\/strong><\/h3>\n<\/blockquote>\n<h3>3\/ Quel rapport entretenez-vous, en France, avec les anciennes Eglises protestantes ?<\/h3>\n<p>Un des secrets d\u2019Impact Centre Chr\u00e9tien, c\u2019est d\u2019avoir appris \u00e0 honorer les p\u00e8res, ceux qui nous ont pr\u00e9c\u00e9d\u00e9s. J\u2019ai toujours eu cette conviction. C\u2019est dans nos valeurs, d\u2019<strong>honorer les protestants traditionnels<\/strong>, d\u2019honorer l\u2019Eglise protestante traditionnelle. Parce que vous savez, nous, nous sommes \u00e9vang\u00e9liques, pentec\u00f4tistes, charismatiques, comme vous voulez, dynamiques, fervents et tout \u00e7a, embras\u00e9s, enflamm\u00e9s\u2026 \u00a0Mais la v\u00e9rit\u00e9, c\u2019est que ce sont les protestants, celles et ceux de l\u2019Eglise r\u00e9form\u00e9e (ERF), qui ont gard\u00e9 la bougie allum\u00e9e. Ils ont gard\u00e9 la flamme de l\u2019Evangile allum\u00e9e. Ce sont eux, ce sont les Huguenots, qui se sont battus il y a 400 ans, qui ont \u00e9t\u00e9 pers\u00e9cut\u00e9s pour leur foi. Et c\u2019est gr\u00e2ce \u00e0 eux qu\u2019on a h\u00e9rit\u00e9 du protestantisme. C\u2019est en partie gr\u00e2ce \u00e0 eux qu\u2019il y a eu la R\u00e9volution fran\u00e7aise. C\u2019est gr\u00e2ce \u00e0 leur combat ! Et ces gens \u00e9taient des protestants. Ils ont \u00e9t\u00e9 massacr\u00e9s. pers\u00e9cut\u00e9s, br\u00fbl\u00e9s vifs. C\u2019\u00e9taient des protestants, et donc l\u00e0 encore, c\u2019est toujours pareil, il faut <strong>faire preuve de beaucoup d\u2019humilit\u00e9 et de gratitude<\/strong>.<\/p>\n<p>Quand on a commenc\u00e9 Impact Centre Chr\u00e9tien, l\u2019Esprit de Dieu m\u2019avait convaincu qu\u2019il faut absolument honorer les p\u00e8res. Il est \u00e9crit <em>\u00ab\u00a0Honore ton p\u00e8re et ta m\u00e8re afin que tu sois heureux et que tu vives longtemps dans le pays que l\u2019Eternel ton Dieu te donne\u00a0\u00bb<\/em>. Et je crois qu\u2019une des mani\u00e8res de prosp\u00e9rer dans un pays, c\u2019est d\u2019honorer les p\u00e8res. Dans le domaine de la chr\u00e9tient\u00e9, les p\u00e8res, c\u2019\u00e9tait les protestants traditionnels. Je me rappelle qu\u2019\u00e0 l\u2019inauguration d\u2019Impact Centre Chr\u00e9tien, en 2008, on avait invit\u00e9 l\u2019Eglise R\u00e9form\u00e9e de France. Elle \u00e9tait pr\u00e9sente au travers de la voix de son secr\u00e9taire g\u00e9n\u00e9ral. Je n\u2019oublierai pas le jour o\u00f9 il a fait cette <a title=\"La pri\u00e8re chez les protestants\" href=\"https:\/\/regardsprotestants.com\/la-priere-chez-les-protestants\/\" data-internallinksmanager029f6b8e52c=\"17\">pri\u00e8re<\/a> : \u00a0il avait dit <em>\u00ab\u00a0Seigneur b\u00e9nis ICC, b\u00e9nis-les en France\u00a0\u00bb<\/em>. Et donc je crois qu\u2019il nous avait donn\u00e9 la b\u00e9n\u00e9diction, parce qu\u2019on avait respect\u00e9 l\u2019ERF.<\/p>\n<p>Je n\u2019oublie pas \u00e9galement que nous sommes membres de la F\u00e9d\u00e9ration protestante, et que la Fondation du protestantisme s\u2019est port\u00e9e caution pour ICC pour l\u2019acquisition de notre premier b\u00e2timent en 2008. Donc vous voyez, il y a une vraie reconnaissance en ce qui nous concerne envers les autorit\u00e9s protestantes, et envers l\u2019Eglise r\u00e9form\u00e9e. Je rappelle aussi que notre pr\u00e9sident, de la CEAF (Communaut\u00e9 des Eglises d\u2019Expression Africaine de France, \u00e0 laquelle est rattach\u00e9e ICC), est r\u00e9form\u00e9, membre de l\u2019EPUDF. Ce n\u2019est pas un pentec\u00f4tiste, c\u2019est un pasteur r\u00e9form\u00e9, et il est vraiment formidable ! Notre philosophie c\u2019est vraiment d\u2019honorer, respecter les p\u00e8res, ne jamais critiquer. Et jusqu\u2019\u00e0 aujourd\u2019hui franchement cela a plut\u00f4t bien r\u00e9ussi.<\/p>\n<blockquote>\n<h3><strong>Francophonie \u00e9vang\u00e9lique : \u00ab\u00a0on se sent beaucoup moins seul qu\u2019il y a vingt ans\u00a0\u00bb<\/strong><\/h3>\n<\/blockquote>\n<h3>4\/ Quel regard portez-vous sur l\u2019\u00e9volution de la francophonie protestante au cours des vingt ann\u00e9es de d\u00e9veloppement d\u2019ICC ?<\/h3>\n<p>Il y a eu un long chemin parcouru, il y a eu un gros progr\u00e8s. L\u2019univers, l\u2019atmosph\u00e8re, l\u2019environnement spirituel en France en 2002 et en 2022 n\u2019ont rien \u00e0 voir. En 2002, le r\u00e9veil en francophonie \u00e9tait balbutiant. Il y avait tr\u00e8s peu de mega-Eglises francophones, tr\u00e8s peu d\u2019\u00e9lan. En vingt ans, tout a chang\u00e9. <strong>La foi chr\u00e9tienne \u00e9vang\u00e9lique, qui fait partie de la grande famille protestante, a vraiment connu un raz-de-mar\u00e9e, un v\u00e9ritable essor. <\/strong>C\u2019est impressionnant ! Y compris en France m\u00e9tropolitaine, mais aussi dans les \u00eeles, en Afrique centrale, de l\u2019Ouest, en C\u00f4te d\u2019Ivoire avec notamment le pasteur Mohammed Sanogo, en RDC, au Canada\u2026 Il y a 20 ans, on retrouvait \u00e0 l\u2019Eglise une proportion importante de personnes \u00e2g\u00e9es. Les rangs se sont beaucoup rajeunis ! Des jeunes, des adolescents, et m\u00eame des enfants, qui sont vraiment attach\u00e9s \u00e0 J\u00e9sus, et veulent vivre la foi dans leurs relations, et influencer la soci\u00e9t\u00e9. Cela a \u00e9t\u00e9 un long combat pour changer les choses, mais franchement cela en valait la peine. Il y a vraiment quelque chose qui s\u2019est pass\u00e9, les \u00e9glises se sont multipli\u00e9es. Plus de personnes ont pu \u00eatre touch\u00e9es par le t\u00e9moignage, plus de gens sont construits, les fardeaux sont \u00f4t\u00e9s, et tout cela c\u2019est \u00e0 travers la \u00ab\u00a0Bonne Nouvelle\u00a0\u00bb de l\u2019Evangile.<\/p>\n<p>Je ressens une immense gratitude \u00e0 Dieu pour ce qu\u2019il a accompli pendant ces 20 derni\u00e8res ann\u00e9es. A Impact Centre Chr\u00e9tien, on \u00e9tait moins d\u2019une dizaine dans un salon en 2002, et aujourd\u2019hui je crois qu\u2019on n\u2019est pas moins de 40 \u00e0 50.000 minimum dans le monde, quand on compte les effectifs de toutes nos \u00e9glises. Et cela va au-del\u00e0 si l\u2019on compte toute la communaut\u00e9 en ligne. C\u2019est juste extraordinaire et \u00e7a ne s\u2019est pas seulement produit pour ICC. O\u00f9 que l\u2019on aille dans le monde, quel que soit le pays o\u00f9 l\u2019on va, dans la francophonie, on se sent beaucoup moins seul qu\u2019il y a vingt ans lorsqu\u2019on est chr\u00e9tien n\u00e9 de nouveau.<\/p>\n<blockquote>\n<h3><strong>La culture protestante de la g\u00e9n\u00e9rosit\u00e9<\/strong><\/h3>\n<\/blockquote>\n<h3>5\/ Le grand public ne comprend pas toujours la raison des capacit\u00e9s financi\u00e8res d\u2019une Eglise comme celle d\u2019ICC. Pouvez-vous nous en dire plus ?<\/h3>\n<p>Ce qui est per\u00e7u comme \u00e9tant \u00e9trange en France ne l\u2019est pas ailleurs, notamment dans les pays anglo-saxons. L\u00e0-bas, c\u2019est beaucoup plus banalis\u00e9, parce que la g\u00e9n\u00e9rosit\u00e9, en v\u00e9rit\u00e9, dans la culture protestante, y compris en Afrique, est beaucoup plus \u00e9tablie. Il y a un principe de lib\u00e9ralit\u00e9, et une culture de la g\u00e9n\u00e9rosit\u00e9, au point que vous avez beaucoup de gens tr\u00e8s riches qui, par leur entreprise, par leur fondation, donnent aux Eglises. C\u2019est vrai que dans le monde francophone, c\u2019est plus rare, c\u2019est per\u00e7u comme \u00e9trange, alors qu\u2019en v\u00e9rit\u00e9, tout cela proc\u00e8de de principes bibliques. Le Seigneur a dit : <em>\u00ab\u00a0Il y a plus de bonheur, de b\u00e9n\u00e9diction \u2013 makarios -, \u00e0 donner, qu\u2019\u00e0 recevoir\u00a0\u00bb<\/em> (<a title=\"Bible protestante en ligne : notre s\u00e9lection\" href=\"https:\/\/regardsprotestants.com\/bible-protestante-en-ligne\/\" data-internallinksmanager029f6b8e52c=\"11\">Bible<\/a>, <em>Actes 20, 35<\/em>). Le Seigneur dit aussi : <em>\u00ab\u00a0Donnez et il vous sera donn\u00e9<\/em>\u00ab\u00a0. Dieu lui-m\u00eame \u00e9tait un donateur. Lorsqu\u2019on est dans une \u00e9glise o\u00f9 la v\u00e9rit\u00e9 biblique est enseign\u00e9e, on apprend notamment \u00e0 donner \u00e0 Dieu la part qui lui revient. Ce n\u2019est plus seulement la culture fran\u00e7aise qui pr\u00e9vaut dans le c\u0153ur des gens, c\u2019est d\u2019abord la culture du royaume des cieux.<\/p>\n<blockquote>\n<h3><strong>\u00ab\u00a0Donner nous fait ressembler \u00e0 Dieu\u00a0\u00bb<\/strong><\/h3>\n<\/blockquote>\n<p>A ICC, les enseignements ont contribu\u00e9 \u00e0 renouveler le syst\u00e8me de pens\u00e9e des gens. Du coup, aujourd\u2019hui, m\u00eame \u00e9tant francophones, on a la \u00ab\u00a0culture d\u2019En Haut\u00a0\u00bb, on a la culture du Ciel. Alors pour nous donner, c\u2019est devenu un plaisir, parce que donner nous fait ressembler \u00e0 Dieu. Toutes les Eglises o\u00f9 ces principes de g\u00e9n\u00e9rosit\u00e9 sont enseign\u00e9s exp\u00e9rimentent une croissance num\u00e9rique. Et avec la croissance num\u00e9rique vient \u00e9galement la croissance financi\u00e8re. Les gens donnent lorsqu\u2019ils sont instruits, lorsqu\u2019ils sont nourris, et lorsqu\u2019ils ont confiance dans l\u2019int\u00e9grit\u00e9 du <em>leadership<\/em>. Lorsqu\u2019on leur pr\u00e9sente une vision grande et excellente, que l\u2019int\u00e9grit\u00e9 est l\u00e0 et qu\u2019ils en voient les fruits, les gens d\u00e9cident de donner g\u00e9n\u00e9reusement. Quand on a lanc\u00e9 le projet de construction d\u2019un <a title=\"Le temple protestant\" href=\"https:\/\/regardsprotestants.com\/le-temple-protestant\/\" data-internallinksmanager029f6b8e52c=\"13\">temple<\/a> pour Dieu au c\u0153ur de la capitale de la francophonie, ce projet a stimul\u00e9, il a enthousiasm\u00e9, pas seulement les membres d\u2019Impact Centre Chr\u00e9tien France, mais les membres d\u2019ICC dans le monde entier. Et donc les dons sont venus de partout.<\/p>\n<p>Vous n\u2019imaginez pas la fiert\u00e9 qui est la leur de r\u00e9aliser \u00e7a, en France, en r\u00e9gion parisienne, la capitale de la francophonie. Il y a de la fiert\u00e9 d\u2019\u00eatre une pierre vivante, d\u2019\u00e9crire une histoire, chacun de nous \u00e9tant une pierre de cet \u00e9difice qui sera construit. Il y a une v\u00e9ritable fiert\u00e9, parce que le projet qui \u00e9tait pr\u00e9sent\u00e9 \u00e9tait un projet ambitieux avec une vision d\u2019excellence et d\u2019int\u00e9grit\u00e9. C\u2019est \u00e7a, en fait, le secret, il n\u2019y a rien d\u2019autre. <strong>La grande majorit\u00e9 de nos donateurs sont Afro-Antillais.<\/strong> Il y a aussi cette fiert\u00e9 d\u2019accomplir quelque chose de grand, alors qu\u2019on est parfois m\u00e9pris\u00e9, banalis\u00e9, inf\u00e9rioris\u00e9s. La fiert\u00e9, \u00a0ensemble, de r\u00e9aliser quelque chose qui va d\u00e9passer largement notre vie, notre g\u00e9n\u00e9ration, et qui va subsister dans les g\u00e9n\u00e9rations futures mais qui aura \u00e9t\u00e9 enfant\u00e9e par notre g\u00e9n\u00e9ration. Certains, oui, ils ne comprennent pas, mais pour nous, c\u2019est une vraie fiert\u00e9. Et on a tous h\u00e2te de voir cet \u00e9difice enfant\u00e9. Inaugur\u00e9.<\/p>\n<p><em>\u00a0<\/em><\/p>\n<h3>6\/ Dans certains cercles missionnaires, la France a longtemps eu la r\u00e9putation d\u2019un terrain difficile pour l\u2019\u00e9vang\u00e9lisation. Qu\u2019en pensez-vous ?<\/h3>\n<p>La France n\u2019est pas simple. Il y a beaucoup de raisonnements. Beaucoup de forteresses, d\u2019incr\u00e9dulit\u00e9, d\u2019ath\u00e9isme. En tout cas pour des Eglises comme les n\u00f4tres, beaucoup de pr\u00e9jug\u00e9s. Beaucoup de limitations. Des pr\u00e9jug\u00e9s parfois un peu racistes, mais c\u2019est subtil en fait. Oui, il y en a beaucoup. Donc je comprends que l\u2019on dise que la France est un terrain difficile. mais tr\u00e8s honn\u00eatement, depuis qu\u2019on a commenc\u00e9 Impact Centre Chr\u00e9tien \u2013 nous, on a commenc\u00e9 avec la mentalit\u00e9 de Josu\u00e9 et Caleb \u2013\u00a0 on a \u00e9t\u00e9 d\u00e9livr\u00e9s du syst\u00e8me de pens\u00e9e de l\u2019excuse, de l\u2019\u00e9chec.<\/p>\n<p>Donc d\u00e8s le d\u00e9but en fait, on y est all\u00e9s, avec <strong>la vision des conqu\u00e9rants, de gens qui vont impacter, de gens qui vont r\u00e9ussir.<\/strong> Pour cela, nous avons mis en \u0153uvre un secret, qui a fait la diff\u00e9rence jusqu\u2019\u00e0 aujourd\u2019hui, c\u2019est le secret de la pr\u00e9sence manifeste de Dieu. A Impact Centre Chr\u00e9tien, nous n\u2019avons pas mis l\u2019accent sur l\u2019\u00e9vang\u00e9lisation ext\u00e9rieure, la distribution de tracts. Ce ne sont pas des choses qu\u2019on a faites souvent, en v\u00e9rit\u00e9. On a mis l\u2019accent sur l\u2019\u00e9l\u00e9vation de la personne de J\u00e9sus au centre de l\u2019Eglise, par l\u2019adoration, par la cons\u00e9cration, par l\u2019ob\u00e9issance \u00e0 Dieu, en cr\u00e9ant des dynamiques de pri\u00e8re corporative qui contribuent \u00e0 \u00e9lever le nom de J\u00e9sus, \u00e0 faire en sorte qu\u2019il soit honor\u00e9, qu\u2019il soit d\u00e9sir\u00e9, qu\u2019il soit suppli\u00e9, qu\u2019il soit magnifi\u00e9. Cet accent sur l\u2019adoration a attir\u00e9 les gens. Cela ne se fait pas par les tracts, cela se fait par l\u2019\u00e9l\u00e9vation de la pr\u00e9sence divine. En tout cas, nous, c\u2019est notre secret. Oui, le territoire est d\u00e9licat, mais en fait avec Dieu tout est possible. On ne pense pas \u00ab\u00a0limitation\u00a0\u00bb, on ne se plaint pas, ce n\u2019est pas notre <em>mindset<\/em>. Avec Dieu tout est possible, et c\u2019est ce qu\u2019on verra encore par sa gr\u00e2ce, et l\u2019assistance de son Esprit, au nom de J\u00e9sus, amen !<\/p>\n","protected":false},"excerpt":{"rendered":"<p>Entretien exclusif avec Yvan Castanou, pasteur principal de la megachurch francophone Impact Centre Chr\u00e9tien, pour ce dernier \u00e9pisode de notre s\u00e9rie sur les 20 ans de l&rsquo;Eglise ICC (4\/4). &nbsp; Pasteur principal de la megachurch francophone Impact Centre Chr\u00e9tien, Yvan Castanou n\u2019a \u00e9t\u00e9 que peu interview\u00e9 jusqu\u2019\u00e0 pr\u00e9sent. Son analyse vaut pourtant le d\u00e9tour ! [&hellip;]<\/p>\n","protected":false},"author":3,"featured_media":937,"comment_status":"closed","ping_status":"closed","sticky":false,"template":"","format":"standard","meta":[],"categories":[1],"tags":[55,97,216,2,202],"_links":{"self":[{"href":"https:\/\/www.fil-info-francophonie.com\/index.php?rest_route=\/wp\/v2\/posts\/936"}],"collection":[{"href":"https:\/\/www.fil-info-francophonie.com\/index.php?rest_route=\/wp\/v2\/posts"}],"about":[{"href":"https:\/\/www.fil-info-francophonie.com\/index.php?rest_route=\/wp\/v2\/types\/post"}],"author":[{"embeddable":true,"href":"https:\/\/www.fil-info-francophonie.com\/index.php?rest_route=\/wp\/v2\/users\/3"}],"replies":[{"embeddable":true,"href":"https:\/\/www.fil-info-francophonie.com\/index.php?rest_route=%2Fwp%2Fv2%2Fcomments&post=936"}],"version-history":[{"count":1,"href":"https:\/\/www.fil-info-francophonie.com\/index.php?rest_route=\/wp\/v2\/posts\/936\/revisions"}],"predecessor-version":[{"id":938,"href":"https:\/\/www.fil-info-francophonie.com\/index.php?rest_route=\/wp\/v2\/posts\/936\/revisions\/938"}],"wp:featuredmedia":[{"embeddable":true,"href":"https:\/\/www.fil-info-francophonie.com\/index.php?rest_route=\/wp\/v2\/media\/937"}],"wp:attachment":[{"href":"https:\/\/www.fil-info-francophonie.com\/index.php?rest_route=%2Fwp%2Fv2%2Fmedia&parent=936"}],"wp:term":[{"taxonomy":"category","embeddable":true,"href":"https:\/\/www.fil-info-francophonie.com\/index.php?rest_route=%2Fwp%2Fv2%2Fcategories&post=936"},{"taxonomy":"post_tag","embeddable":true,"href":"https:\/\/www.fil-info-francophonie.com\/index.php?rest_route=%2Fwp%2Fv2%2Ftags&post=936"}],"curies":[{"name":"wp","href":"https:\/\/api.w.org\/{rel}","templated":true}]}}