{"id":931,"date":"2022-03-19T22:51:04","date_gmt":"2022-03-19T22:51:04","guid":{"rendered":"https:\/\/www.fil-info-francophonie.com\/?p=931"},"modified":"2022-03-21T22:53:39","modified_gmt":"2022-03-21T22:53:39","slug":"eglise-icc-un-centre-de-congres-pour-la-francophonie","status":"publish","type":"post","link":"https:\/\/www.fil-info-francophonie.com\/?p=931","title":{"rendered":"Eglise ICC, un centre de congr\u00e8s pour la francophonie"},"content":{"rendered":"<p><em>Les nouveaux b\u00e2timents d&rsquo;ICC sont aujourd&rsquo;hui en voie d&rsquo;ach\u00e8vement. Leur nom ? L&rsquo;Autel royal. Troisi\u00e8me \u00e9pisode de notre s\u00e9rie sur les 20 ans de la m\u00e9ga-Eglise Impact Centre Chr\u00e9tien (3\/4).<\/em><\/p>\n<p>&nbsp;<\/p>\n<p><strong>Troisi\u00e8me \u00e9pisode de notre s\u00e9rie \u00ab ICC, 20 ans, et apr\u00e8s ? La fabrique d\u2019une rechristianisation postcoloniale \u00bb (3\/4)<\/strong><\/p>\n<p><strong><em>Modestine Castanou, <a title=\"pasteure\" href=\"https:\/\/regardsprotestants.com\/peut-on-etre-femme-et-pasteur\/\" data-internallinksmanager029f6b8e52c=\"3\">pasteure<\/a> et casque sur la t\u00eate, inspectrice de chantier ? L\u2019image est parue en 2021 dans un reportage du magazine chr\u00e9tien OnEstEnsemble (n\u00b02), consacr\u00e9 aux femmes. Elle illustre la nouvelle \u00e9tape de l\u2019histoire d\u2019Impact Centre Chr\u00e9tien (ICC), en route vers son nouveau site d\u2019implantation, l\u2019Autel royal.<\/em><em>\u00a0<\/em><\/strong><\/p>\n<p>L\u2019Eglise francilienne Impact Centre Chr\u00e9tien (ICC), qui f\u00eate ses vingt ans d\u2019existence en 2022, s\u2019inscrit aujourd\u2019hui dans deux tendances. D\u2019une part, une dynamique de rechristianisation postcoloniale, port\u00e9e par les territoires circulatoires de la francophonie. D\u2019autre part, le mouvement des <em>megachurches<\/em>, ou m\u00e9ga-Eglises. Ces Eglises de taille inhabituelle rassemblent en un m\u00eame lieu au moins 2000 fid\u00e8les sur un, deux ou trois cultes dans le week-end. Elles proposent aussi une multi-activit\u00e9. Ces assembl\u00e9es chr\u00e9tiennes sont en croissance r\u00e9guli\u00e8re en Afrique, en Asie, en Oc\u00e9anie et en Europe.<\/p>\n<p><strong>ICC, bient\u00f4t le plus vaste campus <a title=\"Les \u00e9vang\u00e9liques\" href=\"https:\/\/regardsprotestants.com\/nos-dossiers-thematiques\/les-differentes-familles-protestantes\/les-evangeliques\/\" data-internallinksmanager029f6b8e52c=\"22\">\u00e9vang\u00e9lique<\/a> de l\u2019hexagone ?<\/strong><\/p>\n<p>La France ne fait pas exception. Rattach\u00e9es au protestantisme \u00e9vang\u00e9lique, les Eglises taille XXL constituent aujourd\u2019hui de v\u00e9ritables locomotives de la francophonie chr\u00e9tienne. Plusieurs inaugurations, ces derni\u00e8res ann\u00e9es, ont illustr\u00e9 leur popularit\u00e9 croissante. \u00a0En mai 2015, c\u2019est la <em>megachurch<\/em> de la Porte Ouverte Chr\u00e9tienne de Mulhouse (POC), dans le Haut-Rhin, qui inaugurait ses nouveaux locaux agrandis, \u00e0 Bourtzviller, avec une capacit\u00e9 d\u2019accueil totale port\u00e9e \u00e0 plus de 3000 personnes.<\/p>\n<p>C\u2019est ensuite la <em>megachurch<\/em> MLK, conduite par le <a title=\"La sexualit\u00e9 des pasteurs\" href=\"https:\/\/regardsprotestants.com\/la-sexualite-des-pasteurs\/\" data-internallinksmanager029f6b8e52c=\"15\">pasteur<\/a> Ivan Carluer, qui inaugurait officiellement l\u2019espace Martin Luther King \u00e0 Cr\u00e9teil (Val-de-Marne), le 11 septembre 2021. Deux autres m\u00e9ga-Eglises, parmi les plus embl\u00e9matiques aujourd\u2019hui des renouvellements chr\u00e9tiens en France, se pr\u00e9parent \u00e0 franchir le pas de l\u2019agrandissement : il s\u2019agit de Paris Centre Chr\u00e9tien, une Eglise bas\u00e9e \u00e0 La Courneuve (Seine-Saint-Denis), conduite par la pasteure Doroth\u00e9e Rajiah, et d\u2019Impact Centre Chr\u00e9tien (ICC), conduite par Yvan et Modestine Castanou.<\/p>\n<p>Cette derni\u00e8re n\u2019est pas loin d\u2019aboutir dans son projet. Elle s\u2019annonce comme la prochaine sur la liste des \u00ab\u00a0cr\u00e9maill\u00e8res XXL\u00a0\u00bb qui scandent, depuis quelques ann\u00e9es, l\u2019inscription des mega-Eglises dans le paysage chr\u00e9tien du XXIe si\u00e8cle. Non sans viser tr\u00e8s haut : le chantier, en cours de r\u00e9alisation, promet d\u2019offrir aux fid\u00e8les le plus vaste campus \u00e9vang\u00e9lique de l\u2019hexagone.<\/p>\n<p><img decoding=\"async\" loading=\"lazy\" class=\"wp-image-122166 img-responsive alignleft\" src=\"https:\/\/regardsprotestants.com\/wp-content\/uploads\/2022\/03\/51927980226_336adc2e17_k.jpg\" alt=\"\" width=\"584\" height=\"402\" \/>A l\u2019\u00e9troit dans ses locaux de Boissy-Saint-L\u00e9ger (Val-de-Marne) apr\u00e8s 20 ans de croissance (voir articles 1\/4 et 2\/4 de cette s\u00e9rie), l\u2019Eglise ICC a lanc\u00e9 la r\u00e9flexion pour un nouveau site au milieu de la d\u00e9cennie 2010. Elle a ensuite amorc\u00e9 vigoureusement le projet \u00e0 partir de 2016-2017, et rassembl\u00e9 et investi les fonds n\u00e9cessaires. Un terrain a \u00e9t\u00e9 trouv\u00e9\u00a0: il se situe \u00e0 Croissy-Beaubourg (Seine-et-Marne). Le site se trouve \u00e0 un peu plus de 20 kms au Nord-Ouest de l\u2019implantation pr\u00e9c\u00e9dente. La m\u00eame distance de 20 kms \u00e0 vol d\u2019oiseau le s\u00e9pare de l\u2019ancien endroit o\u00f9 se dressait le majestueux <a title=\"Le temple protestant\" href=\"https:\/\/regardsprotestants.com\/le-temple-protestant\/\" data-internallinksmanager029f6b8e52c=\"13\">temple protestant<\/a> de Charenton. Un \u00e9difice spectaculaire pour l\u2019\u00e9poque, qui accueillait, dans ses jours fastes, jusqu\u2019\u00e0 4000 protestants parisiens avant la R\u00e9vocation de l\u2019Edit de Nantes de 1685<a href=\"https:\/\/regardsprotestants.com\/francophonie\/eglise-icc-un-centre-de-congres-pour-la-francophonie\/#_ftn1\" name=\"_ftnref1\">[1]<\/a>\u2026<\/p>\n<p>Les nouveaux b\u00e2timents d\u2019ICC sont aujourd\u2019hui en voie d\u2019ach\u00e8vement. Leur nom ? L\u2019Autel royal. Cette d\u00e9signation s\u2019appuie sur une double r\u00e9f\u00e9rence. L\u2019autel renvoie \u00e0 l\u2019importance de l\u2019adoration, centrale dans la pratique cultuelle d\u2019Impact Centre Chr\u00e9tien. Et la d\u00e9signation royale s\u2019explique par la centralit\u00e9 \u00e9vang\u00e9lique de la m\u00e9taphore du Royaume de Dieu. Les b\u00e2timents de 4500m2, sur une surface totale de plus de 31.000 m2<a href=\"https:\/\/regardsprotestants.com\/francophonie\/eglise-icc-un-centre-de-congres-pour-la-francophonie\/#_ftn2\" name=\"_ftnref2\">[2]<\/a>, sont impressionnants. Ils t\u00e9moignent d\u2019une conception minutieuse, port\u00e9e par des ressources humaines motiv\u00e9es et optimis\u00e9es. L\u2019Autel royal comporte un grand auditorium principal de plus de 3000 places, mais aussi de nombreuses salles multi-fonctions, des bureaux, un restaurant : le cultuel n\u2019est pas la seule finalit\u00e9 de l\u2019Autel royal, pr\u00e9vu comme un Centre de conf\u00e9rences ou Palais des congr\u00e8s. Autant dire que les espaces propos\u00e9s permettront d\u2019accueillir aussi, sur plusieurs \u00e9tages, des enseignements, symposiums, r\u00e9p\u00e9titions de musique, enregistrements studio, concerts, festivit\u00e9s. Le concept se rapproche, sur ce point, de l\u2019Espace Martin Luther King inaugur\u00e9, \u00e0 Cr\u00e9teil, en septembre 2021. Le montage financier, en revanche, est diff\u00e9rent. Yvan et Modestine Castanou ont choisi de faire de leur Eglise la propri\u00e9taire directe, au prix d\u2019un effort financier irrigu\u00e9 par plusieurs milliers de donateurs motiv\u00e9s.<\/p>\n<p><strong>Pasteure Modestine Castanou et le \u00ab\u00a0service de l\u2019Autel\u00a0\u00bb<\/strong><\/p>\n<p>Visit\u00e9 le 22 f\u00e9vrier 2022<a href=\"https:\/\/regardsprotestants.com\/francophonie\/eglise-icc-un-centre-de-congres-pour-la-francophonie\/#_ftn3\" name=\"_ftnref3\">[3]<\/a>, le chantier est suivi pas \u00e0 pas par Modestine Castanou. Loin des r\u00f4les subalternes laiss\u00e9s, dans certains milieux chr\u00e9tiens, aux \u00ab\u00a0femmes de\u00a0\u00bb, Pasteure Mode, comme on l\u2019appelle dans l\u2019Eglise ICC, assume et incarne un mod\u00e8le pastoral au f\u00e9minin, investi de responsabilit\u00e9s de premier plan. Un exemple qui s\u2019inscrit \u00ab\u00a0dans la continuit\u00e9 des transformations contemporaines du leadership religieux en Afrique et dans une red\u00e9finition globale des minist\u00e8res impuls\u00e9e par les r\u00e9seaux charismatiques\u00a0\u00bb<a href=\"https:\/\/regardsprotestants.com\/francophonie\/eglise-icc-un-centre-de-congres-pour-la-francophonie\/#_ftn4\" name=\"_ftnref4\">[4]<\/a> . Une des forces du projet d\u2019Impact Centre Chr\u00e9tien tiendrait-il aussi dans cette dynamique de valorisation tous azimuts des talents f\u00e9minins ? Force est de constater, en tout cas, la clart\u00e9 et la consistance des enseignements, mais aussi des protocoles mis en \u0153uvre \u00e0 ICC afin de placer les femmes, comme les hommes, en position de responsabilit\u00e9. Que ce soit pour pr\u00eacher, enseigner, organiser ou diriger une \u00e9quipe. Interrog\u00e9e sur le sujet, Modestine Castanou rapporte : \u00ab\u00a0aujourd\u2019hui je vois les femmes que j\u2019ai vues il y a 10 ans, lorsqu\u2019elles arrivaient, mais c\u2019\u00e9tait vraiment\u2026 elles se mettaient \u00e0 la limite derri\u00e8re, elles-m\u00eames elles s\u2019excluaient: \u2018\u00e7a je n\u2019ai pas le droit de le faire parce que suis une femme\u2019. Et aujourd\u2019hui quand je les vois, oui, il y en a qui pr\u00eachent, il y en a qui tiennent, qui dirigent des campus chez nous, (\u2026) elles osent parce qu\u2019elles ont compris qui elles \u00e9taient\u00a0\u00bb<a href=\"https:\/\/regardsprotestants.com\/francophonie\/eglise-icc-un-centre-de-congres-pour-la-francophonie\/#_ftn5\" name=\"_ftnref5\">[5]<\/a>.<\/p>\n<p>Les contraintes du <em>Code de droit canonique<\/em> catholique interdisent aux femmes le \u00ab\u00a0service de l\u2019autel\u00a0\u00bb, \u00ab\u00a0sauf en l\u2019absence d\u2019un homme\u00a0\u00bb\u2026 Certains milieux \u00e9vang\u00e9liques ou fondamentalistes ne sont pas tr\u00e8s \u00e9loign\u00e9s de ces prescriptions. Elles sont <em>hors-jeu<\/em> \u00e0 l\u2019Autel royal. A quoi ressemblera ICC, une fois son Autel termin\u00e9 \u00e0 Croissy-Beaubourg ? Quelles recompositions ? L\u2019avenir reste ouvert mais une chose est s\u00fbre : l\u2019apport f\u00e9minin, \u00e0 tous les \u00e9tages, est appel\u00e9 \u00e0 rester au c\u0153ur des dispositifs militants mis en place \u00e0 Impact Centre Chr\u00e9tien.<\/p>\n<p><em>(\u00e0 suivre)<\/em><\/p>\n<p><img decoding=\"async\" loading=\"lazy\" class=\"alignnone size-full wp-image-122167 img-responsive\" src=\"https:\/\/regardsprotestants.com\/wp-content\/uploads\/2022\/03\/Modestine-Castanou-cre\u0301dit-OEE.jpg\" alt=\"\" width=\"800\" height=\"572\" \/><\/p>\n<p><a href=\"https:\/\/regardsprotestants.com\/francophonie\/eglise-icc-un-centre-de-congres-pour-la-francophonie\/#_ftnref1\" name=\"_ftn1\">[1]<\/a> Situ\u00e9 dans l\u2019Est parisien, le temple de Charenton \u00e9tait une sorte de \u00ab\u00a0m\u00e9ga-Eglise\u00a0\u00bb avant l\u2019heure, du fait des n\u00e9cessit\u00e9s du temps -restrictions au culte protestant en r\u00e9gion parisienne- . Il a \u00e9t\u00e9 con\u00e7u par Salomon de Brosse en 1623 (architecte protestant \u00e0 l\u2019origine aussi du palais du Luxembourg). Voir sa notice sur le site https:\/\/museeprotestant.org\/<\/p>\n<p><a href=\"https:\/\/regardsprotestants.com\/francophonie\/eglise-icc-un-centre-de-congres-pour-la-francophonie\/#_ftnref2\" name=\"_ftn2\">[2]<\/a> Voir le site d\u00e9di\u00e9, \u00ab\u00a0Les b\u00e2tisseurs du Royaume\u00a0\u00bb : https:\/\/impactcentrechretien.com\/batisseur-du-royaume\/<\/p>\n<p><a href=\"https:\/\/regardsprotestants.com\/francophonie\/eglise-icc-un-centre-de-congres-pour-la-francophonie\/#_ftnref3\" name=\"_ftn3\">[3]<\/a> Un album photo est disponible sur ce site : https:\/\/www.flickr.com\/photos\/pilgrimseb\/albums\/72177720297236314<\/p>\n<p><a href=\"https:\/\/regardsprotestants.com\/francophonie\/eglise-icc-un-centre-de-congres-pour-la-francophonie\/#_ftnref4\" name=\"_ftn4\">[4]<\/a> G. Malogne-Fer et Y. Fer, <em>Femmes et pentec\u00f4tismes, enjeux d\u2019autorit\u00e9 et rapports de genre<\/em>, Gen\u00e8ve, Labor et Fides, 2015, p.23.<\/p>\n<p><a href=\"https:\/\/regardsprotestants.com\/francophonie\/eglise-icc-un-centre-de-congres-pour-la-francophonie\/#_ftnref5\" name=\"_ftn5\">[5]<\/a> Interview de Modestine Castanou par Tiavina Kleber, \u00ab\u00a0Celle qui construisait la plus grande <a title=\"Qu\u2019est-ce qui fait l\u2019\u00c9glise ?\" href=\"https:\/\/regardsprotestants.com\/nos-dossiers-thematiques\/catholiques-protestants-quelles-differences\/quest-ce-qui-fait-leglise\/\" data-internallinksmanager029f6b8e52c=\"20\">\u00e9glise<\/a> de France, avec Modestine Castanou, pasteur (\u00e9glise Impact Centre Chr\u00e9tien)\u00a0\u00bb, Emission \u00ab\u00a0L\u2019El\u00e9phant dans la pi\u00e8ce\u00a0\u00bb, postcast, 24 juin 2021 (lien https:\/\/onestensemblemag.com\/modestine-castanou\/)<\/p>\n","protected":false},"excerpt":{"rendered":"<p>Les nouveaux b\u00e2timents d&rsquo;ICC sont aujourd&rsquo;hui en voie d&rsquo;ach\u00e8vement. Leur nom ? L&rsquo;Autel royal. Troisi\u00e8me \u00e9pisode de notre s\u00e9rie sur les 20 ans de la m\u00e9ga-Eglise Impact Centre Chr\u00e9tien (3\/4). &nbsp; Troisi\u00e8me \u00e9pisode de notre s\u00e9rie \u00ab ICC, 20 ans, et apr\u00e8s ? La fabrique d\u2019une rechristianisation postcoloniale \u00bb (3\/4) Modestine Castanou, pasteure et casque [&hellip;]<\/p>\n","protected":false},"author":3,"featured_media":935,"comment_status":"closed","ping_status":"closed","sticky":false,"template":"","format":"standard","meta":[],"categories":[1],"tags":[3,214,215,2,202],"_links":{"self":[{"href":"https:\/\/www.fil-info-francophonie.com\/index.php?rest_route=\/wp\/v2\/posts\/931"}],"collection":[{"href":"https:\/\/www.fil-info-francophonie.com\/index.php?rest_route=\/wp\/v2\/posts"}],"about":[{"href":"https:\/\/www.fil-info-francophonie.com\/index.php?rest_route=\/wp\/v2\/types\/post"}],"author":[{"embeddable":true,"href":"https:\/\/www.fil-info-francophonie.com\/index.php?rest_route=\/wp\/v2\/users\/3"}],"replies":[{"embeddable":true,"href":"https:\/\/www.fil-info-francophonie.com\/index.php?rest_route=%2Fwp%2Fv2%2Fcomments&post=931"}],"version-history":[{"count":1,"href":"https:\/\/www.fil-info-francophonie.com\/index.php?rest_route=\/wp\/v2\/posts\/931\/revisions"}],"predecessor-version":[{"id":932,"href":"https:\/\/www.fil-info-francophonie.com\/index.php?rest_route=\/wp\/v2\/posts\/931\/revisions\/932"}],"wp:featuredmedia":[{"embeddable":true,"href":"https:\/\/www.fil-info-francophonie.com\/index.php?rest_route=\/wp\/v2\/media\/935"}],"wp:attachment":[{"href":"https:\/\/www.fil-info-francophonie.com\/index.php?rest_route=%2Fwp%2Fv2%2Fmedia&parent=931"}],"wp:term":[{"taxonomy":"category","embeddable":true,"href":"https:\/\/www.fil-info-francophonie.com\/index.php?rest_route=%2Fwp%2Fv2%2Fcategories&post=931"},{"taxonomy":"post_tag","embeddable":true,"href":"https:\/\/www.fil-info-francophonie.com\/index.php?rest_route=%2Fwp%2Fv2%2Ftags&post=931"}],"curies":[{"name":"wp","href":"https:\/\/api.w.org\/{rel}","templated":true}]}}