{"id":916,"date":"2022-01-31T21:34:37","date_gmt":"2022-01-31T21:34:37","guid":{"rendered":"https:\/\/www.fil-info-francophonie.com\/?p=916"},"modified":"2022-02-02T21:36:26","modified_gmt":"2022-02-02T21:36:26","slug":"la-pandemie-a-emmene-une-nouvelle-saison-dans-nos-vies","status":"publish","type":"post","link":"https:\/\/www.fil-info-francophonie.com\/?p=916","title":{"rendered":"\u00ab La pand\u00e9mie a emmen\u00e9 une nouvelle saison dans nos vies \u00bb"},"content":{"rendered":"<p><em>L&rsquo;auteure-compositrice et interpr\u00e8te de Gospel, M\u00e9lina O. revient sur les d\u00e9fis artistiques li\u00e9s \u00e0 la pand\u00e9mie de Covid-19 et \u00e9voque les projets qui s&rsquo;annoncent.<\/em><\/p>\n<p><em>Auteure-compositrice et interpr\u00e8te de Gospel, M\u00e9lina O. est de celles qui ont adopt\u00e9 le chant comme une vocation (1). Apr\u00e8s un premier volet d\u2019entretien o\u00f9 elle fait retour sur son parcours, elle r\u00e9agit ici aux d\u00e9fis et projets qui s\u2019annoncent.<\/em><\/p>\n<p>&nbsp;<\/p>\n<p><strong>Le Gospel francophone, notamment africain, est parfois soumis \u00e0 des st\u00e9r\u00e9otypes, et parfois une forme de racisme plus ou moins d\u00e9guis\u00e9. En avez-vous souffert parfois ? Voyez-vous des \u00e9volutions positives ?\u00a0<\/strong><\/p>\n<p>Il y a beaucoup de changement. M\u00eame dans le s\u00e9culier, les musiques afro sont tr\u00e8s tendances et le glissement se fait tout naturellement dans la sph\u00e8re chr\u00e9tienne. Les gens se sont habitu\u00e9s \u00e0 entendre une musique Gospel qui vient des Etats-Unis mais les nouvelles technologies ont rendu plus accessible la musique d\u2019un point de vue global.<\/p>\n<p>En ce qui me concerne, j\u2019ai \u00e9galement senti que ma musique \u00e9tait jug\u00e9e inf\u00e9rieure parce que je ne faisais pas partie d\u2019un label. Je viens d\u2019Afrique et nous \u00e9tions souvent jug\u00e9s pour des personnes qui criaient au lieu de chanter. Je ne me suis pas arr\u00eat\u00e9e \u00e0 ces situations. Je pense qu\u2019il faut \u00eatre l\u00e0 o\u00f9 on est attendu.e et que la consistance est une clef.<\/p>\n<p><strong>Beaucoup de gens appr\u00e9cient le Gospel, mais il existe tr\u00e8s peu de politiques publiques de soutien aux interpr\u00e8tes et aux groupes. Si vous aviez des suggestions \u00e0 faire, quelles seraient-elles ?\u00a0<\/strong><\/p>\n<p>Je pense qu\u2019il faudrait qu\u2019en tant que chr\u00e9tiens, nous soyons davantage dans les syst\u00e8mes qui d\u00e9cident pour que nos voix se fassent entendre. Nous sommes souvent tr\u00e8s peu inform\u00e9s des structures et dispositifs mis en place pour accompagner les artistes. J\u2019aime bien ce verset biblique, dans le livre des Proverbes (15\u00a0:14) qui \u00e9nonce qu\u2019 \u00ab\u00a0Un c\u0153ur intelligent cherche la science, Mais la bouche des insens\u00e9s se pla\u00eet \u00e0 la folie.\u00a0\u00bb<\/p>\n<p><strong>La pand\u00e9mie du Covid19 en 2020 et 2021 a \u00e9t\u00e9 ravageuse pour le march\u00e9 de la musique, avec l\u2019impossibilit\u00e9 d\u2019organiser des concerts. 2022 s\u2019annonce pour l\u2019instant assez compliqu\u00e9e aussi\u2026 Comment avez-vous g\u00e9r\u00e9 ce passage difficile ? Comment vous-\u00eates-vous adapt\u00e9e ?<\/strong><\/p>\n<p>Cette pand\u00e9mie, c\u2019est un temps de r\u00e9flexion pour le monde entier et plus sp\u00e9cialement les chr\u00e9tiens. J\u2019utilise ce temps pour \u00eatre capable de naviguer de l\u00e0 o\u00f9 je viens, en passant par o\u00f9 je suis jusqu\u2019\u00e0 o\u00f9 je dois \u00eatre.<\/p>\n<p>J\u2019utilise aussi cette p\u00e9riode particuli\u00e8re pour \u00e9crire sur le temps et les saisons. J\u2019ai d\u2019ailleurs finalis\u00e9 un ebook qui est disponible sur Amazon avec pour titre \u00ab\u00a0Soyez la b\u00e9n\u00e9diction que vous voulez que les autres soient pour vous\u00a0\u00bb (2).<\/p>\n<p>La pand\u00e9mie de\u00a0<a title=\"covid-19\" href=\"https:\/\/regardsprotestants.com\/francophonie\/la-pandemie-a-emmene-une-nouvelle-saison-dans-nos-vies\/\" data-internallinksmanager029f6b8e52c=\"35\">Covid-19<\/a>\u00a0a emmen\u00e9 une nouvelle saison dans nos vies juste comme quand No\u00e9 a construit l\u2019arche et en tant que chr\u00e9tiens nous devons avoir les instructions pour construire notre arche.<\/p>\n<p><strong>Apr\u00e8s une p\u00e9riode assez calme, l\u2019ann\u00e9e 2021 a \u00e9t\u00e9 artistiquement tr\u00e8s productive pour vous, notamment avec le titre ILOLO (m\u00ealant chant gabonais, my\u00e8n\u00e8, chant chr\u00e9tien et danse), tr\u00e8s populaire sur la Toile d\u2019<a title=\"Bible protestante en ligne : notre s\u00e9lection\" href=\"https:\/\/regardsprotestants.com\/bible-protestante-en-ligne\/\" data-internallinksmanager029f6b8e52c=\"11\">internet<\/a>. Quelle a \u00e9t\u00e9 l\u2019inspiration qui vous a pouss\u00e9e ?\u00a0<\/strong><\/p>\n<p>C\u2019\u00e9tait la saison pour le faire. Quand mon cousin, Alexe Ondjokou, m\u2019a contact\u00e9 pour me proposer cette inspiration totalement en my\u00e8n\u00e8, j\u2019ai aim\u00e9 le concept et j\u2019ai senti qu\u2019il m\u2019\u00e9tait offert une vraie p\u00e9pite. Ilolo signifie acclamations, ovations. C\u2019est une louange \u00e0 Dieu, une c\u00e9l\u00e9bration pour le don de son fils et la vie qu\u2019il nous accorde. C\u2019est un challenge et \u00e0 la fois un test parce que c\u2019est la premi\u00e8re fois que je fais ce genre de projet. Je me suis dit que si le langage de la harpe de David pouvait apaiser le c\u0153ur de Sa\u00fcl, alors le my\u00e8n\u00e8 pouvait transmettre un message de joie m\u00eame pour ceux qui ne le comprennent pas.<\/p>\n<p><strong>Quels sont vos projets pour 2022, mais aussi vos souhaits \u00e0 moyen terme, non seulement pour vous, mais pour la communaut\u00e9 du Gospel francophone ?<\/strong><\/p>\n<p>\u00ab\u00a0Ilolo\u00a0\u00bb vient de passer la barre des 100\u00a0000 vues et j\u2019esp\u00e8re bien que cette chanson, qui montre que nous pouvons louer Dieu avec la diversit\u00e9 de nos cultures, continuera d\u2019\u00eatre une b\u00e9n\u00e9diction pour des multitudes.<\/p>\n<p>Je travaille d\u00e9j\u00e0 sur d\u2019autres chansons mais il faudra patienter encore avant d\u2019en d\u00e9voiler un peu plus.<\/p>\n<p>Proposer plus de formation, du conseil pour les artistes en herbe qui \u00e9voluent dans un contexte o\u00f9 il n\u2019est pas tr\u00e8s \u00e9vident de faire conna\u00eetre son talent est \u00e9galement dans mon agenda.<\/p>\n<p>Je prie que le parfum r\u00e9pandu par les ministres du Gospel francophone apporte paix et d\u00e9livrance dans ces temps de grande souffrance. Et que Dieu b\u00e9nisse les lecteurs du portail Regards protestants !<\/p>\n<p>&nbsp;<\/p>\n<p>(1) Cf. le portrait de M\u00e9lina O. (alors appel\u00e9e M\u00e9lina Ondjani) en encadr\u00e9 dans S\u00e9bastien Fath,\u00a0<em>Gospel et francophonie une alliance sans fronti\u00e8re<\/em>, Tharaux, ed. Empreinte, 2016, p.70.<\/p>\n<p>(2) Finalis\u00e9 en 2020, disponible en format Kindle.<\/p>\n","protected":false},"excerpt":{"rendered":"<p>L&rsquo;auteure-compositrice et interpr\u00e8te de Gospel, M\u00e9lina O. revient sur les d\u00e9fis artistiques li\u00e9s \u00e0 la pand\u00e9mie de Covid-19 et \u00e9voque les projets qui s&rsquo;annoncent. Auteure-compositrice et interpr\u00e8te de Gospel, M\u00e9lina O. est de celles qui ont adopt\u00e9 le chant comme une vocation (1). Apr\u00e8s un premier volet d\u2019entretien o\u00f9 elle fait retour sur son parcours, [&hellip;]<\/p>\n","protected":false},"author":3,"featured_media":917,"comment_status":"closed","ping_status":"closed","sticky":false,"template":"","format":"standard","meta":[],"categories":[1],"tags":[],"_links":{"self":[{"href":"https:\/\/www.fil-info-francophonie.com\/index.php?rest_route=\/wp\/v2\/posts\/916"}],"collection":[{"href":"https:\/\/www.fil-info-francophonie.com\/index.php?rest_route=\/wp\/v2\/posts"}],"about":[{"href":"https:\/\/www.fil-info-francophonie.com\/index.php?rest_route=\/wp\/v2\/types\/post"}],"author":[{"embeddable":true,"href":"https:\/\/www.fil-info-francophonie.com\/index.php?rest_route=\/wp\/v2\/users\/3"}],"replies":[{"embeddable":true,"href":"https:\/\/www.fil-info-francophonie.com\/index.php?rest_route=%2Fwp%2Fv2%2Fcomments&post=916"}],"version-history":[{"count":1,"href":"https:\/\/www.fil-info-francophonie.com\/index.php?rest_route=\/wp\/v2\/posts\/916\/revisions"}],"predecessor-version":[{"id":918,"href":"https:\/\/www.fil-info-francophonie.com\/index.php?rest_route=\/wp\/v2\/posts\/916\/revisions\/918"}],"wp:featuredmedia":[{"embeddable":true,"href":"https:\/\/www.fil-info-francophonie.com\/index.php?rest_route=\/wp\/v2\/media\/917"}],"wp:attachment":[{"href":"https:\/\/www.fil-info-francophonie.com\/index.php?rest_route=%2Fwp%2Fv2%2Fmedia&parent=916"}],"wp:term":[{"taxonomy":"category","embeddable":true,"href":"https:\/\/www.fil-info-francophonie.com\/index.php?rest_route=%2Fwp%2Fv2%2Fcategories&post=916"},{"taxonomy":"post_tag","embeddable":true,"href":"https:\/\/www.fil-info-francophonie.com\/index.php?rest_route=%2Fwp%2Fv2%2Ftags&post=916"}],"curies":[{"name":"wp","href":"https:\/\/api.w.org\/{rel}","templated":true}]}}