{"id":912,"date":"2022-01-17T15:23:44","date_gmt":"2022-01-17T15:23:44","guid":{"rendered":"https:\/\/www.fil-info-francophonie.com\/?p=912"},"modified":"2022-01-17T15:23:44","modified_gmt":"2022-01-17T15:23:44","slug":"relire-jean-claude-girondin-a-loccasion-du-mlkday","status":"publish","type":"post","link":"https:\/\/www.fil-info-francophonie.com\/?p=912","title":{"rendered":"Relire Jean-Claude Girondin \u00e0 l\u2019occasion du #MLKDay"},"content":{"rendered":"<p><em>En ce 17 janvier 2022, les Etats-Unis f\u00eatent le Martin Luther King Day. Connaissez-vous le livre \u00ab Martin Luther King &#8211; Le r\u00eave de la \u00ab\u00a0Communaut\u00e9 bien-aim\u00e9e\u00a0\u00bb \u00bb du sociologue et pasteur Jean-Claude Girondin ?<\/em><\/p>\n<p>&nbsp;<\/p>\n<p><em>La francophonie est aussi concern\u00e9e aussi par le #MLKDay ! Sociologue, \u00e9crivain, conf\u00e9rencier et <a title=\"La sexualit\u00e9 des pasteurs\" href=\"https:\/\/regardsprotestants.com\/la-sexualite-des-pasteurs\/\" data-internallinksmanager029f6b8e52c=\"15\">pasteur<\/a>, Jean-Claude Girondin est de ceux qui sensibilisent depuis longtemps les publics francophones \u00e0 la diversit\u00e9 protestante. Auteur d\u2019une remarquable th\u00e8se de doctorat sur les Eglises antillaises en r\u00e9gion parisienne, attentif aux enjeux d\u2019un christianisme postcolonial lucide et r\u00e9concili\u00e9, il a notamment publi\u00e9, en 2018, \u00ab\u00a0Martin Luther King, le r\u00eave de la communaut\u00e9 bien-aim\u00e9e\u00a0\u00bb <\/em>(1).<\/p>\n<h3>La \u00ab\u00a0communaut\u00e9 bien-aim\u00e9e\u00a0\u00bb, de quoi s\u2019agit-il ?<\/h3>\n<p><img decoding=\"async\" loading=\"lazy\" class=\" wp-image-117093 img-responsive alignleft\" src=\"https:\/\/regardsprotestants.com\/wp-content\/uploads\/2022\/01\/IMG_20220117_0001.jpg\" alt=\"\" width=\"346\" height=\"512\" \/>Lors de son inauguration en septembre 2021, le pasteur principal de la <em>megachurch<\/em> MLK, \u00e0 Cr\u00e9teil, a donn\u00e9 la parole (via vid\u00e9o) \u00e0 Bernice King, fille de Martin Luther King Jr. Femme de conviction, celle-ci a \u00e9voqu\u00e9 \u00e0 plusieurs reprises la <strong><em>Beloved Community<\/em><\/strong>, c\u2019est-\u00e0-dire la \u00ab\u00a0communaut\u00e9 bien-aim\u00e9e\u00a0\u00bb. Mais cette notion n\u2019a pas \u00e9t\u00e9 du tout \u00e9t\u00e9 d\u00e9finie ensuite. Bien que gratifi\u00e9e, par ailleurs, d\u2019une sc\u00e9nographie l\u00e9ch\u00e9e et techniquement impressionnante, l\u2019assistance invit\u00e9e \u00e0 Cr\u00e9teil est rest\u00e9e, sur ce plan, sur sa faim. Pourtant, le concept de \u00ab\u00a0communaut\u00e9 bien-aim\u00e9e\u00a0\u00bb est bien plus qu\u2019un gadget, un slogan ou un produit d\u2019appel. C\u2019est un puissant principe d\u2019action, ancr\u00e9 dans la pens\u00e9e th\u00e9ologique, sociale et pratique du pasteur africain-am\u00e9ricain Martin Luther-King (1929-68), prix Nobel de la paix (1964) et militant des droits civiques.<\/p>\n<p>On doit au sociologue et pasteur Jean-Claude Girondin un remarquable ouvrage, court et incisif, qui permet de mieux introduire le grand public \u00e0 cette \u00ab\u00a0communaut\u00e9 bien-aim\u00e9e\u00a0\u00bb si ch\u00e8re \u00e0 Martin Luther King. En cinq chapitres rondement men\u00e9s, il explique, avec la pr\u00e9cision du sociologue et l\u2019\u00e9thique du chr\u00e9tien, comment s\u2019est forg\u00e9e cette notion \u00e0 partir d\u2019une compr\u00e9hension holistique de l\u2019Evangile, force de r\u00e9conciliation capable de rassembler dans la justice et le pardon tous les \u00eatres-humains, quel que soit leur statut, leur r\u00f4le social, leur couleur de peau, leur origine. L\u2019amour y est principiel. Non pas l\u2019amour hollywoodien des films \u00e0 l\u2019eau de rose, mais l\u2019amour sacrificiel de J\u00e9sus-Christ auquel se r\u00e9f\u00e8rent les chr\u00e9tiens. Un amour oblatif et communautaire qui fait passer l\u2019autre avant soi, et d\u00e9passe les barri\u00e8res au nom d\u2019une fraternit\u00e9 restaur\u00e9e. D\u00e9j\u00e0 plusieurs fois recens\u00e9 (2), salu\u00e9 notamment par le th\u00e9ologien Serge Molla, l\u2019ouvrage de Jean-Claude Girondin m\u00e9rite d\u2019\u00eatre relu et red\u00e9couvert \u00e0 l\u2019aune de cette ann\u00e9e 2022 marqu\u00e9e, sur la sc\u00e8ne culturelle et politique fran\u00e7aise, par bien des tentations identitaires, dont les outrances \u00e9lectoralistes d\u2019un Eric Zemmour, d\u00e9j\u00e0 condamn\u00e9 pour provocation \u00e0 la discrimination raciale.<\/p>\n<p>Dans ce contexte tendu, il fait bon relire, en ce #MLKDay 2022, le sociologue et pasteur <a title=\"C\u2019est quoi les mennonites ?\" href=\"https:\/\/regardsprotestants.com\/vie-protestante\/cest-quoi-les-mennonites\/\" data-internallinksmanager029f6b8e52c=\"33\">mennonite<\/a> fran\u00e7ais Jean-Claude Girondin, sp\u00e9cialiste des enjeux d\u2019interculturalit\u00e9, de cr\u00e9olisation, et de r\u00e9conciliation des m\u00e9moires bless\u00e9es. P\u00e9dagogue engag\u00e9, l\u2019auteur \u00a0conclut son ouvrage par plusieurs interpellations, dont ces trois alertes qui r\u00e9sonnent plus que jamais aujourd\u2019hui dans l\u2019actualit\u00e9 fran\u00e7aise. S\u2019appuyant sur la dimension programmatique de la \u00ab\u00a0communaut\u00e9 bien-aim\u00e9e\u00a0\u00bb voulue par le pasteur King, il poursuit par ces mots : \u00ab\u00a0Il y aurait de nombreuses pistes \u00e0 explorer. Nous nous en tiendrons \u00e0 quelques-unes.<\/p>\n<h3>\u00ab\u00a0Chaque Eglise\u2026. un \u00e9chantillon de cette communaut\u00e9 bien-aim\u00e9e\u00a0\u00bb ?<\/h3>\n<ol>\n<li>\u00ab\u00a0La premi\u00e8re, bien-s\u00fbr, c\u2019est celle du racisme et de l\u2019exclusion sociale en France. (\u2026). Pour Jean-Marcel-Bouguereau, \u00ab\u00a0l\u2019\u00e9galitarisme fran\u00e7ais est devenu le paravent de nouvelles discriminations\u00a0\u00bb. On ne peut certes comparer la France et les Etats-Unis. Mais les \u00e9meutes des banlieues de 2005 ont d\u00e9cill\u00e9 les bonnes consciences en mettant en \u00e9vidence le mal-\u00eatre de certains jeunes Noirs de banlieue. Le message de King gagnerait \u00e0 \u00eatre connu dans les banlieues et au-del\u00e0.<\/li>\n<li>\u00ab\u00a0Des auteurs <a title=\"Les \u00e9vang\u00e9liques\" href=\"https:\/\/regardsprotestants.com\/les-differentes-familles-protestantes\/les-evangeliques\/\" data-internallinksmanager029f6b8e52c=\"22\">\u00e9vang\u00e9liques<\/a> comme Francis Schaeffer, Richard Mouw et John Stott insistent sur le fait que le racisme ne devrait jamais exister dans une Eglise chr\u00e9tienne. \u00ab\u00a0En tous lieux les chr\u00e9tiens auraient d\u00fb s\u2019opposer au racisme, souligne F.C. Cette lacune, ce manque d\u2019engagement des chr\u00e9tiens dans ce domaine a \u00e9t\u00e9 pr\u00e9judiciable \u00e0 l\u2019Eglise et a jet\u00e9 un discr\u00e9dit sur l\u2019Evangile\u00a0\u00bb.<\/li>\n<li>\u00ab\u00a0Qu\u2019en est-il de la violence ethnique et sociale dans certaines grandes villes et banlieues de la France hexagonale et aussi en Outre-mer ? La non-violence active, telle qu\u2019incarn\u00e9e par Martin Luther King, m\u00e9riterait d\u2019\u00eatre enseign\u00e9e dans les cours d\u2019\u00e9ducation civique\u00a0\u00bb (p.72-73).<\/li>\n<\/ol>\n<p>Et l\u2019auteur de conclure sur la valeur ajout\u00e9e que pourrait apporter le christianisme, face aux blessures et fractures identitaires : \u00ab\u00a0chaque Eglise\u00a0\u00bb devrait \u00eatre \u00ab\u00a0un \u00e9chantillon de cette Communaut\u00e9 bien-aim\u00e9e que Dieu est en train de cr\u00e9er\u00a0\u00bb, o\u00f9 \u00ab\u00a0aucun individu n\u2019est invisible \u00e0 cause de sa position sociale, sa culture d\u2019origine, sa classe sociale, son handicap physique ou encore la couleur de sa peau\u00a0\u00bb (p.74).<\/p>\n<p>&nbsp;<\/p>\n<p>(1) Jean-Claude Girondin, <em>Martin Luther King : le r\u00eave de la \u00ab\u00a0Communaut\u00e9 bien-aim\u00e9e\u00a0\u00bb<\/em>, \u00e9ditions Mennonites, 2018.<\/p>\n<p>(2) Notamment via ce portail <em>Regardsprotestants<\/em>, \u00ab\u00a0Le r\u00eave d\u2019une communaut\u00e9 bien-aim\u00e9e\u00a0\u00bb, 4 octobre 2018 (via le site de Christ Seul)<\/p>\n","protected":false},"excerpt":{"rendered":"<p>En ce 17 janvier 2022, les Etats-Unis f\u00eatent le Martin Luther King Day. Connaissez-vous le livre \u00ab Martin Luther King &#8211; Le r\u00eave de la \u00ab\u00a0Communaut\u00e9 bien-aim\u00e9e\u00a0\u00bb \u00bb du sociologue et pasteur Jean-Claude Girondin ? &nbsp; La francophonie est aussi concern\u00e9e aussi par le #MLKDay ! Sociologue, \u00e9crivain, conf\u00e9rencier et pasteur, Jean-Claude Girondin est de [&hellip;]<\/p>\n","protected":false},"author":3,"featured_media":913,"comment_status":"closed","ping_status":"closed","sticky":false,"template":"","format":"standard","meta":[],"categories":[1],"tags":[187,211,17,213,210,212],"_links":{"self":[{"href":"https:\/\/www.fil-info-francophonie.com\/index.php?rest_route=\/wp\/v2\/posts\/912"}],"collection":[{"href":"https:\/\/www.fil-info-francophonie.com\/index.php?rest_route=\/wp\/v2\/posts"}],"about":[{"href":"https:\/\/www.fil-info-francophonie.com\/index.php?rest_route=\/wp\/v2\/types\/post"}],"author":[{"embeddable":true,"href":"https:\/\/www.fil-info-francophonie.com\/index.php?rest_route=\/wp\/v2\/users\/3"}],"replies":[{"embeddable":true,"href":"https:\/\/www.fil-info-francophonie.com\/index.php?rest_route=%2Fwp%2Fv2%2Fcomments&post=912"}],"version-history":[{"count":1,"href":"https:\/\/www.fil-info-francophonie.com\/index.php?rest_route=\/wp\/v2\/posts\/912\/revisions"}],"predecessor-version":[{"id":914,"href":"https:\/\/www.fil-info-francophonie.com\/index.php?rest_route=\/wp\/v2\/posts\/912\/revisions\/914"}],"wp:featuredmedia":[{"embeddable":true,"href":"https:\/\/www.fil-info-francophonie.com\/index.php?rest_route=\/wp\/v2\/media\/913"}],"wp:attachment":[{"href":"https:\/\/www.fil-info-francophonie.com\/index.php?rest_route=%2Fwp%2Fv2%2Fmedia&parent=912"}],"wp:term":[{"taxonomy":"category","embeddable":true,"href":"https:\/\/www.fil-info-francophonie.com\/index.php?rest_route=%2Fwp%2Fv2%2Fcategories&post=912"},{"taxonomy":"post_tag","embeddable":true,"href":"https:\/\/www.fil-info-francophonie.com\/index.php?rest_route=%2Fwp%2Fv2%2Ftags&post=912"}],"curies":[{"name":"wp","href":"https:\/\/api.w.org\/{rel}","templated":true}]}}