{"id":901,"date":"2021-12-17T21:27:15","date_gmt":"2021-12-17T21:27:15","guid":{"rendered":"https:\/\/www.fil-info-francophonie.com\/?p=901"},"modified":"2021-12-28T21:35:59","modified_gmt":"2021-12-28T21:35:59","slug":"la-francophonie-decouvre-la-serie-the-chosen","status":"publish","type":"post","link":"https:\/\/www.fil-info-francophonie.com\/?p=901","title":{"rendered":"La francophonie d\u00e9couvre la s\u00e9rie \u00ab The Chosen \u00bb"},"content":{"rendered":"<p><em>The Chosen, pr\u00e9vue sur sept saisons, est une s\u00e9rie bas\u00e9e sur la vie de J\u00e9sus de Nazareth, film\u00e9 \u00e0 hauteur de femme et d&rsquo;homme. Mais quels sont, au juste, les atouts de cette saga ?<\/em><\/p>\n<p>&nbsp;<\/p>\n<p><strong>The Chosen <em>est une s\u00e9rie t\u00e9l\u00e9vis\u00e9e qui fait le buzz ! Tr\u00e8s populaire, salu\u00e9e pour sa qualit\u00e9, elle a commenc\u00e9 sa diffusion au printemps 2019. R\u00e9alis\u00e9e par l\u2019Am\u00e9ricain Dallas Jenkins, elle a attir\u00e9 l\u2019attention de plus de 300 millions de personnes, tous supports confondus, et s\u2019appr\u00eate \u00e0 \u00eatre diffus\u00e9e\u2026 en langue fran\u00e7aise. <\/em><\/strong><\/p>\n<p><em>La cha\u00eene C8 la proposera en prime time le 20 et le 27 d\u00e9cembre 2021. Un beau cadeau de <a title=\"Le temps de No\u00ebl pour les protestants\" href=\"https:\/\/regardsprotestants.com\/nos-dossiers-thematiques\/temps-forts-eglise\/noel\/\" data-internallinksmanager029f6b8e52c=\"31\">No\u00ebl<\/a> \u00e0 la francophonie ? Une mobilisation interconfessionnelle se pr\u00e9pare, par ailleurs, pour mettre en valeur sur la dur\u00e9e les atouts de cette s\u00e9rie ph\u00e9nom\u00e8ne, et sensibiliser les foules, d\u00e9tach\u00e9es des Eglises, au message et \u00e0 la personne de J\u00e9sus-Christ.<\/em><em>\u00a0<\/em><\/p>\n<p><em>Mais quels sont, au juste, les atouts de cette saga ? Elle fait vibrer quatre cordes. La s\u00e9rie propose une offre fraternelle, compassionnelle, transformationnelle et transconfessionnelle.<\/em><strong>\u00a0<\/strong><\/p>\n<p><strong>Fraternelle<\/strong><strong>\u00a0<\/strong><\/p>\n<p>Les saisons 1 et 2 de la s\u00e9rie sont contemporaines de la pand\u00e9mie Covid19. Ce n\u2019est pas anodin. La grande peur g\u00e9n\u00e9r\u00e9e par la diss\u00e9mination du <a title=\"Coronavirus : et Dieu dans tout \u00e7a ?\" href=\"https:\/\/regardsprotestants.com\/societe\/coronavirus-et-dieu-dans-tout-ca\/\" data-internallinksmanager029f6b8e52c=\"34\">Coronavirus<\/a> a multipli\u00e9 les politiques de confinement, de protection, de \u00ab\u00a0distanciation sociale\u00a0\u00bb (sic). Beaucoup ont souffert socialement et psychologiquement du d\u00e9clin de la convivialit\u00e9 induit par la pand\u00e9mie. L\u2019isolement, la d\u00e9pression, la mis\u00e8re affective ont gagn\u00e9 des points. Le succ\u00e8s croissant de la talentueuse s\u00e9rie <em>The Chosen<\/em> peut en partie se comprendre dans cette perspective. On y chemine avec J\u00e9sus et ses disciples, hommes et femmes, qui vivent au quotidien dans un r\u00e9gime de fraternit\u00e9. Le charisme paisible et espi\u00e8gle de Jonathan Roumie, qui joue le r\u00f4le de J\u00e9sus, n\u2019est pas pour rien dans l\u2019ambiance chaleureuse et fraternelle qui nous est montr\u00e9e au cours des \u00e9pisodes. On d\u00e9couvre une communaut\u00e9 inclusive et ouverte marqu\u00e9e par beaucoup de convivialit\u00e9, d\u2019affection, d\u2019humour, de proximit\u00e9 tactile, de solidarit\u00e9 aussi. Les barri\u00e8res qui excluent, y compris entre hommes et femmes, tombent sous l\u2019effet proph\u00e9tique de la parole de J\u00e9sus, qui inclut \u00ab\u00a0choisies et choisis\u00a0\u00bb dans une fraternit\u00e9 \u00e9lective attachante.<strong>\u00a0<\/strong><\/p>\n<p><img decoding=\"async\" loading=\"lazy\" class=\"wp-image-115330 img-responsive alignleft\" src=\"https:\/\/regardsprotestants.com\/wp-content\/uploads\/2021\/12\/On-Est-Ensemble-n\u00b04.jpg\" alt=\"\" width=\"322\" height=\"421\" \/><\/p>\n<p><strong>Compassionnelle<\/strong><strong>\u00a0<\/strong><\/p>\n<p>Tr\u00e8s travaill\u00e9 dans la s\u00e9rie, le personnage de <a title=\"La Vierge Marie dans le monde protestant\" href=\"https:\/\/regardsprotestants.com\/la-vierge-marie-dans-le-monde-protestant\/\" data-internallinksmanager029f6b8e52c=\"9\">Marie<\/a> Madeleine, interpr\u00e9t\u00e9 par Elisabeth Tabish, incarne l\u2019effet, pr\u00e9sent\u00e9 comme surnaturel, de la compassion active de J\u00e9sus. Parce que la souffrance qui la poss\u00e9dait s\u2019en est all\u00e9e, Marie, auparavant surnomm\u00e9e Lilith, est apais\u00e9e, gu\u00e9rie, presque transfigur\u00e9e (\u00e9pisode 1 de la saison 1). C\u2019est l\u2019une des plus engag\u00e9e et fid\u00e8le aupr\u00e8s de J\u00e9sus. Bien d\u2019autres personnages de la s\u00e9rie, directement inspir\u00e9e des Evangiles, sont au b\u00e9n\u00e9fice du regard de compassion du Narar\u00e9en, \u00e0 l\u2019image de la femme samaritaine (\u00e9pisode 8, saison 1). Au d\u00e9but d\u2019une d\u00e9cennie 2020 marqu\u00e9 par les crispations identitaires et les discours de rejet, cette empathie active et th\u00e9rapeutique appara\u00eet comme un des fils directeurs de la s\u00e9rie. Avec un puissant d\u2019effet de consolation sur des populations, notamment francophones, malmen\u00e9es par l\u2019actualit\u00e9 \u00e9conomique, sociale, politique, sanitaire. Message en filigrane : ne pensons pas qu\u2019au vide qui nous s\u00e9pare !<strong>\u00a0<\/strong><\/p>\n<p><strong>Transformationnelle<\/strong><strong>\u00a0<\/strong><\/p>\n<p>A l\u2019heure o\u00f9 la rh\u00e9torique du changement personnel a envahi le discours psychologique, mais aussi commercial et religieux, <em>The Chosen<\/em> bat des records. Le num\u00e9ro 4 du magazine <em>On est ensemble<\/em>, qui se penche en d\u00e9tail sur la s\u00e9rie, salue une \u00ab\u00a0id\u00e9e brillante que Dieu a transform\u00e9 en raz-de-mar\u00e9e\u00a0\u00bb (1). A rebours du fatalisme, de la r\u00e9signation, de l\u2019assignation, le J\u00e9sus montr\u00e9 dans chaque \u00e9pisode bouge les lignes, transforme, restaure. Chaque \u00e9pisode nous gratifie, sans nous assommer, de trajectoires corrig\u00e9es, de dos redress\u00e9s, de sourires retrouv\u00e9s, de blessures gu\u00e9ries, d\u2019ambitions r\u00e9nov\u00e9es, de projets renouvel\u00e9s. Simon Pierre, interpr\u00e9t\u00e9 par Shahar Isaac, \u00a0et Matthieu, jou\u00e9 par Paras Patel, \u00a0l\u2019illustrent. P\u00e9cheur galil\u00e9en endett\u00e9 et combinard, dans le premier cas, collecteur d\u2019imp\u00f4t psychorigide et ultra-rationnel dans le second cas, ils se transforment peu \u00e0 peu sous nos yeux au contact de J\u00e9sus. Par leurs failles et leurs t\u00e2tonnements, ils attirent notre sympathie. Et que dire de Jesse le paralytique (Dennis Apergis), \u00e0 la recherche depuis 38 ans d\u2019un rem\u00e8de ? Sa gu\u00e9rison provoque aussi une r\u00e9conciliation entre deux fr\u00e8res ennemis (\u00e9pisode 4, saison 2). La dynamique transformationnelle illustr\u00e9e dans la s\u00e9rie distille une bonne humeur contagieuse. Comme pour sugg\u00e9rer \u00e0 toutes et tous : oui, c\u2019est possible, on peut changer !<strong>\u00a0<\/strong><\/p>\n<p><strong>Transconfessionnelle<\/strong><strong>\u00a0<\/strong><\/p>\n<p>Un dernier atout de la s\u00e9rie, et non des moindres, est son inspiration transconfessionnelle. Les \u00e9tiquettes restent au vestiaire. La production, la distribution, la r\u00e9alisation de la s\u00e9rie <em>The Chosen<\/em> ne d\u00e9pendent pas d\u2019une institution religieuse, d\u2019une identit\u00e9 confessionnelle particuli\u00e8re. Des chr\u00e9tiens de rattachement diff\u00e9rents, des juifs messianiques, et m\u00eame quelques non-chr\u00e9tiens, se sont unis pour proposer une interpr\u00e9tation visuelle immersive, riche et nuanc\u00e9e du minist\u00e8re de J\u00e9sus. Cette dimension transconfessionnelle est en consonnance avec les tendances qui traversent aujourd\u2019hui la francophonie. Les attentes des populations articulent libert\u00e9, circulation et spiritualit\u00e9, plus que contrainte, cloison et institution. Le rayonnement significatif, durant la pand\u00e9mie, du r\u00e9seau #OnEstEnsemble, coordonn\u00e9 par le <a title=\"La sexualit\u00e9 des pasteurs\" href=\"https:\/\/regardsprotestants.com\/la-sexualite-des-pasteurs\/\" data-internallinksmanager029f6b8e52c=\"15\">pasteur<\/a> Eric C\u00e9l\u00e9rier (2), illustre cette aspiration dans l\u2019espace francophone. <em>The Chosen<\/em> s\u2019inscrit dans cette \u00e9lan d\u2019une foi sans \u00e9tiquette, qui valorise la relation plus que la religion : jusqu\u2019o\u00f9 cet appel \u00e0 un \u00ab\u00a0Evangile relationnel\u00a0\u00bb (3), via les sept saisons pr\u00e9vues, mobilisera-t-il la francophonie ? D\u00e9but de r\u00e9ponse dans quelques jours, avec une premi\u00e8re diffusion sur la cha\u00eene C8.<\/p>\n<p>(1) \u00ab\u00a0Une si bonne nouvelle\u00a0\u00bb, num\u00e9ro 4 du magazine <em>On Est Ensemble<\/em>, d\u00e9cembre 2021, p.12<\/p>\n<p>(2) Auteur de <em>Connexions divines<\/em>, Paris, ed. Premi\u00e8re Partie, 2016.<\/p>\n<p>(3) L\u2019expression vient de Yannick Fer, <em>Pentec\u00f4tisme en Polyn\u00e9sie fran\u00e7aise, l\u2019Evangile relationnel<\/em>, Gen\u00e8ve, Labor et Fid\u00e8s, 2005.<\/p>\n","protected":false},"excerpt":{"rendered":"<p>The Chosen, pr\u00e9vue sur sept saisons, est une s\u00e9rie bas\u00e9e sur la vie de J\u00e9sus de Nazareth, film\u00e9 \u00e0 hauteur de femme et d&rsquo;homme. Mais quels sont, au juste, les atouts de cette saga ? &nbsp; The Chosen est une s\u00e9rie t\u00e9l\u00e9vis\u00e9e qui fait le buzz ! Tr\u00e8s populaire, salu\u00e9e pour sa qualit\u00e9, elle a [&hellip;]<\/p>\n","protected":false},"author":3,"featured_media":902,"comment_status":"closed","ping_status":"closed","sticky":false,"template":"","format":"standard","meta":[],"categories":[1],"tags":[],"_links":{"self":[{"href":"https:\/\/www.fil-info-francophonie.com\/index.php?rest_route=\/wp\/v2\/posts\/901"}],"collection":[{"href":"https:\/\/www.fil-info-francophonie.com\/index.php?rest_route=\/wp\/v2\/posts"}],"about":[{"href":"https:\/\/www.fil-info-francophonie.com\/index.php?rest_route=\/wp\/v2\/types\/post"}],"author":[{"embeddable":true,"href":"https:\/\/www.fil-info-francophonie.com\/index.php?rest_route=\/wp\/v2\/users\/3"}],"replies":[{"embeddable":true,"href":"https:\/\/www.fil-info-francophonie.com\/index.php?rest_route=%2Fwp%2Fv2%2Fcomments&post=901"}],"version-history":[{"count":1,"href":"https:\/\/www.fil-info-francophonie.com\/index.php?rest_route=\/wp\/v2\/posts\/901\/revisions"}],"predecessor-version":[{"id":903,"href":"https:\/\/www.fil-info-francophonie.com\/index.php?rest_route=\/wp\/v2\/posts\/901\/revisions\/903"}],"wp:featuredmedia":[{"embeddable":true,"href":"https:\/\/www.fil-info-francophonie.com\/index.php?rest_route=\/wp\/v2\/media\/902"}],"wp:attachment":[{"href":"https:\/\/www.fil-info-francophonie.com\/index.php?rest_route=%2Fwp%2Fv2%2Fmedia&parent=901"}],"wp:term":[{"taxonomy":"category","embeddable":true,"href":"https:\/\/www.fil-info-francophonie.com\/index.php?rest_route=%2Fwp%2Fv2%2Fcategories&post=901"},{"taxonomy":"post_tag","embeddable":true,"href":"https:\/\/www.fil-info-francophonie.com\/index.php?rest_route=%2Fwp%2Fv2%2Ftags&post=901"}],"curies":[{"name":"wp","href":"https:\/\/api.w.org\/{rel}","templated":true}]}}