{"id":881,"date":"2021-10-10T21:16:17","date_gmt":"2021-10-10T21:16:17","guid":{"rendered":"https:\/\/www.fil-info-francophonie.com\/?p=881"},"modified":"2021-10-16T21:19:32","modified_gmt":"2021-10-16T21:19:32","slug":"du-gospel-au-bataclan-quelle-joie-dy-retrouver-le-public","status":"publish","type":"post","link":"https:\/\/www.fil-info-francophonie.com\/?p=881","title":{"rendered":"Du Gospel au Bataclan : \u00ab Quelle joie d\u2019y retrouver le public ! \u00bb"},"content":{"rendered":"<div class=\"chapeau-article\">Le 25 septembre 2021, la chorale New Gospel Family, compos\u00e9e de choristes de toute la francophonie, s&rsquo;est produite au Bataclan, \u00e0 Paris.<\/div>\n<div class=\"chapeau-article\">Interview de son fondateur Edgard Vandenbroucque.<\/div>\n<div class=\"chapeau-article\"><\/div>\n<div class=\"chapeau-article\">\n<p><em>Une soir\u00e9e particuli\u00e8re alors que les comptes-rendus du proc\u00e8s des attentats du 13 novembre 2015 sont sur tous les \u00e9crans (1). L\u2019occasion de revenir sur l\u2019itin\u00e9raire de New Gospel Family, cr\u00e9\u00e9 il y a 20 ans, avec son fondateur et chef de ch\u0153ur, Edgard Vandenbroucque.<\/em><strong>\u00a0<\/strong><\/p>\n<h3>Edgard Vandenbroucque, pouvez-vous vous pr\u00e9senter ?<strong><br \/>\n<\/strong><\/h3>\n<p>Je suis n\u00e9 au Havre, en Normandie, d\u2019une famille de quatre fr\u00e8res. J\u2019\u00e9tais le dernier, dans une famille <a title=\"Les \u00e9vang\u00e9liques\" href=\"https:\/\/regardsprotestants.com\/les-differentes-familles-protestantes\/les-evangeliques\/\" data-internallinksmanager029f6b8e52c=\"22\">\u00e9vang\u00e9lique<\/a> tranquille. J\u2019ai grandi au Havre durant dix ans, puis j\u2019ai d\u00e9m\u00e9nag\u00e9 en r\u00e9gion parisienne. C\u2019est l\u00e0 que je me suis orient\u00e9 vers des \u00e9tudes d\u2019ing\u00e9nieur en informatique, tout en commen\u00e7ant, \u00e0 l\u2019\u00e2ge de 18 ans, \u00e0 diriger des chorales. Cette passion pour la musique m\u2019a amen\u00e9 \u00e0 fonder, avec d\u2019autres, Master Music en octobre 1990, qui produit notamment New Gospel Family. Depuis, Master Music a produit plus de 2000 concerts dans toute la France, et 1215 en ce qui concerne New Gospel Family (2).<\/p>\n<h3>La chorale New Gospel Family f\u00eate ses 20 ans. Quelles \u00e9volutions majeures avez-vous constat\u00e9 depuis ce d\u00e9but de XXIe si\u00e8cle ?<strong><br \/>\n<\/strong><\/h3>\n<p><img decoding=\"async\" loading=\"lazy\" class=\"wp-image-111245 img-responsive alignleft\" src=\"https:\/\/regardsprotestants.com\/wp-content\/uploads\/2021\/10\/maxresdefault.jpg\" alt=\"\" width=\"532\" height=\"299\" \/>New Gospel Family est n\u00e9 \u00e0 la crois\u00e9e de l\u2019amour pour la musique chant\u00e9e, et d\u2019un d\u00e9sir de partager la bonne nouvelle de l\u2019Evangile. L\u2019id\u00e9e \u00e9tait de proposer quelque chose qui plaise \u00e0 l\u2019oreille, mais qui puisse aussi atteindre tout le monde sur un plan spirituel. C\u2019est dans cet objectif que nous avons mis en place notre chorale. J\u2019\u00e9tais bas\u00e9 alors en r\u00e9gion parisienne, \u00e0 Rungis. C\u2019est toujours le cas. Quand on a commenc\u00e9 en 2001, le Gospel \u00e9tait d\u00e9j\u00e0 bien connu en France, mais on ne peut pas dire que les chorales \u00e9taient si r\u00e9pandues que \u00e7a. On \u00e9tait un peu pr\u00e9curseurs ! Au d\u00e9part, on voulait partager pour des publics francophones du Gospel urbain, ce Gospel qui vient, par exemple, de Kirk Franklin, ce genre de musique. Nous avons pas mal \u00e9volu\u00e9 en 20 ans, y compris sur le plan technique. Quand on a commenc\u00e9 \u00e0 chanter, on chantait assez mal, tous, on n\u2019avait pas tous la culture Gospel comme aux Etats-Unis, mais on a progress\u00e9 \u00e9norm\u00e9ment. Maintenant, en 2021, je dirais que notre chorale, compos\u00e9e de francophones, chante l\u2019\u00e9quivalent du niveau vocal am\u00e9ricain d\u2019il y a vingt ans. C\u2019est d\u00e9j\u00e0 beaucoup ! Mais on peut encore progresser car entre temps, les Am\u00e9ricains ont \u00e9lev\u00e9 le niveau aussi en mati\u00e8re de travail sur la capacit\u00e9 vocale, sur la technique, la pr\u00e9cision.<\/p>\n<p>Apr\u00e8s, d\u2019un point de vue commercial, il y a 20 ans, on pouvait parler de b\u00e9n\u00e9volat assez facilement, maintenant c\u2019est plus compliqu\u00e9. Notre principe de base reste des choristes b\u00e9n\u00e9voles. Nous refusons, en revanche, de faire payer les choristes. Il faut le savoir, dans certaines chorales, les choristes paient pour avoir le droit d\u2019en faire partie. 200, 300 euros l\u2019ann\u00e9e. Nous il n\u2019en est pas question. En mati\u00e8re d\u2019infrastructures, de services, d\u2019accompagnement technique, tout se paye aussi d\u00e9sormais. C\u2019est l\u2019\u00e9volution. C\u2019est normal, le monde est plus dur, les gens ont besoin d\u2019argent.<\/p>\n<blockquote><p><strong><em>\u00ab\u00a0Il y a moins la volont\u00e9 de converger\u00a0\u00bb<\/em><\/strong><\/p><\/blockquote>\n<p>En mati\u00e8re de circuit, de r\u00e9seau, de public, les choses ont \u00e9volu\u00e9 aussi entre 2001 et 2021. Au d\u00e9part, nous travaillions souvent avec des chr\u00e9tiens. Maintenant, beaucoup moins. Il fut un temps o\u00f9 les \u00e9vang\u00e9liques savaient se rassembler, mutualiser, s\u2019ouvrir. Je me souviens de la campagne Billy Graham, en 1986\u2026. Aujourd\u2019hui, c\u2019est un peu chacun pour soi, il y a moins de volont\u00e9 de converger. Chaque Eglise fait sa propre cuisine interne, promeut son groupe de louange, sa marque, voire son \u00e9cole\u2026 Pour les atteindre, il faut rentrer dans leur moule, ou alors on n\u2019existe pas. Avec une exception : nous avons la chance d\u2019\u00eatre partenaires de TopChr\u00e9tien, c\u2019est une plateforme utile qui fait du bon travail et cherche \u00e0 faire conna\u00eetre les talents et les minist\u00e8res. Nous sommes heureux de travailler avec eux. Sinon, nous appr\u00e9cions de travailler avec les catholiques, les municipalit\u00e9s, centres culturels, salles de spectacle comme le Bataclan, o\u00f9 nous nous sommes produits ce 25 septembre 2021\u2026 C\u2019\u00e9tait \u00e9videmment un moment fort.<\/p>\n<h3>Votre chorale \u00e9mane de toute la francophonie. Pouvez-vous nous en dire plus ?<strong><br \/>\n<\/strong><\/h3>\n<p>Tous nos choristes parlent fran\u00e7ais et viennent de la francophonie ; Cara\u00efbes, Afrique de l\u2019Ouest, Europe\u2026 La couleur francophone n\u2019a pas trop chang\u00e9 en 20 ans. Les proportions entre nationalit\u00e9s varient un peu au niveau des choristes. Il y a des \u00e9poques o\u00f9 il y a tant\u00f4t plus de Centrafricains, ou de Malgaches, ou de Guadeloup\u00e9ens\u2026 Au d\u00e9but, notre chorale avait plus de Blancs en son sein. Aujourd\u2019hui, la proportion de Noirs a augment\u00e9. Notre crit\u00e8re n\u2019est pas la couleur de peau, mais l\u2019exigence de qualit\u00e9 musicale, qui a augment\u00e9 avec le temps. Quant \u00e0 nos r\u00e9pertoires, ils sont en majorit\u00e9 en anglais, avec l\u2019inspiration Kirk Franklin, mais aussi une couleur sud-africaine (Soweto Gospel Choir) ; mais on chante aussi quelques chants Gospel en fran\u00e7ais.<\/p>\n<h3>Une hypoth\u00e8se d\u00e9velopp\u00e9e dans \u00ab\u00a0Gospel et francophonie\u00a0\u00bb est que la musique Gospel a une dimension restaurative, \u00e0 l\u2019image de la justice restaurative. Elle ne nie pas le mal, mais ouvre sur la restauration. Qu\u2019en pensez-vous, au travers des r\u00e9actions du public ?<\/h3>\n<p>Les expressions \u00e9motionnelles du public sont fr\u00e9quentes, on sent que l\u2019\u00e9coute de la musique Gospel permet de rel\u00e2cher la pression, de lib\u00e9rer. Le public aime ! Il ne comprend pas toujours ce qui lui arrive lors des concerts. On le voit depuis la sc\u00e8ne, surtout les trois premiers rangs. Les gens sont scotch\u00e9s, pris par la musique. Les sourires, les pleurs aussi, ne sont pas rares. Oui, il y a une dimension th\u00e9rapeutique, ou restaurative, mais je voudrais souligner qu\u2019elle joue aussi pour les choristes. Quand tu vois les choristes chanter, le sourire est l\u00e2ch\u00e9, le geste aussi, l\u2019\u00e2me est rel\u00e2ch\u00e9e. Les contenus Gospel, ax\u00e9s sur le pardon et la lib\u00e9ration, impactent celles et ceux qui chantent, et derri\u00e8re le rideau, durant les semaines que nous passons \u00e0 r\u00e9p\u00e9ter, des choses se passent. Le concert n\u2019est pas juste une performance. Il traduit des cheminements, donne voix \u00e0 des d\u00e9livrances, \u00e0 une nouvelle paix int\u00e9rieure. Dans le public, mais aussi pour les choristes.<\/p>\n<blockquote><p><strong><em>\u00ab\u00a0Covid19 : le gouvernement a \u00e9t\u00e9 tr\u00e8s g\u00e9n\u00e9reux\u00a0\u00bb<\/em><\/strong><\/p><\/blockquote>\n<h3>La pand\u00e9mie Covid19 a frapp\u00e9 la communaut\u00e9 de la musique Gospel, qui d\u00e9pend, pour vivre, de la possibilit\u00e9 des concerts. Quelles le\u00e7ons en tirez-vous ?<\/h3>\n<p>Au d\u00e9but c\u2019\u00e9tait la douche froide, on ne comprend pas. Mi-mars 2020, nous avons d\u00fb annuler un concert \u00e0 Avallon \u00e0 cause du d\u00e9but du confinement. Dans la m\u00eame ville, nous avions d\u00fb annuler un concert fin 2015 \u00e0 cause des attentats du 13 novembre\u2026 Au d\u00e9part, on se dit que \u00e7a va durer 3 mois. Et puis, on doit r\u00e9annuler, reporter, d\u00e9faire, refaire. C\u2019\u00e9tait tr\u00e8s compliqu\u00e9 au niveau de l\u2019\u00e9quipe. Entre autres, on a d\u00fb annuler des recrutements. Mais je tiens \u00e0 dire que le gouvernement a \u00e9t\u00e9 tr\u00e8s g\u00e9n\u00e9reux avec les artistes et les producteurs, et sur le plan \u00e9conomique, nous avons \u00e9t\u00e9 largement \u00e9pargn\u00e9s. En France, l\u2019Etat a vraiment \u00e9t\u00e9 d\u2019un grand soutien, il faut le souligner, notamment avec l\u2019ann\u00e9e blanche (prolong\u00e9e) accord\u00e9e aux intermittents. Nous ne pouvons pas nous plaindre ! Mais grand soulagement quand m\u00eame, cet \u00e9t\u00e9 2021, de pouvoir recommencer enfin une petite tourn\u00e9e de concerts de 7 jours. Puis ce concert du Bataclan. Quelle joie d\u2019y retrouver le public !<\/p>\n<p>(1) Le proc\u00e8s des attentats du 13 novembre 2015 a commenc\u00e9 le mercredi 8 septembre 2021 \u00e0 Paris. Il doit durer neuf mois. Lors de l\u2019attaque terroriste, 90 personnes avaient \u00e9t\u00e9 tu\u00e9es parmi le public du Bataclan, et des centaines de personnes bless\u00e9es.<\/p>\n<p>(2) Voir le site <a title=\"Bible protestante en ligne : notre s\u00e9lection\" href=\"https:\/\/regardsprotestants.com\/bible-protestante-en-ligne\/\" data-internallinksmanager029f6b8e52c=\"11\">internet<\/a> de la New Gospel Family : https:\/\/www.newgospelfamily.com\/<\/p>\n<\/div>\n","protected":false},"excerpt":{"rendered":"<p>Le 25 septembre 2021, la chorale New Gospel Family, compos\u00e9e de choristes de toute la francophonie, s&rsquo;est produite au Bataclan, \u00e0 Paris. Interview de son fondateur Edgard Vandenbroucque. Une soir\u00e9e particuli\u00e8re alors que les comptes-rendus du proc\u00e8s des attentats du 13 novembre 2015 sont sur tous les \u00e9crans (1). L\u2019occasion de revenir sur l\u2019itin\u00e9raire de [&hellip;]<\/p>\n","protected":false},"author":3,"featured_media":882,"comment_status":"closed","ping_status":"closed","sticky":false,"template":"","format":"standard","meta":[],"categories":[1],"tags":[192,193,55,75,35,194,6,2],"_links":{"self":[{"href":"https:\/\/www.fil-info-francophonie.com\/index.php?rest_route=\/wp\/v2\/posts\/881"}],"collection":[{"href":"https:\/\/www.fil-info-francophonie.com\/index.php?rest_route=\/wp\/v2\/posts"}],"about":[{"href":"https:\/\/www.fil-info-francophonie.com\/index.php?rest_route=\/wp\/v2\/types\/post"}],"author":[{"embeddable":true,"href":"https:\/\/www.fil-info-francophonie.com\/index.php?rest_route=\/wp\/v2\/users\/3"}],"replies":[{"embeddable":true,"href":"https:\/\/www.fil-info-francophonie.com\/index.php?rest_route=%2Fwp%2Fv2%2Fcomments&post=881"}],"version-history":[{"count":1,"href":"https:\/\/www.fil-info-francophonie.com\/index.php?rest_route=\/wp\/v2\/posts\/881\/revisions"}],"predecessor-version":[{"id":883,"href":"https:\/\/www.fil-info-francophonie.com\/index.php?rest_route=\/wp\/v2\/posts\/881\/revisions\/883"}],"wp:featuredmedia":[{"embeddable":true,"href":"https:\/\/www.fil-info-francophonie.com\/index.php?rest_route=\/wp\/v2\/media\/882"}],"wp:attachment":[{"href":"https:\/\/www.fil-info-francophonie.com\/index.php?rest_route=%2Fwp%2Fv2%2Fmedia&parent=881"}],"wp:term":[{"taxonomy":"category","embeddable":true,"href":"https:\/\/www.fil-info-francophonie.com\/index.php?rest_route=%2Fwp%2Fv2%2Fcategories&post=881"},{"taxonomy":"post_tag","embeddable":true,"href":"https:\/\/www.fil-info-francophonie.com\/index.php?rest_route=%2Fwp%2Fv2%2Ftags&post=881"}],"curies":[{"name":"wp","href":"https:\/\/api.w.org\/{rel}","templated":true}]}}