{"id":867,"date":"2021-07-30T13:39:47","date_gmt":"2021-07-30T13:39:47","guid":{"rendered":"https:\/\/www.fil-info-francophonie.com\/?p=867"},"modified":"2021-09-07T09:02:08","modified_gmt":"2021-09-07T09:02:08","slug":"ka-mana-1956-2021-et-la-theologie-de-la-reconstruction","status":"publish","type":"post","link":"https:\/\/www.fil-info-francophonie.com\/?p=867","title":{"rendered":"K\u00e4 Mana (1956-2021) et la th\u00e9ologie de la reconstruction"},"content":{"rendered":"<p><em>Pour de nombreux chr\u00e9tiens francophones, le th\u00e9ologien luth\u00e9rien africain K\u00e4 Mana \u00e9tait un \u00ab\u00a0ma\u00eetre\u00a0\u00bb. Pour ne pas dire un g\u00e9ant. Il s&rsquo;en est all\u00e9 il y a quelques jours, emport\u00e9 par l&rsquo;\u00e9pid\u00e9mie de Covid19.<\/em><\/p>\n<p><em>Le journal de RDC Le Monitor le qualifie de \u00ab\u00a0Duc de la pens\u00e9e congolaise\u00a0\u00bb. Lucie Sarr le d\u00e9crit, \u00e0 raison, comme un \u00ab\u00a0penseur incontournable de la th\u00e9ologie africaine mais \u00e9galement un philosophe et un analyste politique\u00a0\u00bb (1), auteur ou co-auteur de pr\u00e8s d\u2019une vingtaine d\u2019ouvrages et de nombreux articles de fond. Pr\u00e9sident du Pole Institute (r\u00e9gion des Grands Lacs, RDC), il s\u2019en est all\u00e9, \u00e0 l\u2019\u00e2ge de 67 ans, emport\u00e9 par la recrudescence de l\u2019\u00e9pid\u00e9mie de Covid19 qui frappe actuellement Goma et tout le Congo RDC. <\/em><\/p>\n<p>&nbsp;<\/p>\n<p><img decoding=\"async\" loading=\"lazy\" class=\"wp-image-108562 img-responsive alignleft\" src=\"https:\/\/regardsprotestants.com\/wp-content\/uploads\/2021\/07\/Ka\u0308-Mana.jpg\" alt=\"\" width=\"207\" height=\"362\" \/>K\u00e4 Mana est un pseudonyme. Son nom est Godefroid Mana Kangudie. Docteur en philosophie de l\u2019Universit\u00e9 libre de Bruxelles, docteur en th\u00e9ologie de l\u2019Universit\u00e9 de Strasbourg, ce th\u00e9ologien f\u00e9cond et audacieux n\u2019a cess\u00e9 d\u2019enseigner et de publier depuis les ann\u00e9es 1980. C\u2019est lors d\u2019un s\u00e9jour de deux ans au Caire (Egypte), gr\u00e2ce \u00e0 une recommandation faite par le <a title=\"La sexualit\u00e9 des pasteurs\" href=\"https:\/\/regardsprotestants.com\/la-sexualite-des-pasteurs\/\" data-internallinksmanager029f6b8e52c=\"15\">pasteur<\/a> helv\u00e9tique Martin Burkhard, que j\u2019ai d\u00e9couvert sa pens\u00e9e, en 1994, au travers d\u2019un article de synth\u00e8se paru dans le <em>Bulletin du Centre Protestant d\u2019Etudes<\/em> (Suisse romande). Il a publi\u00e9 plusieurs travaux majeurs, dont <em>Th\u00e9ologie africaine pour un temps de crise : christianisme et reconstruction <\/em>(Karthala, 1993), et <em>Christ d\u2019Afrique, enjeux \u00e9thiques de la foi africaine en J\u00e9sus-Christ<\/em> (Karthala, 1994). Dans de nombreuses universit\u00e9s, on a \u00e9galement commenc\u00e9 \u00e0 \u00e9tudier son oeuvre, et publier des analyses critiques, comme celle de S\u00e9bastien Sasa Nganomo Babisayone en 2010, ou de Laurent Lwanga Falay en 2017 (2).<\/p>\n<p>Appuy\u00e9 sur une vaste culture th\u00e9ologique, mais aussi une excellente connaissance des contextes historiques et socio\u00e9conomiques des soci\u00e9t\u00e9s africaines, il estimait qu\u2019il \u00e9tait temps de d\u00e9passer deux paradigmes. Le premier, qu\u2019il appelle celui de la \u00ab\u00a0qu\u00eate d\u2019identit\u00e9\u00a0\u00bb, renvoie \u00e0 la recherche de valeurs africaines sp\u00e9cifiques par des peuples un temps d\u00e9poss\u00e9d\u00e9s de leur culture. Ce paradigme identitaire correspond \u00ab\u00a0\u00e0 des imp\u00e9ratifs de survie dans l\u2019univers colonial\u00a0\u00bb, qui appartiennent d\u00e9sormais au pass\u00e9. Le second est celui de la \u00ab\u00a0lib\u00e9ration\u00a0\u00bb, marquant l\u2019ind\u00e9pendance du continent et le refus de la domination de l\u2019Occident, et de sa pens\u00e9e, sur les Africains. Aux yeux de K\u00e4 Mana, ce second syst\u00e8me de pens\u00e9e recycle, en fait, des \u00e9l\u00e9ments pr\u00e9coloniaux qu\u2019il s\u2019agit aujourd\u2019hui de d\u00e9passer. C\u2019est la raison pour laquelle il a plaid\u00e9, durant pr\u00e8s d\u2019un demi-si\u00e8cle, pour le d\u00e9ploiement d\u2019un troisi\u00e8me paradigme, r\u00e9solument postcolonial : la th\u00e9ologie de la reconstruction. Cette th\u00e9ologie de la reconstruction selon K\u00e4 Mana comporte <em><span style=\"text-decoration: underline;\">deux<\/span><\/em> versants. Un versant de d\u00e9voilement des \u00ab\u00a0id\u00e9ologies de l\u2019inhumain\u00a0\u00bb, et un versant de d\u00e9ploiement d\u2019un Christ vivant, actualis\u00e9 par et pour les Africains, \u00ab\u00a0ferment anti-fatalit\u00e9\u00a0\u00bb, fond\u00e9 sur un imaginaire restaur\u00e9.<\/p>\n<p><strong>D\u00e9voiler les \u00ab\u00a0id\u00e9ologies de l\u2019inhumain\u00a0\u00bb<\/strong><\/p>\n<p>Parmi les \u00ab\u00a0id\u00e9ologies de l\u2019inhumain\u00a0\u00bb, quatre, en particulier, se d\u00e9tachent.<\/p>\n<ul>\n<li>Le \u00ab\u00a0syst\u00e8me pharaonique\u00a0\u00bb d\u00e9signe un mode d\u2019oppression fond\u00e9 sur la domination d\u2019un appareil d\u2019Etat corrompu et gourmand. En analogie avec la figure de Pharaon dans la <a title=\"Bible protestante en ligne : notre s\u00e9lection\" href=\"https:\/\/regardsprotestants.com\/bible-protestante-en-ligne\/\" data-internallinksmanager029f6b8e52c=\"11\">Bible<\/a>, K\u00e4 Mana vise ici le potentat \u00e0 Parti Unique, \u00e0 la t\u00eate d\u2019un pays jusqu\u2019\u00e0 sa mort. Le \u00ab\u00a0pharaonisme\u00a0\u00bb est une plaie dont souffrent aujourd\u2019hui encore plusieurs Etats africains.<\/li>\n<\/ul>\n<ul>\n<li>Les \u00ab\u00a0id\u00e9ologies baalistes\u00a0\u00bb constituent un second type, qui renvoie \u00e0 la divinit\u00e9 canan\u00e9enne de Baal, dans la Bible. K\u00e4 Mana les d\u00e9crit comme des identifications aux divinit\u00e9s du sol et du sang \u00ab\u00a0qui s\u00e8ment la haine, la violence et la division\u00a0\u00bb, au nom de m\u00e9taphysiques ethniques qui font fi de la fraternit\u00e9 humaine.<\/li>\n<\/ul>\n<ul>\n<li>Le th\u00e9ologien K\u00e4 Mana pointe aussi les \u00ab\u00a0lois d\u2019airain de Mamon\u00a0\u00bb, autre forme d\u2019inhumanit\u00e9 fond\u00e9e sur l\u2019Avoir, la cupidit\u00e9; elles fonctionnent \u00e0 la fois sur une logique individuelle, mais aussi au sein de m\u00e9canismes collectifs d&rsquo;\u00a0\u00bbenr\u00e9gimentement des individus\u00a0\u00bb au service d\u2019une \u00e9conomie de pr\u00e9dation.<\/li>\n<\/ul>\n<ul>\n<li>Enfin, il d\u00e9nonce la \u00ab\u00a0pharisa\u00efte\u00a0\u00bb, en r\u00e9f\u00e9rence aux Pharisiens contre lesquels, d\u2019apr\u00e8s les r\u00e9cits des Evangiles, J\u00e9sus-Christ s\u2019est plusieurs fois oppos\u00e9. Il entend par l\u00e0 une pathologie sociale qui promeut la dislocation de l\u2019\u00eatre, forgeant des \u00eatres-humains habit\u00e9s par la duplicit\u00e9, \u00ab\u00a0incapables d\u2019aimer vraiment\u00a0\u00bb, dit-il. Avec des cons\u00e9quences directes, notamment sur les femmes, victimes de violences syst\u00e9miques qu\u2019il d\u00e9nonce, en 2005, dans un opuscule co-sign\u00e9 avec H\u00e9l\u00e8ne Vinda (3).<\/li>\n<\/ul>\n<p><strong><img decoding=\"async\" loading=\"lazy\" class=\"wp-image-108561 img-responsive alignleft\" src=\"https:\/\/regardsprotestants.com\/wp-content\/uploads\/2021\/07\/1994.jpg\" alt=\"\" width=\"218\" height=\"350\" \/>D\u00e9ploiement d\u2019un Christ vivant, par et pour les Africains<\/strong><\/p>\n<p>Le second grand volet de la pens\u00e9e th\u00e9ologique de K\u00e4 Mana porte sur le d\u00e9ploiement d\u2019un Christ vivant dans les soci\u00e9t\u00e9s africaines du XXIe si\u00e8cle. Il entend par l\u00e0 un Evangile v\u00e9cu, qui rende visible le Christ des Ecritures au travers d\u2019une pr\u00e9sence au monde qui d\u00e9construit les structures iniques et promeut travail, fraternit\u00e9, solidarit\u00e9, \u00ab\u00a0foi conqu\u00e9rante\u00a0\u00bb, r\u00e9sistance, f\u00e9condit\u00e9 et int\u00e9riorit\u00e9 cr\u00e9atrice, entre autres axes d\u2019engagement.<\/p>\n<p>Avec notamment deux enjeux : d\u2019abord,\u00a0 \u00e9vang\u00e9liser les institutions, en changeant \u00ab\u00a0les cultures et les structures injustes\u00a0\u00bb, et ensuite, \u00ab\u00a0r\u00e9orienter l\u2019imaginaire africain dans son ensemble\u00a0\u00bb, en s\u2019appuyant sur les trois questions \u00e9thiques du philosophe protestant Emmanuel Kant : Que puis-je savoir ? Que dois-je faire ? Que m\u2019est-il permis d\u2019esp\u00e9rer ? Il plaide pour d\u00e9passer la culture du ressentiment et de la revanche, pour s\u2019appuyer avec confiance, en priorit\u00e9, sur les immenses ressources spirituelles et culturelles de l\u2019Afrique. Il affirme : \u00ab\u00a0il ne s\u2019agit plus de vivre la mission comme la mission des autres chez-nous, mais notre mission sur nos propres terres\u00a0\u00bb (4). Et il invoque la dynamique messianique, tension entre le <em>d\u00e9j\u00e0-l\u00e0<\/em> et le <em>pas encore<\/em>, pour galvaniser le courage de celles et ceux qui oeuvre \u00e0 un monde plus juste. Ces derni\u00e8res ann\u00e9es, les turbulences qui marqu\u00e8rent l\u2019histoire r\u00e9cente du Congo RDC le motiv\u00e8rent pour \u00e9crire, avec Fred Mulumba <em>L\u2019Afrique et l\u2019ordre n\u00e9olib\u00e9ral plan\u00e9taire<\/em> (ed Universitaires Europ\u00e9ennes, 2019), dans lequel il r\u00e9fute l\u2019accoutumance \u00e0 une \u00ab\u00a0culture du d\u00e9sespoir\u00a0\u00bb en misant sur \u00ab\u00a0l\u2019esprit cr\u00e9ateur de la jeunesse\u00a0\u00bb. Le cap sur l\u2019esp\u00e9rance, jusqu\u2019au bout.<\/p>\n<p>&nbsp;<\/p>\n<p>(1) Lucie Sarr, \u00ab\u00a0K\u00e4 Mana, c\u00e9l\u00e8bre th\u00e9ologien congolais, est mort\u00a0\u00bb, <em>La Croix<\/em>, 19 juillet 2021<\/p>\n<p>(2) S\u00e9bastien Sasa Nganomo Babisayone, <em>L\u2019\u00e9vang\u00e9lisation chez K\u00e4 Mana, th\u00e9ologien congolais. Lieu et ferment pour la construction d\u2019une Afrique nouvelle<\/em>, L\u2019Harmattan, 2010 ; Laurent Lwanga Falay, <em>La pens\u00e9e du philosophe K\u00e4 Mana, Redynamiser l\u2019imaginaire africain<\/em>, L\u2019Harmattan, 2017<\/p>\n<p>(3) H\u00e9l\u00e8ne Vinda et K\u00e4 Mana, <em>Manifeste de la femme africaine : contre le syst\u00e8me de violence envers les femmes et pour un nouveau chemin d\u2019humanit\u00e9<\/em>, Bafoussam, CIPCRE, 2005<\/p>\n<p>(4) K\u00e4 Mana, \u00ab\u00a0L\u2019Eglise africaine et la th\u00e9ologie de la reconstruction, r\u00e9flexions sur les nouveaux appels de la mission en Afrique\u00a0\u00bb, <em>Bulletin du Centre Protestant d\u2019Etudes<\/em>, Gen\u00e8ve, ao\u00fbt 1994, n\u00b04-5, p.42<\/p>\n","protected":false},"excerpt":{"rendered":"<p>Pour de nombreux chr\u00e9tiens francophones, le th\u00e9ologien luth\u00e9rien africain K\u00e4 Mana \u00e9tait un \u00ab\u00a0ma\u00eetre\u00a0\u00bb. Pour ne pas dire un g\u00e9ant. Il s&rsquo;en est all\u00e9 il y a quelques jours, emport\u00e9 par l&rsquo;\u00e9pid\u00e9mie de Covid19. Le journal de RDC Le Monitor le qualifie de \u00ab\u00a0Duc de la pens\u00e9e congolaise\u00a0\u00bb. Lucie Sarr le d\u00e9crit, \u00e0 raison, comme [&hellip;]<\/p>\n","protected":false},"author":3,"featured_media":868,"comment_status":"closed","ping_status":"closed","sticky":false,"template":"","format":"standard","meta":[],"categories":[1],"tags":[57,11,3,180,6,2],"_links":{"self":[{"href":"https:\/\/www.fil-info-francophonie.com\/index.php?rest_route=\/wp\/v2\/posts\/867"}],"collection":[{"href":"https:\/\/www.fil-info-francophonie.com\/index.php?rest_route=\/wp\/v2\/posts"}],"about":[{"href":"https:\/\/www.fil-info-francophonie.com\/index.php?rest_route=\/wp\/v2\/types\/post"}],"author":[{"embeddable":true,"href":"https:\/\/www.fil-info-francophonie.com\/index.php?rest_route=\/wp\/v2\/users\/3"}],"replies":[{"embeddable":true,"href":"https:\/\/www.fil-info-francophonie.com\/index.php?rest_route=%2Fwp%2Fv2%2Fcomments&post=867"}],"version-history":[{"count":1,"href":"https:\/\/www.fil-info-francophonie.com\/index.php?rest_route=\/wp\/v2\/posts\/867\/revisions"}],"predecessor-version":[{"id":869,"href":"https:\/\/www.fil-info-francophonie.com\/index.php?rest_route=\/wp\/v2\/posts\/867\/revisions\/869"}],"wp:featuredmedia":[{"embeddable":true,"href":"https:\/\/www.fil-info-francophonie.com\/index.php?rest_route=\/wp\/v2\/media\/868"}],"wp:attachment":[{"href":"https:\/\/www.fil-info-francophonie.com\/index.php?rest_route=%2Fwp%2Fv2%2Fmedia&parent=867"}],"wp:term":[{"taxonomy":"category","embeddable":true,"href":"https:\/\/www.fil-info-francophonie.com\/index.php?rest_route=%2Fwp%2Fv2%2Fcategories&post=867"},{"taxonomy":"post_tag","embeddable":true,"href":"https:\/\/www.fil-info-francophonie.com\/index.php?rest_route=%2Fwp%2Fv2%2Ftags&post=867"}],"curies":[{"name":"wp","href":"https:\/\/api.w.org\/{rel}","templated":true}]}}