{"id":861,"date":"2021-06-29T09:50:07","date_gmt":"2021-06-29T09:50:07","guid":{"rendered":"https:\/\/www.fil-info-francophonie.com\/?p=861"},"modified":"2021-12-28T21:42:45","modified_gmt":"2021-12-28T21:42:45","slug":"francophonie-deconfinee-le-phenomene-onestensemble","status":"publish","type":"post","link":"https:\/\/www.fil-info-francophonie.com\/?p=861","title":{"rendered":"Francophonie d\u00e9confin\u00e9e : le ph\u00e9nom\u00e8ne #OnEstEnsemble"},"content":{"rendered":"<p><em>Depuis mars 2020, la pand\u00e9mie Covid19 avait tout d&rsquo;une catastrophe industrielle pour les chr\u00e9tiens pratiquants, habitu\u00e9s aux r\u00e9unions dites \u00ab\u00a0en pr\u00e9sentiel\u00a0\u00bb. C&rsquo;\u00e9tait compter sans deux facteurs&#8230;<\/em><\/p>\n<p><em><strong>D\u2019une part, en France, la bienveillance du gouvernement. Entre la fin 2020 et mai 2021, les lieux de culture (th\u00e9\u00e2tres, cin\u00e9mas) sont rest\u00e9s ferm\u00e9s. Pas les lieux de culte !<\/strong> Avec des dispositifs sp\u00e9cifiques (jauge, gestes barri\u00e8re etc), les protestants, catholiques, orthodoxes ont continu\u00e9 \u00e0 pouvoir se r\u00e9unir. <\/em><\/p>\n<p><em>L\u2019autre facteur est la familiarit\u00e9 de beaucoup d\u2019Eglises, en particulier protestantes <a title=\"Les \u00e9vang\u00e9liques\" href=\"https:\/\/regardsprotestants.com\/les-differentes-familles-protestantes\/les-evangeliques\/\" data-internallinksmanager029f6b8e52c=\"22\">\u00e9vang\u00e9liques<\/a>, avec la R\u00e9volution num\u00e9rique. La cha\u00eene francophone #OnEstEnsemble, et le magazine d\u00e9di\u00e9, en est un des meilleurs exemples.<\/em><\/p>\n<p>&nbsp;<\/p>\n<p>Lanc\u00e9e lors du premier confinement du printemps 2020, la cha\u00eene Youtube <a href=\"https:\/\/www.youtube.com\/c\/OnEstEnsemble\/about\" target=\"_blank\" rel=\"noopener\"><strong>#OnEstEnsemble<\/strong><\/a> a connu un succ\u00e8s fulgurant. Port\u00e9e en particulier par <strong>Eric C\u00e9l\u00e9rier<\/strong>, <a title=\"La sexualit\u00e9 des pasteurs\" href=\"https:\/\/regardsprotestants.com\/la-sexualite-des-pasteurs\/\" data-internallinksmanager029f6b8e52c=\"15\">pasteur<\/a> et architecte de l\u2019alliance Jesus.net, elle est active depuis le 18 mars 2020. Elle \u00a0cumule d\u00e9j\u00e0, en quinze mois d\u2019activit\u00e9, 6,5 millions de vues et plus de 56.000 abonn\u00e9s de toutes \u00e9tiquettes confessionnelles. Les protestants \u00e9vang\u00e9liques y sont les plus nombreux, mais bien des catholiques s\u2019y retrouvent aussi, ainsi que des chr\u00e9tiens d\u2019autres horizons. Son principe ? \u00ab\u00a0Du converti au connect\u00e9\u00a0\u00bb, il s\u2019agit de rapprocher les chr\u00e9tiens s\u00e9par\u00e9s par les rigueurs de la pand\u00e9mie, en utilisant pour cela les ressources sans cesse perfectionn\u00e9es du Net de la communication simultan\u00e9e en \u00ab\u00a0visio\u00a0\u00bb. Les contenus, fr\u00e9quemment renouvel\u00e9s, sont bas\u00e9s sur l\u2019enseignement, l\u2019encouragement, l\u2019information ; ils relient chr\u00e9tiens, mais aussi communaut\u00e9s locales, vie une plate-forme explicitement cr\u00e9\u00e9e pour nourrir la communion.<\/p>\n<p>On n\u2019est plus dans le seul mod\u00e8le du \u00ab\u00a0culte \u00e0 la maison\u00a0\u00bb. Via des dispositifs techniques sophistiqu\u00e9s et la dext\u00e9rit\u00e9 des ma\u00eetres d\u2019oeuvre, on entre dans une dynamique d\u2019interactivit\u00e9, d\u2019\u00e9change, qui fait passer le chr\u00e9tien du statut de spectateur \u00e0 celui d\u2019acteur. Les fonctions du chat et des commentaires permettent en outre, \u00e0 celles et ceux qui n\u2019interviennent pas directement dans le \u00ab\u00a0live\u00a0\u00bb, de r\u00e9agir en direct et d\u2019obtenir un retour sur les remarques ou questions post\u00e9es. Parmi les vid\u00e9os les plus populaires vient en t\u00eate une \u00e9mission sp\u00e9ciale Porte Ouverte Chr\u00e9tienne (POC), en soutien \u00e0 la <em>megachurch<\/em> \u00e9vang\u00e9lique de Mulhouse. Diffam\u00e9e par la pr\u00e9f\u00e8te du Grand Est (1) et bouc \u00e9missaire, dans certains m\u00e9dias, des d\u00e9buts de la pand\u00e9mie Covid19 en France, la POC trouve l\u2019opportunit\u00e9, dans cette \u00e9mission, d\u2019un \u00e9change, d\u2019une \u00e9coute, d\u2019un soutien et d\u2019un partage. Dans les 14 mois qui suivent sa diffusion, plus de 80.000 personnes l\u2019ont visionn\u00e9e. Une nouvelle \u00e9mission avec la POC, mise en ligne le 11 nov 2020, recueille \u00a043.000 vues. Au rang d\u2019autres \u00e9missions bien regard\u00e9es, on compte notamment une \u00e9mission avec Impact Centre Chr\u00e9tien (ICC) du pasteur Yvan Castanou, le 7 d\u00e9cembre 2020 (14.900 vues), un \u00ab\u00a0live\u00a0\u00bb le 22 f\u00e9vrier 2021 avec le chanteur charismatique Gregory Turpin et Eric C\u00e9l\u00e9rier (12.600 vues), ou \u00ab\u00a0Que se passe-t-il apr\u00e8s la mort ?\u00a0\u00bb, \u00e9mission de l\u2019Evangile du jour propos\u00e9e par Eric C\u00e9l\u00e9rier le 2 juin 2021, qui enregistre plus de 11.000 vues trois semaines apr\u00e8s sa mise en ligne.<\/p>\n<p><strong><img decoding=\"async\" loading=\"lazy\" class=\"wp-image-103294 img-responsive alignleft\" src=\"https:\/\/regardsprotestants.com\/wp-content\/uploads\/2021\/06\/OnEstEnsemble.jpeg\" alt=\"\" width=\"484\" height=\"646\" \/>Un nouveau bimestriel pour \u00ab\u00a0l\u2019Eglise d\u00e9confin\u00e9e\u00a0\u00bb<\/strong><\/p>\n<p>Adoss\u00e9 \u00e0 cette nouvelle cha\u00eene, un magazine francophone version papier compl\u00e8te d\u00e9sormais l\u2019offre en direction d\u2019une \u00ab\u00a0Eglise d\u00e9confin\u00e9e\u00a0\u00bb, qui cr\u00e9e du lien par-del\u00e0 les cloisons. Bimensuel, le magazine <em>#OnEstEnsemble<\/em> a sorti son premier num\u00e9ro en avril 2021 (2). Le second, sorti pour juillet, a pour titre \u00ab\u00a0O\u00f9 sont les femmes ?\u00a0\u00bb. Il est co-\u00e9dit\u00e9 par ICNews et Progressif Media. D\u00e9ploy\u00e9 sur 92 pages sans publicit\u00e9 (!), le n\u00b01 place d\u2019embl\u00e9e la barre tr\u00e8s haut. D\u2019une qualit\u00e9 graphique exceptionnelle, \u00e9crit avec soin dans un format au go\u00fbt du jour, tr\u00e8s largement ouvert \u00e0 la participation des femmes, il d\u00e9cline un menu riche et a\u00e9r\u00e9, en 29 entr\u00e9es combinant interview et t\u00e9moignage (beaucoup), reportage (un peu), m\u00e9ditation\/enseignement et mise en valeur de contenus francophones (rubrique \u00ab\u00a0Culture et foi\u00a0\u00bb, p.76-77). R\u00e9solument chr\u00e9tien, il ne met pas en avant d\u2019\u00e9tiquette, qu\u2019elle soit protestante ou \u00e9vang\u00e9lique. Parole est donn\u00e9e au chanteur catholique de <em>pop-spi<\/em> Gr\u00e9gory Turpin, appuy\u00e9 sur \u00ab\u00a0l\u2019amour du P\u00e8re\u00a0\u00bb (p.84-85), ou au pasteur Claude Houde de la <em>megachurch<\/em> francophone Nouvelle Vie au Canada, qui affirme que \u00ab\u00a0l\u2019unit\u00e9 des chr\u00e9tiens doit pr\u00e9valoir\u00a0\u00bb (p.66 \u00e0 69). La qualit\u00e9 a un prix : ce superbe bimestriel, dont le second num\u00e9ro est pr\u00e9vu sur 104 pages, co\u00fbte 15 euros. Mais une \u00ab\u00a0liste d\u2019attente solidaire\u00a0\u00bb est n\u00e9anmoins pr\u00e9vue pour celles et ceux qui ont des fins de mois difficiles, et qui souhaiteraient recevoir le magazine. Heureuse initiative qui peut \u00e9largir le lectorat d\u2019un magazine ouvert sur toute la francophonie chr\u00e9tienne : un exemple significatif du nouvel oecum\u00e9nisme k\u00e9rygmatique (3) qui se d\u00e9veloppe depuis un bon quart de si\u00e8cle : un rapprochement chr\u00e9tien autour du message de J\u00e9sus-Christ et de pratiques partag\u00e9es (<a title=\"La pri\u00e8re chez les protestants\" href=\"https:\/\/regardsprotestants.com\/la-priere-chez-les-protestants\/\" data-internallinksmanager029f6b8e52c=\"17\">pri\u00e8re<\/a>, chant, \u00e9vang\u00e9lisation).<\/p>\n<p>Feu de paille ? La \u00ab\u00a0cr\u00e9ationnite\u00a0\u00bb \u00e9vang\u00e9lique g\u00e9n\u00e8re beaucoup d\u2019id\u00e9es, de projets forts, mais peu durent et s\u2019imposent dans le paysage (4). Le milieu \u00e9ditorial a connu d\u2019autres initiatives, comme le magazine <em>Horizons \u00e9vang\u00e9liques<\/em>, n\u00e9 sur la disparition de <em>Construire Ensemble<\/em> (p\u00e9riodique baptiste). L\u2019initiative ne dura que 4 ans, sans jamais atteindre les 1000 abonn\u00e9s. Seul l\u2019avenir dira si cette nouvelle offre ambitieuse au service d\u2019une \u00ab\u00a0Eglise d\u00e9confin\u00e9e\u00a0\u00bb atteindra durablement ses objectifs. Reste que les bases pos\u00e9es ici augurent de lendemains prometteurs. Le professionnalisme mis en oeuvre, l\u2019option choisie d\u2019un haut de gamme tr\u00e8s attrayant, et le large capital social (interconfessionnel) investi t\u00e9moignent d\u2019un projet m\u00fbr, loin de l\u2019approximation ou de l\u2019amateurisme. Avec en toile de fond une volont\u00e9 de sourire et de partager l\u2019esp\u00e9rance chr\u00e9tienne, autour de ce slogan, th\u00e8me du premier num\u00e9ro : \u00ab\u00a0N\u2019ayez pas peur\u00a0\u00bb.<\/p>\n<p>(1) Sur la Matinale de <em>France Inter <\/em>le mardi 17 mars 2020, la pre\u0301fe\u0300te du Grand Est, Mme Josiane Chevalier, tient les propos suivants (verbatim): l\u2019e\u0301pide\u0301mie serait \u00ab\u00a0partie d\u2019un rassemblement e\u0301vange\u0301lique qui a eu lieu dans le Haut- Rhin, avec plus de 3.000 personnes et un non-respect des mesures barrie\u0300res : en re\u0301sume\u0301, tout ce qu\u2019il ne faut pas faire\u00a0\u00bb. Elle commente : \u00abOn paie le prix fort de cette non prise en compte des mesures de base\u00bb. Ce sont des contre-v\u00e9rit\u00e9s. En effet, le virus \u00e9tait d\u00e9j\u00e0 actif en France bien avant le rassemblement POC. Au moment du rassemblement, les mesures barrie\u0300res pre\u0301conise\u0301es par le gouvernement n\u2019avaient pas encore e\u0301te\u0301 mises en place. Et l\u2019interdiction de rassemblement de plus de 5000 personnes n\u2019avait pas encore e\u0301te\u0301 e\u0301dicte\u0301e. Enfin, la semaine de jeu\u0302ne et prie\u0300re de la POC du 17 au 22 f\u00e9vrier 2020\u00a0 e\u0301tait autorise\u0301e par la pre\u0301fecture, du\u0302ment informe\u0301e a\u0300 l\u2019avance.<\/p>\n<p>(2) https:\/\/onestensemblemag.com\/<\/p>\n<p>(3) Voir \u00ab\u00a0Vers un oecum\u00e9nisme de la pi\u00e9t\u00e9 k\u00e9rygmatique ?\u00a0\u00bb, dans <em>Nouveaux territoires de l\u2019oecum\u00e9nisme<\/em> (collectif), Le Cerf, 2019, p.67-84.<\/p>\n<p>(4) La \u00ab\u00a0cr\u00e9ationnite\u00a0\u00bb \u00e9vang\u00e9lique, ou propension \u00e0 lancer de nouveaux projets, souvent \u00e9ph\u00e9m\u00e8res. Cf. S. Fath, <em>Du ghetto au r\u00e9seau, Le protestantisme \u00e9vang\u00e9lique en France, 1800-2005<\/em>, Labor et Fides, p.265-266.<\/p>\n","protected":false},"excerpt":{"rendered":"<p>Depuis mars 2020, la pand\u00e9mie Covid19 avait tout d&rsquo;une catastrophe industrielle pour les chr\u00e9tiens pratiquants, habitu\u00e9s aux r\u00e9unions dites \u00ab\u00a0en pr\u00e9sentiel\u00a0\u00bb. C&rsquo;\u00e9tait compter sans deux facteurs&#8230; D\u2019une part, en France, la bienveillance du gouvernement. Entre la fin 2020 et mai 2021, les lieux de culture (th\u00e9\u00e2tres, cin\u00e9mas) sont rest\u00e9s ferm\u00e9s. Pas les lieux de culte [&hellip;]<\/p>\n","protected":false},"author":3,"featured_media":862,"comment_status":"closed","ping_status":"closed","sticky":false,"template":"","format":"standard","meta":[],"categories":[1],"tags":[186,55,97,6,2],"_links":{"self":[{"href":"https:\/\/www.fil-info-francophonie.com\/index.php?rest_route=\/wp\/v2\/posts\/861"}],"collection":[{"href":"https:\/\/www.fil-info-francophonie.com\/index.php?rest_route=\/wp\/v2\/posts"}],"about":[{"href":"https:\/\/www.fil-info-francophonie.com\/index.php?rest_route=\/wp\/v2\/types\/post"}],"author":[{"embeddable":true,"href":"https:\/\/www.fil-info-francophonie.com\/index.php?rest_route=\/wp\/v2\/users\/3"}],"replies":[{"embeddable":true,"href":"https:\/\/www.fil-info-francophonie.com\/index.php?rest_route=%2Fwp%2Fv2%2Fcomments&post=861"}],"version-history":[{"count":3,"href":"https:\/\/www.fil-info-francophonie.com\/index.php?rest_route=\/wp\/v2\/posts\/861\/revisions"}],"predecessor-version":[{"id":905,"href":"https:\/\/www.fil-info-francophonie.com\/index.php?rest_route=\/wp\/v2\/posts\/861\/revisions\/905"}],"wp:featuredmedia":[{"embeddable":true,"href":"https:\/\/www.fil-info-francophonie.com\/index.php?rest_route=\/wp\/v2\/media\/862"}],"wp:attachment":[{"href":"https:\/\/www.fil-info-francophonie.com\/index.php?rest_route=%2Fwp%2Fv2%2Fmedia&parent=861"}],"wp:term":[{"taxonomy":"category","embeddable":true,"href":"https:\/\/www.fil-info-francophonie.com\/index.php?rest_route=%2Fwp%2Fv2%2Fcategories&post=861"},{"taxonomy":"post_tag","embeddable":true,"href":"https:\/\/www.fil-info-francophonie.com\/index.php?rest_route=%2Fwp%2Fv2%2Ftags&post=861"}],"curies":[{"name":"wp","href":"https:\/\/api.w.org\/{rel}","templated":true}]}}