{"id":858,"date":"2021-06-28T09:23:42","date_gmt":"2021-06-28T09:23:42","guid":{"rendered":"https:\/\/www.fil-info-francophonie.com\/?p=858"},"modified":"2021-09-07T09:03:44","modified_gmt":"2021-09-07T09:03:44","slug":"eric-celerier-pasteur-de-la-francophonie","status":"publish","type":"post","link":"https:\/\/www.fil-info-francophonie.com\/?p=858","title":{"rendered":"Eric C\u00e9l\u00e9rier, pasteur de la francophonie"},"content":{"rendered":"<p>Missionnaire du web et pasteur fran\u00e7ais, Eric C\u00e9l\u00e9rier a fond\u00e9 le grand groupe m\u00e9dia internet du TopChr\u00e9tien francophone en 1999 et n\u2019a cess\u00e9, depuis, de repousser les fronti\u00e8res.<\/p>\n<p>&nbsp;<\/p>\n<p><em>Missionnaire du web et <a title=\"La sexualit\u00e9 des pasteurs\" href=\"https:\/\/regardsprotestants.com\/la-sexualite-des-pasteurs\/\" data-internallinksmanager029f6b8e52c=\"15\">pasteur<\/a> fran\u00e7ais, Eric C\u00e9l\u00e9rier a fond\u00e9 le grand groupe m\u00e9dia <a title=\"Bible protestante en ligne : notre s\u00e9lection\" href=\"https:\/\/regardsprotestants.com\/bible-protestante-en-ligne\/\" data-internallinksmanager029f6b8e52c=\"11\">internet<\/a> du TopChr\u00e9tien francophone en 1999 et n\u2019a cess\u00e9, depuis, de repousser les fronti\u00e8res. Le christianisme du p\u00e8lerin et du converti (Hervieu-L\u00e9ger), articulant recherche de sens et foi personnelle, s\u2019est aujourd\u2019hui enrichi d\u2019un troisi\u00e8me marqueur : le connect\u00e9. A l\u2019\u00e9chelle de la vaste francophonie protestante, et m\u00eame au-del\u00e0, Eric C\u00e9l\u00e9rier incarne, mieux que quiconque, ces mutations du XXIe si\u00e8cle.<\/em><em>\u00a0<\/em><\/p>\n<p><em>Depuis 2016, son minist\u00e8re transnational a pris un tournant, amplifi\u00e9 par les effets de la pand\u00e9mie (2020-21). L\u2019occasion de revenir sur le parcours d\u2019un visionnaire.<\/em><strong>\u00a0<\/strong><\/p>\n<p>N\u00e9 \u00e0 Castres (Tarn), Eric C\u00e9l\u00e9rier a d\u00e9couvert le christianisme dans une famille catholique. C\u2019est ensuite dans une Eglise protestante <a title=\"Les \u00e9vang\u00e9liques\" href=\"https:\/\/regardsprotestants.com\/les-differentes-familles-protestantes\/les-evangeliques\/\" data-internallinksmanager029f6b8e52c=\"22\">\u00e9vang\u00e9lique<\/a>, \u00e0 18 ans, qu\u2019il fait l\u2019exp\u00e9rience d\u2019une conversion marquante, avant de d\u00e9couvrir l\u2019engagement chr\u00e9tien actif dans le cadre de la campagne de l\u2019<a title=\"Qui sont les quatre \u00e9vang\u00e9listes ?\" href=\"https:\/\/regardsprotestants.com\/bible-theologie\/qui-sont-les-quatre-evangelistes\/\" data-internallinksmanager029f6b8e52c=\"39\">\u00e9vang\u00e9liste<\/a> Billy Graham en France (1986). <a title=\"mariage\" href=\"https:\/\/regardsprotestants.com\/nos-dossiers-thematiques\/catholiques-protestants-quelles-differences\/la-sacramentalite-du-mariage\/\" data-internallinksmanager029f6b8e52c=\"2\">Mari\u00e9<\/a> \u00e0 Muriel, avec laquelle il a trois enfants, il se d\u00e9cide \u00e0 embrasser le minist\u00e8re pastoral au sein des assembl\u00e9es de Dieu (ADD, pentec\u00f4tisme). Apr\u00e8s six ans de formation, le voil\u00e0 en poste \u00e0 Givors (Rh\u00f4ne, 1997). Il monte alors le site internet de l\u2019<a title=\"Qu\u2019est-ce qui fait l\u2019\u00c9glise ?\" href=\"https:\/\/regardsprotestants.com\/nos-dossiers-thematiques\/catholiques-protestants-quelles-differences\/quest-ce-qui-fait-leglise\/\" data-internallinksmanager029f6b8e52c=\"20\">\u00e9glise<\/a>\u2026. Ce \u00ab sixi\u00e8me continent \u00bb du Net allait devenir son champ de mission.<strong>\u00a0<\/strong><\/p>\n<p><strong>Pionnier chr\u00e9tien du web francophone (TopChr\u00e9tien)<\/strong><\/p>\n<p>A partir de 1999, une nouvelle page s\u2019ouvre dans son minist\u00e8re, avec le lancement, le 15 juillet, du TopChr\u00e9tien francophone. Les statuts sont d\u00e9pos\u00e9s en 2000, ann\u00e9e o\u00f9 est lanc\u00e9 le service \u00ab\u00a0La pens\u00e9e du jour\u00a0\u00bb. Aujourd\u2019hui bien connue, cette aventure \u00e9tait alors improbable. Qui aurait pu imaginer l\u2019explosion du web ? En 2001, Alain Finkielkraut s\u2019insurge dans un livre cosign\u00e9 avec Paul Soriano contre \u00ab\u00a0l\u2019inqui\u00e9tante extase\u00a0\u00bb d\u2019internet. Huit ans plus tard, le m\u00eame auteur estimait encore que le Web, \u00ab\u00a0<em>c\u2019est\u00a0l\u2019instrument privil\u00e9gi\u00e9 du n\u2019importe quoi<\/em>\u00ab\u00a0. Mais Eric C\u00e9l\u00e9rier ne l\u2019entend pas de cette oreille. Il veut quant \u00e0 lui faire d\u2019internet \u00ab\u00a0l\u2019instrument privil\u00e9gi\u00e9\u00a0\u00bb\u2026 d\u2019une \u00e9vang\u00e9lisation tous azimuts, appuy\u00e9e sur des supports num\u00e9rique de qualit\u00e9. Et \u00e7a marche. Son sens du contact, sa capacit\u00e9 d\u2019organisation, son enthousiasme contagieux et son charisme de pionnier font mouche. Sa spiritualit\u00e9 est \u00e0 la fois orient\u00e9e vers l\u2019annonce du k\u00e9rygme (le salut en J\u00e9sus-Christ) et l\u2019efficacit\u00e9 du Saint-Esprit (dans la lign\u00e9e pentec\u00f4tiste et charismatique). Elle oriente ses choix et ses r\u00e9seaux.<\/p>\n<p>Avec une \u00e9quipe \u00e9largie et l\u2019appui ind\u00e9fectible de son \u00e9pouse, il fait passer le TopChr\u00e9tien de microentreprise install\u00e9e au fond d\u2019un garage au rang de g\u00e9ant chr\u00e9tien du web francophone\u2026. et au-del\u00e0, puisque l\u2019\u00e9quipe missionnaire du TopChr\u00e9tien, d\u00e8s 2005-06, commence \u00e0 traduire de plus en plus massivement ses contenus dans diff\u00e9rentes langues. La francophonie reste largement dominante cependant, comme le souligne l\u2019historien Pierre-Yves Kirchleger dans une \u00e9tude consacr\u00e9 au web protestant : \u00e0 dater de 2010, il rel\u00e8ve que le Topchr\u00e9tien attire alors, parmi ses membres inscrits, 37.223 membres de France, mais aussi 19.689 de C\u00f4te d\u2019Ivoire, 6.850 du Cameroun, 6.812 du Canada, 4.010 de Belgique, 3.235 du Congo (1). Les chiffres sont d\u00e9licats. Les anciens membres n\u2019effa\u00e7ant pas leur adh\u00e9sion, comment savoir exactement ? Mais les ordres de grandeur restent : le projet TopChr\u00e9tien est un succ\u00e8s, tant\u00f4t jalous\u00e9, tant\u00f4t copi\u00e9 dans la francophonie 2.0.<\/p>\n<p><strong>Connecteur de synergies chr\u00e9tiennes transnationales (Jesus.net)<\/strong><\/p>\n<p>En 2009, sans changer fondamentalement, le minist\u00e8re d\u2019Eric C\u00e9l\u00e9rier atteint une nouvelle dimension avec le mise en place de l\u2019alliance Jesus.net, cr\u00e9\u00e9e aux Pays-Bas. Essentiellement fran\u00e7aise et francophone au d\u00e9part, son entreprise missionnaire sur le web franchit un palier. Ouvert aux collaborations, pr\u00eat au saut dans l\u2019inconnu, Eric C\u00e9l\u00e9rier tisse des liens d\u2019un continent \u00e0 l\u2019autre. Il se fait connecteur de synergies chr\u00e9tiennes transnationales. Avec l\u2019aide de Jan-Willem Bosman, les d\u00e9clinaisons linguistiques des sites Conna\u00eetreDieu.com (cr\u00e9\u00e9s en 2005) se multiplient, et bient\u00f4t, la tr\u00e8s puissante association BGEA (Billy Graham Evangelistic Association) cr\u00e9e un partenariat avec Eric C\u00e9l\u00e9rier sur le terrain de l\u2019\u00e9vang\u00e9lisation directe par le Web. Eric C\u00e9l\u00e9rier rencontre Franklin Graham, le conseil d\u2019administration de la BGEA, et\u2026 Billy Graham lui-m\u00eame, qui lui aurait dit en novembre 2010 : \u00ab\u00a0Merci Eric. Je trouve que c\u2019est une excellente id\u00e9e. Je crois qu\u2019elle vient de Dieu et que nous devons la mettre en place. (\u2026) Aujourd\u2019hui nous devons utiliser internet. Allons-y\u00a0\u00bb (2).<\/p>\n<p>Le cap : atteindre 100 millions de personnes gr\u00e2ce aux nouveaux outils d\u2019\u00e9vang\u00e9lisation diffus\u00e9 via internet. Avec des moyens renforc\u00e9s, l\u2019alliance Jesus.Net n\u2019a cess\u00e9, depuis, de cro\u00eetre en surface et en contenus, connectant des synergies chr\u00e9tiennes de tous horizons au service d\u2019une seule vision : proposer l\u2019offre de salut chr\u00e9tien au plus grand nombre avec les outils d\u2019internet. Au risque de susciter la r\u00e9serve croissante d\u2019Eglises locales \u00e9vang\u00e9liques avant tout pr\u00e9occup\u00e9es d\u2019attirer de pr\u00e9sence physique des fid\u00e8les, le fameux \u00ab\u00a0pr\u00e9sentiel\u00a0\u00bb ? Eric C\u00e9l\u00e9rier encaisse les critiques, et plaide pour d\u00e9passer les antagonismes, soulignant la compl\u00e9mentarit\u00e9 virtuel\/pr\u00e9sentiel. En t\u00e9moigne le festival de l\u2019\u00e9vang\u00e9liste am\u00e9ricaine Joyce Meyer le 8 mai 2015 au Parc des Expositions de Villepinte (Seine-Saint-Denis), dans lequel Eric C\u00e9l\u00e9rier s\u2019implique en premi\u00e8re ligne. 10.000 personnes s\u2019y pressent en rangs serr\u00e9s pour \u00e9couter la pr\u00e9dicatrice exhorter \u00e0 \u00ab\u00a0vivre pleinement sa vie\u00a0\u00bb en recevant l\u2019Evangile.<\/p>\n<p><strong>Pasteur de la francophonie (OnEstEnsemble)<\/strong><\/p>\n<p>C\u2019est au cours de l\u2019ann\u00e9e 2016 qu\u2019Eric C\u00e9l\u00e9rier entre dans une troisi\u00e8me phase de son minist\u00e8re. Alors que l\u2019alliance Jesus.net continue \u00e0 se d\u00e9ployer, il s\u2019impose alors comme un pasteur de la francophonie chr\u00e9tienne, toutes Eglises confondues, bien au-del\u00e0 des fronti\u00e8res \u00e9vang\u00e9liques et protestantes. Trois \u00e9v\u00e9nements \u00e0 tr\u00e8s fort impact marquent cette ann\u00e9e en forme de point de bascule.<\/p>\n<p><img decoding=\"async\" loading=\"lazy\" class=\"wp-image-103289 img-responsive alignleft\" src=\"https:\/\/regardsprotestants.com\/wp-content\/uploads\/2021\/06\/20-ans-TopChre\u0301tien.jpeg\" alt=\"\" width=\"559\" height=\"419\" \/>Le premier est le passage de relai \u00e0 la t\u00eate du TopChr\u00e9tien, dont il est le fondateur. Jusque-l\u00e0 \u00e0 la t\u00eate de l\u2019organisation missionnaire aux c\u00f4t\u00e9s de St\u00e9phan Piauger et Micha\u00ebl Foucault, Eric C\u00e9l\u00e9rier passe le flambeau, au cours de l\u2019\u00e9t\u00e9 2016, \u00e0 David Nolent, nouveau directeur, assist\u00e9 par Carolle Leblond et Emmanuel Schulz. C\u2019est un virage important, m\u00eame si Eric C\u00e9l\u00e9rier ne cesse pas \u2013 loin de l\u00e0 \u2013 toute collaboration avec le TopChr\u00e9tien.<\/p>\n<p>Le second \u00e9v\u00e9nement de l\u2019ann\u00e9e est la parution de son autobiographie, <em>Connexions divines<\/em> (Premi\u00e8re Partie, 2016), qui retrace son parcours et d\u00e9taille les \u00e9tapes d\u2019un itin\u00e9raire missionnaire sous le sceau de l\u2019audace, de la foi. La sortie de ce livre soign\u00e9 et stimulant marque les esprits, et fait mieux conna\u00eetre, aux yeux du grand public, une figure attachante, un nouveau visage du christianisme, une autre mani\u00e8re de vivre la communion.<\/p>\n<p>Le troisi\u00e8me \u00e9v\u00e9nement qui marque 2016 comme une ann\u00e9e pivot est sa participation active, comme intervenant, \u00e0 la rencontre catholique charismatique de Paray-le-Monial (Sa\u00f4ne-et-Loire), du 26 au 30 juillet 2016, \u00e0 l\u2019invitation de la Communaut\u00e9 de l\u2019Emmanuel. Louis-Etienne de Labarthe, responsable de la communication de la Communaut\u00e9, pr\u00e9sente sa venue comme un \u00ab\u00a0cadeau de Dieu\u00a0\u00bb (3). De multiples passerelles de <a title=\"La pri\u00e8re chez les protestants\" href=\"https:\/\/regardsprotestants.com\/la-priere-chez-les-protestants\/\" data-internallinksmanager029f6b8e52c=\"17\">pri\u00e8re<\/a>, de communion et d\u2019\u00e9vang\u00e9lisation s\u2019ouvrent \u00e0 la suite de cette invitation.<\/p>\n<p>La plate-forme des collaborations s\u2019\u00e9largit : au-del\u00e0 des mondes protestants, \u00e9vang\u00e9liques, pentec\u00f4tistes, ce sont les univers catholiques, mais aussi orthodoxes (Mont Athos) qui s\u2019ouvrent aux synergies k\u00e9rygmatiques. Non sans incompr\u00e9hensions, jalousies et malentendus. Mais le cap reste, et la pand\u00e9mie Covid19, en 2020-21, ne fait que renforcer l\u2019intuition d\u2019Eric C\u00e9l\u00e9rier : proposer l\u2019offre de salut chr\u00e9tienne \u00e0 la francophonie sans se formaliser des \u00e9tiquettes. Plusieurs initiatives et projets en d\u00e9coulent. Le magazine annuel \u00ab\u00a0J\u00e9sus\u00a0\u00bb (lanc\u00e9 en novembre 2017) en fait partie, tout comme sa visite missionnaire \u00e0 Madagascar, appuy\u00e9e par les plus hautes autorit\u00e9s du pays. Le 22 avril 2019, il remplit le palais omnisport Mahamasina \u00e0 Antananarivo. Apr\u00e8s un concert (Rija Rasolondraibe), il mobilise des milliers de Malgaches et obtient la diffusion, en langue nationale, de \u00ab\u00a0Un miracle chaque jour\u00a0\u00bb(Fahagagana Isan\u2019Andro) sur la radio d\u2019Etat. La cha\u00eene YouTube #OnEstEnsemble, lanc\u00e9e durant la pand\u00e9mie, est un autre exemple de cette ouverture post confessionnelle qui s\u2019exprime enfin par le lancement <em>online<\/em> en 2021 de courtes m\u00e9ditations quotidiennes en audio, \u00ab\u00a0L\u2019Evangile du jour\u00a0\u00bb, qui touchent indistinctement protestants, catholiques, sans \u00e9tiquettes. Treize heures apr\u00e8s sa mise en ligne, sa m\u00e9ditation du 24 juin 2021, intitul\u00e9e \u00ab\u00a0Etonnement\u00a0\u00bb, recueillait d\u00e9j\u00e0 7300 vues et 316 commentaires. Pour beaucoup, au-del\u00e0 des \u00e9tiquettes confessionnelles,\u00a0 Eric C\u00e9l\u00e9rier est suivi et regard\u00e9 en pasteur de la francophonie chr\u00e9tienne. Du point de vue de la sociologie w\u00e9b\u00e9rienne, il est tout autant proph\u00e8te, d\u00e9tenteur d\u2019une l\u00e9gitimit\u00e9 fond\u00e9e sur un charisme personnel, \u00e0 potentiel r\u00e9volutionnaire, en tension avec l\u2019autorit\u00e9 rationnelle-l\u00e9gale des \u00ab\u00a0fonctionnaires de Dieu\u00a0\u00bb. Bougeant les fronti\u00e8res, jusqu\u2019o\u00f9 ? Eric C\u00e9l\u00e9rier lui-m\u00eame ne saurait r\u00e9pondre, conform\u00e9ment \u00e0 une conviction qu\u2019il rappela lors des 20 ans du TopChr\u00e9tien : \u00ab Il y a des faibles commencements mais quand Dieu trouve la foi, et l\u2019ob\u00e9issance, alors il y a pas de limite \u00bb (4).<\/p>\n<p>&nbsp;<\/p>\n<p>(1) Pierre-Yves Kirchleger, in S.Fath et JP. Willaime, <em>La nouvelle France protestante, essor et recomposition au XXIe si\u00e8cle<\/em>, Gen\u00e8ve, Labor et Fides, 2011, p.358.<\/p>\n<p>(2) Eric C\u00e9l\u00e9rier, <em>Connexions divines<\/em>, Paris, Premi\u00e8re Partie, 2016, p.193.<\/p>\n<p>(3) Louis-Etienne de Labarthe, \u00ab\u00a0Eric C\u00e9l\u00e9rier, un pasteur \u00e9vang\u00e9lique \u00e0 Paray\u00a0!\u00a0\u00bb, https:\/\/emmanuel.info\/ (online), 2 ao\u00fbt 2016<\/p>\n<p>(4) Eric C\u00e9l\u00e9rier, pr\u00e9dication du 10 juin 2019 visionnable <em>online<\/em> sur Youtube (citation au bout de 23\u201930\u2033)<\/p>\n","protected":false},"excerpt":{"rendered":"<p>Missionnaire du web et pasteur fran\u00e7ais, Eric C\u00e9l\u00e9rier a fond\u00e9 le grand groupe m\u00e9dia internet du TopChr\u00e9tien francophone en 1999 et n\u2019a cess\u00e9, depuis, de repousser les fronti\u00e8res. &nbsp; Missionnaire du web et pasteur fran\u00e7ais, Eric C\u00e9l\u00e9rier a fond\u00e9 le grand groupe m\u00e9dia internet du TopChr\u00e9tien francophone en 1999 et n\u2019a cess\u00e9, depuis, de repousser [&hellip;]<\/p>\n","protected":false},"author":3,"featured_media":859,"comment_status":"closed","ping_status":"closed","sticky":false,"template":"","format":"standard","meta":[],"categories":[1],"tags":[187,186,55,97,106,6,2],"_links":{"self":[{"href":"https:\/\/www.fil-info-francophonie.com\/index.php?rest_route=\/wp\/v2\/posts\/858"}],"collection":[{"href":"https:\/\/www.fil-info-francophonie.com\/index.php?rest_route=\/wp\/v2\/posts"}],"about":[{"href":"https:\/\/www.fil-info-francophonie.com\/index.php?rest_route=\/wp\/v2\/types\/post"}],"author":[{"embeddable":true,"href":"https:\/\/www.fil-info-francophonie.com\/index.php?rest_route=\/wp\/v2\/users\/3"}],"replies":[{"embeddable":true,"href":"https:\/\/www.fil-info-francophonie.com\/index.php?rest_route=%2Fwp%2Fv2%2Fcomments&post=858"}],"version-history":[{"count":1,"href":"https:\/\/www.fil-info-francophonie.com\/index.php?rest_route=\/wp\/v2\/posts\/858\/revisions"}],"predecessor-version":[{"id":860,"href":"https:\/\/www.fil-info-francophonie.com\/index.php?rest_route=\/wp\/v2\/posts\/858\/revisions\/860"}],"wp:featuredmedia":[{"embeddable":true,"href":"https:\/\/www.fil-info-francophonie.com\/index.php?rest_route=\/wp\/v2\/media\/859"}],"wp:attachment":[{"href":"https:\/\/www.fil-info-francophonie.com\/index.php?rest_route=%2Fwp%2Fv2%2Fmedia&parent=858"}],"wp:term":[{"taxonomy":"category","embeddable":true,"href":"https:\/\/www.fil-info-francophonie.com\/index.php?rest_route=%2Fwp%2Fv2%2Fcategories&post=858"},{"taxonomy":"post_tag","embeddable":true,"href":"https:\/\/www.fil-info-francophonie.com\/index.php?rest_route=%2Fwp%2Fv2%2Ftags&post=858"}],"curies":[{"name":"wp","href":"https:\/\/api.w.org\/{rel}","templated":true}]}}