{"id":813,"date":"2021-03-15T16:35:37","date_gmt":"2021-03-15T16:35:37","guid":{"rendered":"https:\/\/www.fil-info-francophonie.com\/?p=813"},"modified":"2021-03-16T16:40:39","modified_gmt":"2021-03-16T16:40:39","slug":"luis-palau-1934-2021-et-la-france","status":"publish","type":"post","link":"https:\/\/www.fil-info-francophonie.com\/?p=813","title":{"rendered":"Luis Palau (1934-2021) et la France"},"content":{"rendered":"<p><em>Adios amigo ! Le monde protestant \u00e9vang\u00e9lique a perdu une de ses figures phares, avec la disparition du pr\u00e9dicateur latino Luis Palau, qui a tir\u00e9 sa r\u00e9v\u00e9rence le 11 mars \u00e0 l&rsquo;\u00e2ge de 86 ans.<\/em><\/p>\n<p>Ami et collaborateur de Billy Graham, il est connu pour son impact consid\u00e9rable sur le monde latino. Entrepreneur international d\u2019\u00e9vang\u00e9lisation, \u00e0 la t\u00eate de la Luis Palau Organisation depuis 1970, il \u00e9tait \u00e0 la fois \u00e9vang\u00e9lique (protestantisme de conversion) et \u00e9vang\u00e9liste (sp\u00e9cialiste de l\u2019annonce du salut). Quel \u00e9tait son rapport avec la France ?<\/p>\n<p>La France et le monde francophone n\u2019ont pas \u00e9t\u00e9 un territoire de pr\u00e9dilection pour l\u2019\u00e9vang\u00e9liste. D\u2019origine argentine, Luis Palau aurait pr\u00each\u00e9 en personne, au fil de ses grands festivals d\u2019\u00e9vang\u00e9lisation, \u00e0 plus de 25 millions d\u2019individus. Mais c\u2019est principalement dans le monde anglophone, et surtout hispanophone, qu\u2019il a d\u00e9ploy\u00e9 son entreprenariat pros\u00e9lyte. S\u2019est-il pour autant d\u00e9sint\u00e9ress\u00e9 de l\u2019hexagone? Loin s\u2019en faut. Plusieurs raisons ont motiv\u00e9 l\u2019attention qu\u2019il a parfois port\u00e9e au contexte fran\u00e7ais.<\/p>\n<p><strong>\u00ab A 25% Fran\u00e7ais \u00bb<\/strong><\/p>\n<p>La premi\u00e8re est la matrice catholique. Proche du pape Fran\u00e7ois, auquel il aurait impos\u00e9 les mains, Luis Palau conna\u00eet bien l\u2019Eglise catholique. Il per\u00e7oit les enjeux pos\u00e9s au catholicisme par la s\u00e9cularisation, notamment en Europe. Ce contexte laisse de nombreuses personnes avec un rattachement h\u00e9rit\u00e9 au catholicisme, mais d\u00e9pourvu d\u2019engagement de foi personnel. La seconde raison tient dans les origines familiales de Luis Palau. Sa grand-m\u00e8re maternelle est n\u00e9e pr\u00e8s de Boulogne-sur-Mer, ce qui fait dire \u00e0 l\u2019\u00e9vang\u00e9liste: \u00ab je me sens donc \u00e0 25% fran\u00e7ais. Je suis attach\u00e9 \u00e0 ce pays \u00bb (1). La troisi\u00e8me raison trouve sa source dans l\u2019\u00e9volution du christianisme en France. Jadis \u00ab fille a\u00een\u00e9e de l\u2019Eglise (catholique) \u00bb, la France a l\u2019image d\u2019un pays fortement s\u00e9cularis\u00e9, d\u00e9christianis\u00e9 : un objectif de choix pour un \u00e9vang\u00e9liste sp\u00e9cialis\u00e9 dans le d\u00e9fi de pr\u00e9senter l\u2019offre de salut \u00e0 des foules sans Eglise.<\/p>\n<p><strong>Le fiasco de Bercy<\/strong><\/p>\n<p>Trois \u00e9v\u00e9nements particuliers marquent la rencontre entre l\u2019\u00e9vang\u00e9liste Luis Palau et la France. Tous trois s\u2019inscrivent dans l\u2019histoire contemporaine du protestantisme fran\u00e7ais, sous le sceau d\u2019une \u00ab nouvelle donne \u00e9vang\u00e9lique \u00bb d\u00e9sireuse de rechristianiser le pays par l\u2019\u00e9vang\u00e9lisation. Le premier est la \u00ab F\u00eate de la jeunesse \u00bb en 1985, \u00e9v\u00e9nement d\u2019\u00e9vang\u00e9lisation organis\u00e9 pour l\u2019\u00eele de France par l\u2019Alliance Evang\u00e9lique de France (AEF) au Parc Floral de Vincennes. Ce jalon ne passe pas inaper\u00e7u, mais conna\u00eet peu de visibilit\u00e9, les \u00e9vang\u00e9liques restant alors peu connus, \u00e0 l\u2019heure o\u00f9 le protestantisme fran\u00e7ais comm\u00e9more les 300 ans de la R\u00e9vocation de l\u2019Edit de Nantes. Il en est autrement en 2009, o\u00f9 Luis Palau est annonc\u00e9 comme orateur \u00e0 la Convention de Pentec\u00f4te au Palais Omnisport de Bercy, \u00e0 l\u2019occasion d\u2019un grand \u00e9v\u00e9nement d\u2019\u00e9vang\u00e9lisation organis\u00e9 par le pasteur fran\u00e7ais Freddy de Coster. Jean-Pierre Bastian rapporte que cette \u00ab concentration \u00e9vang\u00e9lique de la Pentec\u00f4te 2009 au Palais omnisport de Paris-Bercy a \u00e9largi la palette de pr\u00e9dicateurs-vedettes et de faiseurs de miracles \u00bb issus du monde latino, et argentin en particulier, avec Carlos Annacondia et Luis Palau, \u00ab argentino-am\u00e9ricain \u00bb (2).<\/p>\n<p>C\u2019est beaucoup dire. L\u2019\u00e9v\u00e9nement a bien lieu \u00e0 Paris du 29 mai au 1er juin 2009, Luis Palau apparaissant comme une des grandes t\u00eates d\u2019affiche, mais c\u2019est un demi-\u00e9chec, voire un fiasco. A peine un quart de l\u2019assistance esp\u00e9r\u00e9e se rend sur place. L\u2019organisateur a vu bien trop grand, sans mobiliser suffisamment, atteignant les limites des d\u00e9clarations performatives.  R\u00e9sultat, les gradins sont quasi vides, seul le terre-plein central o\u00f9 les fid\u00e8les se tiennent debout para\u00eet s\u2019animer, devant une estrade o\u00f9 les intervenants s\u2019efforcent laborieusement, malgr\u00e9 tout, de faire bonne figure. Suite \u00e0 l\u2019\u00e9chec de cette Convention de Pentec\u00f4te 2009, qui s\u2019av\u00e9ra aussi un gouffre financier, Luis Palau, \u00e9chaud\u00e9, se tient \u00e0 distance. D\u2019autant que ses principales priorit\u00e9s de ministre hispanophone de l\u2019Evangile sont ailleurs. Alors qu\u2019il dispose d\u2019une notori\u00e9t\u00e9 au z\u00e9nith, d\u2019une exp\u00e9rience r\u00f4d\u00e9e par 40 ans de minist\u00e8re et d\u2019un immense champ de mission hispanophone et anglophone, pourquoi continuer \u00e0 regarder vers la France?<\/p>\n<p><a href=\"https:\/\/www.fil-info-francophonie.com\/wp-content\/uploads\/2021\/03\/OM.jpg\"><img decoding=\"async\" loading=\"lazy\" src=\"https:\/\/www.fil-info-francophonie.com\/wp-content\/uploads\/2021\/03\/OM-310x510.jpg\" alt=\"OM\" width=\"722\" height=\"1024\" class=\"alignnone size-large wp-image-815\" \/><\/a><strong>Festival \u00e0 Marseille en 2011<\/strong><\/p>\n<p>C\u2019est compter sans l\u2019esprit d\u2019ouverture de l\u2019\u00e9vang\u00e9liste. En septuag\u00e9naire fringuant, il reste pr\u00eat \u00e0 de nouveaux d\u00e9fis. C\u2019est ainsi que Luis Palau r\u00e9pond \u00e0 une troisi\u00e8me invitation fran\u00e7aise et co-organise, en mobilisant cette fois son organisation, un grand \u00e9v\u00e9nement d\u2019\u00e9vang\u00e9lisation. Elle se d\u00e9ploie \u00e0 Marseille (Bouches-du-Rh\u00f4ne), du 30 juin au 2 juillet 2011, adoss\u00e9e \u00e0 une op\u00e9ration plus large, \u00ab Une saison pour servir \u00bb, pilot\u00e9e en particulier par le pasteur \u00e9vang\u00e9lique franco-arm\u00e9nien Gilbert L\u00e9onian. Mieux calibr\u00e9, mieux pr\u00e9par\u00e9, le Festival Palau \u00e0 Marseille rencontre son public, m\u00eame si la foule n\u2019est pas aussi nombreuse qu\u2019esp\u00e9r\u00e9. Sur les plages du Prado, la curiosit\u00e9 et l\u2019int\u00e9r\u00eat sont palpables.<\/p>\n<p>Les m\u00e9dias locaux relayent l\u2019impact du Festival, tout en s\u2019\u00e9tonnant que ce qui est surtout annonc\u00e9 comme un concert Gospel (avec plusieurs groupes prestigieux \u00e0 l\u2019affiche dont les Palata Singers et la diva Liz McComb) se r\u00e9v\u00e8le, en r\u00e9alit\u00e9, un \u00e9v\u00e9nement d\u2019\u00e9vang\u00e9lisation. Mais la tonalit\u00e9 g\u00e9n\u00e9rale s\u00e9duit, d\u2019autant que le Festival Palau \u00e0 Marseille repose sur une offre triple: l\u2019\u00e9vang\u00e9lisation proprement dite, la prestation musicale, mais aussi le service social, sur la base d\u2019actions d\u2019int\u00e9r\u00eat g\u00e9n\u00e9ral en partenariat avec les Eglises locales, sans compter des animations gratuites propos\u00e9es pour la jeunesse (skateboard, BMX).  Ce Festival Palau \u00e0 Marseille en 2011, quoique d\u2019\u00e9chelle plus r\u00e9duite que la plupart des \u00e9v\u00e9nements organis\u00e9s par l\u2019\u00e9vang\u00e9liste, restera comme la vitrine fran\u00e7aise de ce que le pr\u00e9dicateur latino a d\u00e9ploy\u00e9, dans le monde, sur l\u2019espace d\u2019un demi-si\u00e8cle: une offre de salut non-confessionnelle dans le style \u00e9vang\u00e9lique, appuy\u00e9e sur une volont\u00e9 de servir tr\u00e8s concr\u00e8tement la ville dans laquelle se tient le Festival.<\/p>\n<p>Ces derni\u00e8res ann\u00e9es, atteint par la maladie, Luis Palau avait consid\u00e9rablement ralenti son activit\u00e9. Mais sans jamais oublier la France : outre la traduction et commercialisation de plusieurs de ses ouvrages en langue fran\u00e7aise (3), un nouveau projet de Festival, situ\u00e9 \u00e0 Mulhouse (Haut-Rhin), \u00e9tait dans les cartons. Sans son fondateur, l\u2019avenir dira si l\u2019organisation Palau parvient, comme l\u2019a fait l\u2019organisation Billy Graham, \u00e0 se r\u00e9inventer.<\/p>\n<p>(1) Luis Palau, interview dans \u00ab Luis Palau de retour en France \u00bb, <em>Croire et Vivre<\/em> n\u00b077, juin 2009.<\/p>\n<p>(2) Jean-Pierre Bastian, dans Fath et Willaime (dir.), <em>La nouvelle France protestante, essor et recomposition au XXIe si\u00e8cle<\/em>, Gen\u00e8ve, Labor et Fides, 2011, p.245<\/p>\n<p>(3) Dont Luis Palau, <em>Dieu au centre, Des habitudes \u00e0 acqu\u00e9rir pour grandir spirituellement<\/em> (ed. RBC), <em>L\u2019intriguant et le r\u00eaveur, Jacob et Joseph<\/em> (ed. Vida); <em>La promesse de Pierre<\/em> (ed. Vida), ou <em>Les jeunes et la sexualit\u00e9 <\/em>(ed. Farel).<\/p>\n","protected":false},"excerpt":{"rendered":"<p>Adios amigo ! Le monde protestant \u00e9vang\u00e9lique a perdu une de ses figures phares, avec la disparition du pr\u00e9dicateur latino Luis Palau, qui a tir\u00e9 sa r\u00e9v\u00e9rence le 11 mars \u00e0 l&rsquo;\u00e2ge de 86 ans. Ami et collaborateur de Billy Graham, il est connu pour son impact consid\u00e9rable sur le monde latino. Entrepreneur international d\u2019\u00e9vang\u00e9lisation, [&hellip;]<\/p>\n","protected":false},"author":3,"featured_media":818,"comment_status":"closed","ping_status":"closed","sticky":false,"template":"","format":"standard","meta":[],"categories":[1],"tags":[55,167,71,2],"_links":{"self":[{"href":"https:\/\/www.fil-info-francophonie.com\/index.php?rest_route=\/wp\/v2\/posts\/813"}],"collection":[{"href":"https:\/\/www.fil-info-francophonie.com\/index.php?rest_route=\/wp\/v2\/posts"}],"about":[{"href":"https:\/\/www.fil-info-francophonie.com\/index.php?rest_route=\/wp\/v2\/types\/post"}],"author":[{"embeddable":true,"href":"https:\/\/www.fil-info-francophonie.com\/index.php?rest_route=\/wp\/v2\/users\/3"}],"replies":[{"embeddable":true,"href":"https:\/\/www.fil-info-francophonie.com\/index.php?rest_route=%2Fwp%2Fv2%2Fcomments&post=813"}],"version-history":[{"count":2,"href":"https:\/\/www.fil-info-francophonie.com\/index.php?rest_route=\/wp\/v2\/posts\/813\/revisions"}],"predecessor-version":[{"id":817,"href":"https:\/\/www.fil-info-francophonie.com\/index.php?rest_route=\/wp\/v2\/posts\/813\/revisions\/817"}],"wp:featuredmedia":[{"embeddable":true,"href":"https:\/\/www.fil-info-francophonie.com\/index.php?rest_route=\/wp\/v2\/media\/818"}],"wp:attachment":[{"href":"https:\/\/www.fil-info-francophonie.com\/index.php?rest_route=%2Fwp%2Fv2%2Fmedia&parent=813"}],"wp:term":[{"taxonomy":"category","embeddable":true,"href":"https:\/\/www.fil-info-francophonie.com\/index.php?rest_route=%2Fwp%2Fv2%2Fcategories&post=813"},{"taxonomy":"post_tag","embeddable":true,"href":"https:\/\/www.fil-info-francophonie.com\/index.php?rest_route=%2Fwp%2Fv2%2Ftags&post=813"}],"curies":[{"name":"wp","href":"https:\/\/api.w.org\/{rel}","templated":true}]}}