{"id":809,"date":"2021-03-09T20:04:40","date_gmt":"2021-03-09T20:04:40","guid":{"rendered":"https:\/\/www.fil-info-francophonie.com\/?p=809"},"modified":"2021-03-10T20:45:41","modified_gmt":"2021-03-10T20:45:41","slug":"francophonie-protestante-dans-les-alpes","status":"publish","type":"post","link":"https:\/\/www.fil-info-francophonie.com\/?p=809","title":{"rendered":"Francophonie protestante dans les Alpes"},"content":{"rendered":"<p>Entre France et Suisse, de Gap \u00e0 Gen\u00e8ve, le protestantisme dans sa diversit\u00e9 y a connu un ancrage riche et s\u00e9culaire. C\u2019est fort de ce que constat que la revue L\u2019Alpe, \u00e9dit\u00e9e par Gl\u00e9nat, a d\u00e9cid\u00e9 de \u00ab poser le regard sur cette minorit\u00e9 plurielle, au sein d\u2019un arc alpin o\u00f9 le catholicisme demeure la religion de la majorit\u00e9 des chr\u00e9tiens \u00bb (p.3).<\/p>\n<p>Un somptueux num\u00e9ro magnifiquement illustr\u00e9 nous est propos\u00e9 avec cette \u00e9dition n\u00b092 fra\u00eechement sortie de l\u2019imprimeur. Ce volume est consacr\u00e9 aux Alpes en tant que  \u00ab terre de protestantismes \u00bb. Publi\u00e9e en collaboration avec le Mus\u00e9e du Dauphinois, L\u2019Alpe nous propose 55 pages grand format pour d\u00e9couvrir les protestantismes dans tout l\u2019arc alpin, avec une focalisation particuli\u00e8re sur l\u2019espace francophone.<\/p>\n<p><strong>A d\u00e9couvrir !<\/strong><\/p>\n<p>Au fil des pages, c\u2019est un ample voyage dans le temps et dans l\u2019espace montagnard, \u00e9maill\u00e9 d\u2019enqu\u00eates passionnantes, qui nous est propos\u00e9, \u00e0 la suite de l\u2019\u00e9ditorial d\u2019Olivier Cogne.<\/p>\n<p>Dans \u00ab Gen\u00e8ve, la r\u00e9volution Calvin \u00bb, Gabriel de Montmollin, directeur du Mus\u00e9e International de la R\u00e9forme \u00e0 Gen\u00e8ve, revient aux sources de la R\u00e9forme, qui induit une r\u00e9volution religieuse qui va ensuite impacter l\u2019arc alpin. Cette p\u00e9n\u00e9tration protestante dans les Alpes est l\u2019objet de l\u2019article propos\u00e9 par l\u2019historien Christophe Vyt, qui y voit un des \u00ab territoires de la R\u00e9forme \u00bb.  Il brosse le portrait d\u2019une histoire alpine tourment\u00e9e entre 1522 et 1630, travers\u00e9e par les guerres de religion.<\/p>\n<p>\u00ab Les chemins du Refuge \u00bb sont ensuite explor\u00e9s par Yves Krumenacker, professeur d\u2019histoire moderne \u00e0 l\u2019Universit\u00e9 de Lyon, avec le r\u00f4le de Grenoble, \u00ab plaque tournante de l\u2019exil \u00bb (p.27). Audrey Passagia nous fait d\u00e9couvrir \u00ab les sentiers huguenots \u00bb, notamment un chemin de grande randonn\u00e9e qui relie Le Po\u00ebt-Laval (Dr\u00f4me) \u00e0 Bad Karlshafen (Allemagne). L\u2019infographie, de qualit\u00e9 exceptionnelle, accompagne agr\u00e9ablement l\u2019ensemble et renforce la port\u00e9e p\u00e9dagogique, mais aussi esth\u00e9tique, d\u2019un sujet (le protestantisme) souvent soup\u00e7onn\u00e9, parfois \u00e0 tort, d\u2019entretenir un rapport compliqu\u00e9 \u00e0 l\u2019image.<\/p>\n<p>Appuy\u00e9 sur une iconographie originale, Patrick Cabanel, directeur d\u2019\u00e9tudes \u00e0 l\u2019EPHE, nous fait d\u00e9couvrir avec gourmandise les carnets d\u2019Alexis Muston, po\u00e8te, amoureux des Alpes, mais aussi pasteur, voyageur et historien, nous proposant notamment un autre regard sur les Vaudois du Pi\u00e9mont, \u00ab l\u2019Isra\u00ebl des Alpes \u00bb.<\/p>\n<p>Enfin, des horizons plus contemporains s\u2019ouvrent pour cl\u00f4turer ce dossier th\u00e9matique. Avec, d\u2019une part, un entretien avec Isabelle Ott-Baechler, la pasteure de l\u2019Eglise R\u00e9form\u00e9e francophone de Neuch\u00e2tel. Elle souligne l\u2019articulation entre foi protestante et service social en Suisse romande. D\u2019autre part, on d\u00e9couvre, un aper\u00e7u de la \u00ab nouvelle donne \u00e9vang\u00e9lique \u00bb qui nourrit aujourd\u2019hui un renouveau de la pratique protestante dans l\u2019Arc alpin francophone. Semper Reformanda\u2026 L\u2019histoire des protestantismes alpins continue \u00e0 s\u2019\u00e9crire.<\/p>\n<p>    En savoir plus sur ce num\u00e9ro th\u00e9matique :  <a href=\"https:\/\/www.glenat.com\/lalpe\/lalpe-92-terre-de-protestantismes-9782344045893\" rel=\"noopener\" target=\"_blank\">L\u2019Alpe n\u00b092, \u00ab Terre de protestantismes \u00bb<\/a><\/p>\n","protected":false},"excerpt":{"rendered":"<p>Entre France et Suisse, de Gap \u00e0 Gen\u00e8ve, le protestantisme dans sa diversit\u00e9 y a connu un ancrage riche et s\u00e9culaire. C\u2019est fort de ce que constat que la revue L\u2019Alpe, \u00e9dit\u00e9e par Gl\u00e9nat, a d\u00e9cid\u00e9 de \u00ab poser le regard sur cette minorit\u00e9 plurielle, au sein d\u2019un arc alpin o\u00f9 le catholicisme demeure la [&hellip;]<\/p>\n","protected":false},"author":3,"featured_media":810,"comment_status":"closed","ping_status":"closed","sticky":false,"template":"","format":"standard","meta":[],"categories":[1],"tags":[166,121,3,6,145,2],"_links":{"self":[{"href":"https:\/\/www.fil-info-francophonie.com\/index.php?rest_route=\/wp\/v2\/posts\/809"}],"collection":[{"href":"https:\/\/www.fil-info-francophonie.com\/index.php?rest_route=\/wp\/v2\/posts"}],"about":[{"href":"https:\/\/www.fil-info-francophonie.com\/index.php?rest_route=\/wp\/v2\/types\/post"}],"author":[{"embeddable":true,"href":"https:\/\/www.fil-info-francophonie.com\/index.php?rest_route=\/wp\/v2\/users\/3"}],"replies":[{"embeddable":true,"href":"https:\/\/www.fil-info-francophonie.com\/index.php?rest_route=%2Fwp%2Fv2%2Fcomments&post=809"}],"version-history":[{"count":1,"href":"https:\/\/www.fil-info-francophonie.com\/index.php?rest_route=\/wp\/v2\/posts\/809\/revisions"}],"predecessor-version":[{"id":811,"href":"https:\/\/www.fil-info-francophonie.com\/index.php?rest_route=\/wp\/v2\/posts\/809\/revisions\/811"}],"wp:featuredmedia":[{"embeddable":true,"href":"https:\/\/www.fil-info-francophonie.com\/index.php?rest_route=\/wp\/v2\/media\/810"}],"wp:attachment":[{"href":"https:\/\/www.fil-info-francophonie.com\/index.php?rest_route=%2Fwp%2Fv2%2Fmedia&parent=809"}],"wp:term":[{"taxonomy":"category","embeddable":true,"href":"https:\/\/www.fil-info-francophonie.com\/index.php?rest_route=%2Fwp%2Fv2%2Fcategories&post=809"},{"taxonomy":"post_tag","embeddable":true,"href":"https:\/\/www.fil-info-francophonie.com\/index.php?rest_route=%2Fwp%2Fv2%2Ftags&post=809"}],"curies":[{"name":"wp","href":"https:\/\/api.w.org\/{rel}","templated":true}]}}