{"id":768,"date":"2020-11-24T08:14:07","date_gmt":"2020-11-24T08:14:07","guid":{"rendered":"https:\/\/www.fil-info-francophonie.com\/?p=768"},"modified":"2020-12-02T08:16:49","modified_gmt":"2020-12-02T08:16:49","slug":"cinq-questions-a-leveque-episcopalien-john-jock","status":"publish","type":"post","link":"https:\/\/www.fil-info-francophonie.com\/?p=768","title":{"rendered":"Cinq questions \u00e0 l\u2019\u00e9v\u00eaque \u00e9piscopalien John Jock"},"content":{"rendered":"<p><em>Nous sommes les branches d&rsquo;un m\u00eame arbre\u00a0\u00bb. Regard sur la francophonie de l&rsquo;\u00e9v\u00eaque \u00e9piscopalien d&rsquo;Akobo, au Soudan du Sud.<\/em><\/p>\n<p><em>Rencontr\u00e9 le 2 novembre 2019 \u00e0 Djouba, capitale du Soudan du Sud, l\u2019\u00e9v\u00eaque John Jock partage son exp\u00e9rience pastorale, \u00e0 la t\u00eate d\u2019un dioc\u00e8se victime chaque ann\u00e9e d\u2019inondations. Il offre aussi sa perspective sur la francophonie, \u00ab seconde langue de l\u2019Afrique \u00bb.<\/em><\/p>\n<p><strong>Pouvez-vous vous pr\u00e9senter ?<\/strong><\/p>\n<p>Je suis l\u2019\u00e9v\u00eaque John Jock, du dioc\u00e8se de l\u2019Eglise Episcopale du Soudan du Sud (ECS) \u00e0 Akobo (Jonglei, Soudan du Sud), pr\u00e8s de la fronti\u00e8re \u00e9thiopienne. Ma formation s\u2019est faite \u00e0 Khartoum, Malakal, Nairobi. J\u2019ai \u00e9t\u00e9 ordonn\u00e9 en 1991, apr\u00e8s avoir commenc\u00e9 \u00e0 travailler pour le Seigneur d\u00e8s 1974. Je suis Sud-soudanais. Je suis tr\u00e8s heureux de pouvoir \u00e9changer avec un interlocuteur fran\u00e7ais. Je suis mari\u00e9, une \u00e9pouse, sept enfants. Quatre filles, trois gar\u00e7ons. Deux sont d\u00e9j\u00e0 mari\u00e9es, avec un foyer et des enfants. Un de mes fils est \u00e0 Nairobi \u00e0 l\u2019Universit\u00e9 Am\u00e9ricaine Internationale, mais il ne s\u2019y trouve pas en ce moment \u00e0 cause des difficult\u00e9s \u00e9conomiques que nous traversons.<\/p>\n<p><strong>Comment les choses se passent-elles dans votre dioc\u00e8se ?<\/strong><\/p>\n<p>Mon dioc\u00e8se est actuellement couvert de boue et inond\u00e9 dans des proportions difficiles \u00e0 imaginer. Cela nous arrive tous les ans mais cette ann\u00e9e, c\u2019est particuli\u00e8rement difficile, d\u2019autant plus que nous sommes pass\u00e9s par plusieurs ann\u00e9es de guerre civile, de troubles. Les inondations massives ont compl\u00e8tement d\u00e9truit les r\u00e9coltes, et r\u00e9duit \u00e0 n\u00e9ant les voies de communication. Comment les gens vont faire pour tenir ? En temps normal, mon dioc\u00e8se est d\u00e9j\u00e0 relativement isol\u00e9 car les routes sont rares et mauvaises. En temps d\u2019inondation, nous sommes coup\u00e9s du monde. L\u2019insuffisance alimentaire est le plus grave. Mais aussi le d\u00e9veloppement des maladies li\u00e9es \u00e0 l\u2019eau, et qui affectent les enfants d\u00e8s la naissance. L\u2019aide humanitaire a du mal \u00e0 arriver. Certains en profitent, et tant mieux, mais beaucoup de monde est laiss\u00e9 sans rien. Or, pour quitter le dioc\u00e8se, le seul moyen, c\u2019est de payer un billet d\u2019avion \u00e0 270 dollars. L\u2019immense majorit\u00e9 de la population ne peut pas imaginer payer une telle somme.<\/p>\n<p><strong>Comment accompagnez-vous vos paroissiens ?<\/strong><\/p>\n<p>En tant qu\u2019\u00e9v\u00eaque, je souffre avec ma population. Et je parle pour elle d\u00e8s que je peux. J\u2019ai le c\u0153ur tr\u00e8s lourd. Je voudrais demander trois choses \u00e0 nos amis fran\u00e7ais. D\u2019abord, de penser \u00e0 nous. Nous sommes loin de tout, mais nous sommes fr\u00e8res. Ensuite, nous appr\u00e9cions particuli\u00e8rement les pri\u00e8res. Le Seigneur nous demande d\u2019interc\u00e9der, de prier pour la paix. Notre nation a besoin de pri\u00e8res. Enfin, nous appr\u00e9cions toute aide concr\u00e8te qui peut nous \u00eatre apport\u00e9e. En particulier du mat\u00e9riel de p\u00eache. En ce moment, la seule chose \u00e0 manger apr\u00e8s les inondations, c\u2019est le poisson ! Mais nous ne sommes pas tr\u00e8s bien \u00e9quip\u00e9s pour le p\u00eacher. De nombreuses familles, qui d\u2019habitude se nourrissent autrement, n\u2019ont pas de mat\u00e9riel de p\u00eache. Nous aurions besoin aussi de moyens techniques pour secourir le b\u00e9tail. De nombreux troupeaux ont \u00e9t\u00e9 an\u00e9antis, mais des animaux peuvent \u00eatre r\u00e9cup\u00e9r\u00e9s. Enfin, l\u2019isolement peut \u00eatre combattu par une aide en \u00e9quipement de V-SAT (communication satellitaire). A mes yeux, que les chr\u00e9tiens soient catholiques, \u00e9vang\u00e9liques, anglicans, protestants, cela ne fait pas de diff\u00e9rence. Nous sommes toutes les branches d\u2019un m\u00eame arbre. O\u00f9 circule la vie.<\/p>\n<p><strong>Quelle est votre perception de la situation actuelle au Soudan du Sud ?<\/strong><\/p>\n<p>La population sud-soudanaise a vot\u00e9 massivement, avec enthousiasme, pour l\u2019ind\u00e9pendance. Cela fut un raz de mar\u00e9e (99,98%). Nous faisons face aux difficult\u00e9s d\u2019un pays jeune. Il a malheureusement fallu passer par une guerre civile, que nous esp\u00e9rons maintenant termin\u00e9e. Les habitants se sont tourn\u00e9s les uns contre les autres. Mais la paix est la solution, et elle ne se fait pas en un jour, c\u2019est un processus. J\u2019aime ce verset des B\u00e9atitudes : \u00ab Heureux ceux qui procurent la paix, car ils seront appel\u00e9s fils de Dieu \u00bb.<\/p>\n<p><strong>Quel regard portez-vous sur la francophonie ?<\/strong><\/p>\n<p>Elle est tr\u00e8s pr\u00e9sente en Afrique, c\u2019est la langue n\u00b02, derri\u00e8re l\u2019anglais et devant l\u2019arabe, mais pas dans notre pays. Mais des jeunes sud-soudanais veulent apprendre le fran\u00e7ais. Ils se rendent compte que c\u2019est utile. C\u2019est une excellente chose. Pour ma part je n\u2019ai pas eu l\u2019occasion d\u2019apprendre le fran\u00e7ais, mais j\u2019aimerais beaucoup. D\u2019autant plus que j\u2019ai d\u00e9j\u00e0 voyag\u00e9 dans un pays francophone, le Rwanda, o\u00f9 j\u2019ai visit\u00e9 \u00e0 Kigali le mus\u00e9e du g\u00e9nocide, expliqu\u00e9 en langue fran\u00e7aise. Plus d\u2019\u00e9changes avec la France est quelque chose que nous esp\u00e9rons. Je connais aussi M\u00e9decins sans fronti\u00e8res (MSF), ils sont vraiment partout sur le terrain, c\u2019est une ONG d\u00e9cisive, qui va l\u00e0 o\u00f9 personne d\u2019autre n\u2019ose aller.<\/p>\n","protected":false},"excerpt":{"rendered":"<p>Nous sommes les branches d&rsquo;un m\u00eame arbre\u00a0\u00bb. Regard sur la francophonie de l&rsquo;\u00e9v\u00eaque \u00e9piscopalien d&rsquo;Akobo, au Soudan du Sud. Rencontr\u00e9 le 2 novembre 2019 \u00e0 Djouba, capitale du Soudan du Sud, l\u2019\u00e9v\u00eaque John Jock partage son exp\u00e9rience pastorale, \u00e0 la t\u00eate d\u2019un dioc\u00e8se victime chaque ann\u00e9e d\u2019inondations. Il offre aussi sa perspective sur la francophonie, [&hellip;]<\/p>\n","protected":false},"author":3,"featured_media":769,"comment_status":"closed","ping_status":"closed","sticky":false,"template":"","format":"standard","meta":[],"categories":[1],"tags":[160,97,6,82],"_links":{"self":[{"href":"https:\/\/www.fil-info-francophonie.com\/index.php?rest_route=\/wp\/v2\/posts\/768"}],"collection":[{"href":"https:\/\/www.fil-info-francophonie.com\/index.php?rest_route=\/wp\/v2\/posts"}],"about":[{"href":"https:\/\/www.fil-info-francophonie.com\/index.php?rest_route=\/wp\/v2\/types\/post"}],"author":[{"embeddable":true,"href":"https:\/\/www.fil-info-francophonie.com\/index.php?rest_route=\/wp\/v2\/users\/3"}],"replies":[{"embeddable":true,"href":"https:\/\/www.fil-info-francophonie.com\/index.php?rest_route=%2Fwp%2Fv2%2Fcomments&post=768"}],"version-history":[{"count":1,"href":"https:\/\/www.fil-info-francophonie.com\/index.php?rest_route=\/wp\/v2\/posts\/768\/revisions"}],"predecessor-version":[{"id":770,"href":"https:\/\/www.fil-info-francophonie.com\/index.php?rest_route=\/wp\/v2\/posts\/768\/revisions\/770"}],"wp:featuredmedia":[{"embeddable":true,"href":"https:\/\/www.fil-info-francophonie.com\/index.php?rest_route=\/wp\/v2\/media\/769"}],"wp:attachment":[{"href":"https:\/\/www.fil-info-francophonie.com\/index.php?rest_route=%2Fwp%2Fv2%2Fmedia&parent=768"}],"wp:term":[{"taxonomy":"category","embeddable":true,"href":"https:\/\/www.fil-info-francophonie.com\/index.php?rest_route=%2Fwp%2Fv2%2Fcategories&post=768"},{"taxonomy":"post_tag","embeddable":true,"href":"https:\/\/www.fil-info-francophonie.com\/index.php?rest_route=%2Fwp%2Fv2%2Ftags&post=768"}],"curies":[{"name":"wp","href":"https:\/\/api.w.org\/{rel}","templated":true}]}}