{"id":580,"date":"2016-05-30T12:38:19","date_gmt":"2016-05-30T12:38:19","guid":{"rendered":"http:\/\/www.fil-info-francophonie.com\/?p=580"},"modified":"2018-06-28T12:40:40","modified_gmt":"2018-06-28T12:40:40","slug":"etre-refugie-nest-pas-une-identite-cest-un-passage","status":"publish","type":"post","link":"https:\/\/www.fil-info-francophonie.com\/?p=580","title":{"rendered":"\u00ab \u00catre r\u00e9fugi\u00e9 n\u2019est pas une identit\u00e9, c\u2019est un passage \u00bb"},"content":{"rendered":"<p><em>Alors que l&rsquo;Europe fait face, depuis deux ans, \u00e0 une mont\u00e9e des demandes d&rsquo;asile, dans le contexte de la guerre en Syrie et de la crise libyenne, les \u00e9glises jouent souvent un r\u00f4le de passerelle. <\/em><\/p>\n<p><em><br \/>\nNaomi Baki, ancienne r\u00e9fugi\u00e9e sud-soudanaise, chr\u00e9tienne protestante \u00e9vang\u00e9lique, est devenue francophone, et Fran\u00e7aise.<\/p>\n<p>Auteure de <em>Je suis encore vivante<\/em> (Paris, Le Cerf, 2013), elle nous fait partager son exp\u00e9rience et son analyse.<\/em><\/p>\n<p><strong>Vous vous \u00eates fait conna\u00eetre au public protestant francophone en 2012-13, par des interview et la publication de votre livre, \u00ab Je suis encore vivante \u00bb. Avec quelles \u00c9glises avez-vous eu des contacts \u00e0 ce moment-l\u00e0 ?<br \/>\n<\/strong><br \/>\nAvant, pendant et apr\u00e8s la publication de mon livre, j\u2019ai eu l\u2019occasion de parler dans toutes sortes d\u2019\u00e9glises. J\u2019ai commenc\u00e9 par \u00eatre invit\u00e9e dans des \u00e9glises baptistes, puis, apr\u00e8s la sortie de l\u2019ouvrage, j\u2019ai \u00e9t\u00e9 plus souvent invit\u00e9e dans des milieux catholiques. J\u2019ai par exemple \u00e9t\u00e9 invit\u00e9e par le Lyc\u00e9e catholique La Providence de Blois; il y a aussi un autre lyc\u00e9e catholique \u00e0 Pierrefonds (Oise) o\u00f9 j\u2019ai \u00e9t\u00e9 invit\u00e9e. J\u2019ai par ailleurs \u00e9t\u00e9 contact\u00e9e par les Associations Familiales Catholiques \u00e0 Ch\u00e2teau-Thierry (Aisne). Des m\u00e9dias catholiques (comme La Croix et La Vie) et protestants (comme R\u00e9forme, Croire et Vivre, et ZeMag \u00e0 la t\u00e9l\u00e9vision) m\u2019ont aussi interview\u00e9e. J\u2019ai pu aussi intervenir dans une \u00c9glise \u00e9vang\u00e9lique d\u2019Orl\u00e9ans. Je suis contente car je crois que je corps de Christ est un, nous sommes le corps de Christ, et je suis heureuse d\u2019aller dans diff\u00e9rents types d\u2019\u00e9glises pour parler de ce que J\u00e9sus-Christ a fait pour moi. Ceux qui pers\u00e9cutent l\u2019Eglise, ils ne font pas de diff\u00e9rence entre catholiques et protestants.<\/p>\n<p><strong>Pouvez-vous nous r\u00e9sumer la suite de votre parcours en France jusqu\u2019en cette ann\u00e9e 2016 ? Quel regard portez-vous aujourd\u2019hui sur votre pays d\u2019accueil ?<br \/>\n<\/strong><br \/>\nQuand je suis arriv\u00e9e au d\u00e9but de l\u2019ann\u00e9e 2011, je n\u2019avais pas de papiers. Mais j\u2019ai eu la foi que j\u2019obtiendrais le droit d\u2019asile et apr\u00e8s six mois, j\u2019ai obtenu de l\u2019OFPRA le statut de r\u00e9fugi\u00e9e, et la carte de s\u00e9jour de dix ans. Je tiens \u00e0 dire que dans la recherche des informations sur ce qui s\u2019\u00e9tait pass\u00e9 au Soudan au moment o\u00f9 j\u2019ai tout perdu l\u00e0-bas, un site internet cr\u00e9\u00e9 par le p\u00e8re Hubert Barbier a \u00e9t\u00e9 tr\u00e8s utile. Depuis mon arriv\u00e9e, je me suis mise \u00e0 apprendre le Fran\u00e7ais. J\u2019ai obtenu le 3e niveau de langue fran\u00e7aise (B1). J\u2019ai commenc\u00e9 \u00e0 travailler dans les espaces verts, esp\u00e9rant que des portes s\u2019ouvrent. Cela s\u2019est produit. Cela m\u2019a donn\u00e9 l\u2019opportunit\u00e9 de faire une formation d\u2019h\u00f4tesse d\u2019accueil. J\u2019ai obtenu le code de la route et le permis de conduire J\u2019ai suivi des formations dans le tourisme, avec diff\u00e9rents stages. Et je travaille actuellement dans une exploitation agricole, \u00ab les jardins de Pontarcher \u00bb, pr\u00e8s de Soissons. Je suis chr\u00e9tienne, ainsi que ma fille qui a \u00e9t\u00e9 baptis\u00e9e dans l\u2019\u00e9glise Alliance de Paix de Soissons, et je remercie Dieu d\u2019avoir eu l\u2019occasion aussi de faire un travail missionnaire, en particulier avec l\u2019organisation International Commission. J\u2019ai pu aller au Texas, y parler dans des \u00e9coles, j\u2019ai pu aussi rejoindre une \u00e9quipe d\u2019\u00e9vang\u00e9lisation \u00e0 Bruxelles et \u00e0 Namur, en Bulgarie et en Hongrie, pour un travail d\u2019aide et de t\u00e9moignage aupr\u00e8s des plus d\u00e9munis. Et puis j\u2019ai obtenu la nationalit\u00e9 fran\u00e7aise \u00e0 l\u2019automne 2015. Je remercie Dieu ! Pour en savoir plus, mon t\u00e9moignage est disponible dans le livre que j\u2019ai publi\u00e9 en 2013.<\/p>\n<p><strong>Arriv\u00e9e sans papiers en 2011, reconnue r\u00e9fugi\u00e9e, puis naturalis\u00e9e fran\u00e7aise fin 2015, c\u2019est un parcours peu commun ! Quel r\u00f4le a jou\u00e9 votre foi dans tout cela ?<br \/>\n<\/strong><br \/>\nSans la foi en Dieu, tout cela n\u2019aurait pas pu se faire. Je serais morte depuis longtemps, et la France ne m\u2019aurait jamais vue. Tout a commenc\u00e9 par la confiance en Dieu, et faire des pas de la foi avec Lui. Dieu a fait pour moi ce qui paraissait impossible. Je crois ce verset de Jean 15 : 7 : \u00ab Si vous demeurez en moi, et que mes paroles demeurent en vous, demandez ce que vous voudrez, et cela vous sera accord\u00e9 \u00bb. La condition, c\u2019est de demeurer en Dieu. Le suivre. Avant que je vienne en France, j\u2019ai dit \u00e0 Dieu : \u00ab le pays qui me donnera des papiers, je le prendrai comme mon pays \u00bb. Je prends compl\u00e8tement la France comme mon pays. La France est une contr\u00e9e dont beaucoup de gens r\u00eavent, mais beaucoup n\u2019ont pas cette opportunit\u00e9 de s\u2019y installer. Moi j\u2019ai eu cette opportunit\u00e9 et c\u2019est une gr\u00e2ce dont je suis tr\u00e8s reconnaissante. Je vais faire de mon mieux comme tout Fran\u00e7ais pour ce pays. Je ne peux pas \u00eatre plus reconnaissante. Nous avons retrouv\u00e9 une identit\u00e9 l\u00e9gale gr\u00e2ce \u00e0 la France. Si ma vie est construite aujourd\u2019hui, c\u2019est en France que cela a pu se faire. Avant, je ne pensais plus cela possible.<\/p>\n<p><strong>En tant que Sud-Soudanaise, vous avez d\u00fb apprendre le fran\u00e7ais, et vous continuez \u00e0 vous perfectionner. Que pensez-vous de cette langue ?<br \/>\n<\/strong><br \/>\nLe fran\u00e7ais est une tr\u00e8s belle langue. C\u2019est tr\u00e8s riche. Il y a des r\u00e8gles, conditions, que nous ne trouvons pas dans d\u2019autres langues. C\u2019est une langue fi\u00e8re, une langue de d\u00e9bat, une langue de perfection. Je suis quelqu\u2019un qui apprend les langues vite. Avec le fran\u00e7ais cela prend du temps, \u00e0 cause de toutes les proc\u00e9dures de vie. Je dois tout commencer depuis le d\u00e9but, je dois accompagner mon enfant, il y a beaucoup de questions administratives, je dois comprendre, m\u2019adapter. Parfois, cela me para\u00eet \u00e9crasant. Mon apprentissage de la langue progresse parfois peu. Je parle avec les gens, j\u2019\u00e9coute un peu la radio, mais je ne regarde pas la t\u00e9l\u00e9vision, j\u2019utilise le dictionnaire souvent quand je lis. Depuis que je suis en France, je me suis habitu\u00e9e aux gens de Picardie. Mais une fois, j\u2019ai entendu l\u2019accent venant de Provence, et je me suis demand\u00e9e, \u00ab sont-ils fran\u00e7ais ? \u00bb Apr\u00e8s quelques minutes, j\u2019ai r\u00e9alis\u00e9 que oui. Je ne savais pas qu\u2019il y avait diff\u00e9rents accents. Le culte, la lecture de la Bible, m\u2019aident aussi pour le fran\u00e7ais, mais ce n\u2019est pas du vocabulaire de la vie quotidienne. Il y a des choses tr\u00e8s proches entre le fran\u00e7ais et l\u2019anglais, mais aussi des pi\u00e8ges. En anglais, on peut dire \u00ab I am comfortable \u00bb, mais en fran\u00e7ais, on ne dit pas trop \u00ab je suis confortable \u00bb. Au d\u00e9but, quand j\u2019ai entendu les Fran\u00e7ais faire \u00ab pffffffff \u00bb, cela m\u2019a \u00e9tonn\u00e9e. Je trouvais \u00e7a embarrassant. Mais les Fran\u00e7ais le font.<\/p>\n<p><strong>Pourriez-vous donner un exemple de chant francophone, dont vous ne connaissiez pas la version en anglais ?<br \/>\n<\/strong><br \/>\nLa plupart des chants chr\u00e9tiens que j\u2019aime chanter en fran\u00e7ais, ils sont traduits d\u2019une autre langue. \u00ab A toi la gloire \u00bb, par exemple, que j\u2019aime beaucoup, existe en anglais (\u00ab Thine be the glory \u00bb). Je le chantais aussi en langue arabe dans ma jeunesse, au Soudan. Mais je pense \u00e0 \u00ab Je suis dans la joie \u00bb de pasteur Guy (chant chr\u00e9tien ivoirien, ndlr). Celui-l\u00e0, je ne l\u2019ai jamais entendu avant en anglais, je ne le chante qu\u2019en fran\u00e7ais.<\/p>\n<p><strong>Comment voyez-vous aujourd\u2019hui la crise des r\u00e9fugi\u00e9s ?<br \/>\n<\/strong><br \/>\nJ\u00e9sus et sa famille ont \u00e9t\u00e9 r\u00e9fugi\u00e9s. Ils sont partis se r\u00e9fugier en Egypte, pour fuir un massacre.  Je vois que ce n\u2019est pas facile, aujourd\u2019hui, en Europe. Je comprends. On ne sait pas qui est qui. Int\u00e9grer tous les arrivants, commencer le travail, les familles, l\u2019aide sociale\u2026 Tout cela co\u00fbte, et cela p\u00e8se sur ceux qui travaillent d\u00e9j\u00e0. L\u2019adaptation culturelle est difficile. Certaines personnes, qui arrivent en Europe, n\u2019ont connu que la violence\u2026. parfois aussi, certains viennent pour de mauvaises raisons. Il y a ce proverbe qui dit, \u00ab un oignon pourri peut corrompre tout le sac \u00bb. Ce n\u2019est pas facile ! Mais ce que je sais, c\u2019est que l\u2019Eglise doit aider. L\u2019Eglise n\u2019est pas le gouvernement. Le gouvernement fait sa part, on ne peut pas attendre de lui qu\u2019il fasse comme l\u2019Eglise. L\u2019Eglise doit accueillir et montrer J\u00e9sus par ses paroles et ses actes. Etre r\u00e9fugi\u00e9 ce n\u2019est pas un \u00e9tat permanent. Beaucoup de Fran\u00e7ais ont \u00e9t\u00e9 r\u00e9fugi\u00e9s par le pass\u00e9. Les protestants le savent. Etre r\u00e9fugi\u00e9 n\u2019est pas une identit\u00e9, c\u2019est un passage. Avant d\u2019\u00eatre r\u00e9fugi\u00e9 nous sommes tous des \u00eatres-humains. Notre identit\u00e9 se trouve en Dieu, qui nous a tous faits.<\/p>\n","protected":false},"excerpt":{"rendered":"<p>Alors que l&rsquo;Europe fait face, depuis deux ans, \u00e0 une mont\u00e9e des demandes d&rsquo;asile, dans le contexte de la guerre en Syrie et de la crise libyenne, les \u00e9glises jouent souvent un r\u00f4le de passerelle. Naomi Baki, ancienne r\u00e9fugi\u00e9e sud-soudanaise, chr\u00e9tienne protestante \u00e9vang\u00e9lique, est devenue francophone, et Fran\u00e7aise. Auteure de Je suis encore vivante (Paris, [&hellip;]<\/p>\n","protected":false},"author":3,"featured_media":581,"comment_status":"closed","ping_status":"closed","sticky":false,"template":"","format":"standard","meta":[],"categories":[1],"tags":[3,80,81,82,2],"_links":{"self":[{"href":"https:\/\/www.fil-info-francophonie.com\/index.php?rest_route=\/wp\/v2\/posts\/580"}],"collection":[{"href":"https:\/\/www.fil-info-francophonie.com\/index.php?rest_route=\/wp\/v2\/posts"}],"about":[{"href":"https:\/\/www.fil-info-francophonie.com\/index.php?rest_route=\/wp\/v2\/types\/post"}],"author":[{"embeddable":true,"href":"https:\/\/www.fil-info-francophonie.com\/index.php?rest_route=\/wp\/v2\/users\/3"}],"replies":[{"embeddable":true,"href":"https:\/\/www.fil-info-francophonie.com\/index.php?rest_route=%2Fwp%2Fv2%2Fcomments&post=580"}],"version-history":[{"count":1,"href":"https:\/\/www.fil-info-francophonie.com\/index.php?rest_route=\/wp\/v2\/posts\/580\/revisions"}],"predecessor-version":[{"id":582,"href":"https:\/\/www.fil-info-francophonie.com\/index.php?rest_route=\/wp\/v2\/posts\/580\/revisions\/582"}],"wp:featuredmedia":[{"embeddable":true,"href":"https:\/\/www.fil-info-francophonie.com\/index.php?rest_route=\/wp\/v2\/media\/581"}],"wp:attachment":[{"href":"https:\/\/www.fil-info-francophonie.com\/index.php?rest_route=%2Fwp%2Fv2%2Fmedia&parent=580"}],"wp:term":[{"taxonomy":"category","embeddable":true,"href":"https:\/\/www.fil-info-francophonie.com\/index.php?rest_route=%2Fwp%2Fv2%2Fcategories&post=580"},{"taxonomy":"post_tag","embeddable":true,"href":"https:\/\/www.fil-info-francophonie.com\/index.php?rest_route=%2Fwp%2Fv2%2Ftags&post=580"}],"curies":[{"name":"wp","href":"https:\/\/api.w.org\/{rel}","templated":true}]}}