{"id":519,"date":"2016-03-10T13:47:53","date_gmt":"2016-03-10T13:47:53","guid":{"rendered":"http:\/\/www.fil-info-francophonie.com\/?p=519"},"modified":"2018-06-26T13:49:55","modified_gmt":"2018-06-26T13:49:55","slug":"association-des-pasteurs-de-france-la-francophonie-est-une-grace","status":"publish","type":"post","link":"https:\/\/www.fil-info-francophonie.com\/?p=519","title":{"rendered":"Association des Pasteurs de France : \u00ab la francophonie est une gr\u00e2ce \u00bb"},"content":{"rendered":"<p><em>\u00c0 l&rsquo;approche d&rsquo;un grand colloque sur l&rsquo;\u00e9volution du pastorat en France, tenu \u00e0 Paris les 14 et 15 mars 2016, c&rsquo;est l&rsquo;occasion d&rsquo;en savoir plus sur l&rsquo;Association des Pasteurs de France, par la voix de son pr\u00e9sident, Evert Veldhuizen. <\/em><\/p>\n<p><strong>Pasteur Evert Veldhuizen, pouvez-vous vous pr\u00e9senter ?<br \/>\n<\/strong><br \/>\nN\u00e9 aux Pays-Bas, je suis arriv\u00e9 en France en 1981, apr\u00e8s mon mariage avec une fran\u00e7aise. J\u2019ai appris le fran\u00e7ais \u00e0 Paris. Nous avons cinq enfants, l\u2019a\u00een\u00e9 est aussi pasteur. Je suis pasteur de l\u2019EPUdF en poste dans le Poitou, j\u2019ai un doctorat en Histoire des religions et je suis pr\u00e9sident de l\u2019Association des Pasteurs de France.<\/p>\n<p><strong>Quelles sont les principales fonctions exerc\u00e9es par l\u2019Association des Pasteurs de France ?<br \/>\n<\/strong><br \/>\nPour reprendre les termes des Statuts, elle s\u2019occupe de tout ce qui concerne les int\u00e9r\u00eats g\u00e9n\u00e9raux et professionnels des pasteurs. Elle travaille \u00e0 am\u00e9liorer leur situation morale, sociale et \u00e9conomique. Et elle organise chaque ann\u00e9e une Pastorale nationale, \u00e0 laquelle participent des pasteurs de diff\u00e9rentes \u00c9glises.<\/p>\n<p>Fond\u00e9e en 1920, l\u2019APF est un syndicat, mais elle fonctionne comme une association professionnelle. Vous ne nous verrez pas faire une manifestation, en robe pastorale, hurlant des revendications, portant des banderoles, bloquant la rue  devant les si\u00e8ges des \u00c9glises ! Les relations fraternelles sont notre sp\u00e9cialit\u00e9. R\u00e9pondant aux appels qui nous sont adress\u00e9s, nous intervenons sous forme de m\u00e9diation ou de n\u00e9gociation. Dans la discr\u00e9tion, parce que notre exp\u00e9rience a prouv\u00e9 que c\u2019est le plus efficace.<\/p>\n<p>L\u2019Association \u00e9dite les Lettres de l\u2019APF pour annoncer les Pastorales nationales annuelles, et Les Cahiers de l\u2019APF qui publient les textes des interventions. Depuis quelques ann\u00e9es, une partie de ces textes est diffus\u00e9e sur le site internet de l\u2019APF.<\/p>\n<p><strong>Quelle est la part des pasteurs francophones non-fran\u00e7ais dans l\u2019APF ?<br \/>\n<\/strong><br \/>\nJ\u2019ignore le nombre exact, mais quelques dizaines de coll\u00e8gues francophones non-fran\u00e7ais exercent leur minist\u00e8re au sein des \u00c9glises, \u0152uvres et Mouvements, membres de la F\u00e9d\u00e9ration protestante de France. Ils viennent principalement de l\u2019Afrique francophone. Nombre d\u2019entre eux participent r\u00e9guli\u00e8rement aux Pastorales nationales de l\u2019APF et nous avons eu des membres d\u2019origine africaine au Conseil d\u2019administration, comme le regrett\u00e9 pasteur David Afonso. Quelques intervenants des Pastorales nationales sont d\u2019origine africaine. La contribution de ces coll\u00e8gues est tr\u00e8s pr\u00e9cieuse, parce qu\u2019ils approchent les questions par d\u2019autres angles que les Europ\u00e9ens. Ils nous aident \u00e0 garder des perspectives larges, en nous emp\u00eachant de nous enfermer dans le quotidien franco-fran\u00e7ais.<\/p>\n<p>Personnellement, j\u2019appr\u00e9cie beaucoup le sens d\u2019humour et la joie de vivre des coll\u00e8gues d\u2019origine africaine. Francophones, ma\u00eetrisant les subtilit\u00e9s de la langue, ils savent parfaitement int\u00e9grer leurs points de vue dans nos d\u00e9bats. Ils \u00e9clairent autrement les probl\u00e9matiques que nous Europ\u00e9ens abordons parfois avec un peu trop de gravit\u00e9.<\/p>\n<p><strong>Quelles sont les relations de l\u2019APF avec d\u2019autres organismes du m\u00eame type, bas\u00e9s dans d\u2019autres pays ?<br \/>\n<\/strong><br \/>\nNous privil\u00e9gions les relations en Europe latine. Mais dans ces pays, les organismes ne sont pas du m\u00eame type que le n\u00f4tre. Les pasteurs des \u00c9glises vaudoises en Italie sont organis\u00e9s par leur Corps pastoral, une instance de l\u2019\u00c9glise. L\u2019APF, quant \u00e0 elle, est totalement ind\u00e9pendante. Les pastorales des \u00c9glises historiques espagnoles et portugaises font aussi partie de leurs \u00c9glises. L\u2019Europe latine nous a amen\u00e9s \u00e0 nous int\u00e9resser \u00e0 l\u2019Am\u00e9rique latine, o\u00f9 nous avons \u00e9galement particip\u00e9 \u00e0 des r\u00e9unions de pasteurs. En Afrique, nous avons des relations notamment avec l\u2019\u00c9glise \u00c9vang\u00e9lique au Maroc. Notre site internet a \u00e9t\u00e9 rep\u00e9r\u00e9 par des pasteurs en Afrique subsaharienne qui nous ont contact\u00e9 par mail. Nous envisageons de nouer des liens avec des coll\u00e8gues dans ces pays.<\/p>\n<p><strong>Que repr\u00e9sente pour vous la francophonie ?<br \/>\n<\/strong><br \/>\nPouvoir se comprendre par la m\u00eame langue est une chance formidable qui m\u00e9rite d\u2019\u00eatre exploit\u00e9e pour le bien des uns et des autres. Je me sens proche des coll\u00e8gues d\u2019origine africaine, parce que nous parlons la m\u00eame langue. La connaissance d\u2019une langue ouvre des portes passionnantes \u00e0 des femmes et des hommes vivant dans des cultures pourtant tr\u00e8s diff\u00e9rentes.<\/p>\n<p>Je pense que la francophonie est une chance, et non un prolongement du colonialisme. D\u2019origine non-francophone moi-m\u00eame, j\u2019ai une grande estime pour celles et ceux qui sont n\u00e9s, comme moi, ailleurs, mais qui ont appris le fran\u00e7ais d\u00e8s leur toute petite enfance. La francophonie, c\u2019est un espace sur la carte du monde. En tant que pasteur, int\u00e9ress\u00e9 par l\u2019histoire, je sais que les \u00e9volutions, respectivement dans le Nord et dans le Sud ont d\u00e9sormais totalement invers\u00e9 la donne. Je salue avec reconnaissance la vitalit\u00e9 de la foi des Africains. Les Fran\u00e7ais ont contribu\u00e9 jadis \u00e0 la propagation de l\u2019\u00c9vangile dans le Sud. Cela allait de pair avec la diffusion de la langue fran\u00e7aise. A pr\u00e9sent, la francophonie facilite la participation d\u2019Africains \u00e0 l\u2019annonce de l\u2019\u00c9vangile dans l\u2019Hexagone. Plus qu\u2019une chance, c\u2019est une Gr\u00e2ce !<\/p>\n","protected":false},"excerpt":{"rendered":"<p>\u00c0 l&rsquo;approche d&rsquo;un grand colloque sur l&rsquo;\u00e9volution du pastorat en France, tenu \u00e0 Paris les 14 et 15 mars 2016, c&rsquo;est l&rsquo;occasion d&rsquo;en savoir plus sur l&rsquo;Association des Pasteurs de France, par la voix de son pr\u00e9sident, Evert Veldhuizen. Pasteur Evert Veldhuizen, pouvez-vous vous pr\u00e9senter ? N\u00e9 aux Pays-Bas, je suis arriv\u00e9 en France en [&hellip;]<\/p>\n","protected":false},"author":3,"featured_media":520,"comment_status":"closed","ping_status":"closed","sticky":false,"template":"","format":"standard","meta":[],"categories":[1],"tags":[38,37,3,39,2],"_links":{"self":[{"href":"https:\/\/www.fil-info-francophonie.com\/index.php?rest_route=\/wp\/v2\/posts\/519"}],"collection":[{"href":"https:\/\/www.fil-info-francophonie.com\/index.php?rest_route=\/wp\/v2\/posts"}],"about":[{"href":"https:\/\/www.fil-info-francophonie.com\/index.php?rest_route=\/wp\/v2\/types\/post"}],"author":[{"embeddable":true,"href":"https:\/\/www.fil-info-francophonie.com\/index.php?rest_route=\/wp\/v2\/users\/3"}],"replies":[{"embeddable":true,"href":"https:\/\/www.fil-info-francophonie.com\/index.php?rest_route=%2Fwp%2Fv2%2Fcomments&post=519"}],"version-history":[{"count":1,"href":"https:\/\/www.fil-info-francophonie.com\/index.php?rest_route=\/wp\/v2\/posts\/519\/revisions"}],"predecessor-version":[{"id":521,"href":"https:\/\/www.fil-info-francophonie.com\/index.php?rest_route=\/wp\/v2\/posts\/519\/revisions\/521"}],"wp:featuredmedia":[{"embeddable":true,"href":"https:\/\/www.fil-info-francophonie.com\/index.php?rest_route=\/wp\/v2\/media\/520"}],"wp:attachment":[{"href":"https:\/\/www.fil-info-francophonie.com\/index.php?rest_route=%2Fwp%2Fv2%2Fmedia&parent=519"}],"wp:term":[{"taxonomy":"category","embeddable":true,"href":"https:\/\/www.fil-info-francophonie.com\/index.php?rest_route=%2Fwp%2Fv2%2Fcategories&post=519"},{"taxonomy":"post_tag","embeddable":true,"href":"https:\/\/www.fil-info-francophonie.com\/index.php?rest_route=%2Fwp%2Fv2%2Ftags&post=519"}],"curies":[{"name":"wp","href":"https:\/\/api.w.org\/{rel}","templated":true}]}}