{"id":516,"date":"2016-03-08T13:43:15","date_gmt":"2016-03-08T13:43:15","guid":{"rendered":"http:\/\/www.fil-info-francophonie.com\/?p=516"},"modified":"2018-06-26T13:45:49","modified_gmt":"2018-06-26T13:45:49","slug":"tour-dhorizon-de-la-francophonie-protestante","status":"publish","type":"post","link":"https:\/\/www.fil-info-francophonie.com\/?p=516","title":{"rendered":"Tour d\u2019horizon de la francophonie protestante"},"content":{"rendered":"<p><em>Une vid\u00e9o pour d\u00e9crypter et comprendre la multiplicit\u00e9 des protestantismes, notamment le protestantisme au Congo RDC, mais aussi les Eglises de R\u00e9veil et les raisons de leur r\u00e9ussite. <\/em><\/p>\n<p>Voir la vid\u00e9o en cliquant sur <a href=\"https:\/\/www.canal-u.tv\/video\/site_pouchet_cnrs\/l_actualite_decryptee_par_les_chercheurs_du_groupe_societes_religions_laicites.19237\">ce lien<\/a><\/p>\n<p>L\u2019\u00e9crasante majorit\u00e9 des francophones protestants ne sont pas fran\u00e7ais. Ce fait encore trop ignor\u00e9 tient en particulier \u00e0 l\u2019essor tr\u00e8s consid\u00e9rable de la francophonie protestante en Afrique de l\u2019Ouest. Le Congo RDC n\u2019en est pas qu\u2019un exemple. C\u2019est aussi le fer de lance de cette mutation de la g\u00e9opolitique religieuse. A lui seul, il repr\u00e9senterait aujourd\u2019hui pr\u00e8s de la moiti\u00e9 de la francophonie protestante dans le monde.<\/p>\n<p>L\u2019entretien vid\u00e9o de vingt minutes ci-dessous, r\u00e9alis\u00e9 par le CNRS en octobre 2015 dans le cadre de la rubrique \u00ab L\u2019actualit\u00e9 d\u00e9crypt\u00e9e par les chercheurs GSRL \u00bb, ouvre une lucarne sur ces r\u00e9alit\u00e9s nouvelles, \u00e0 la suite d\u2019un terrain de recherche \u00e0 Kinshasa.<\/p>\n<p>D\u00e9couvrir \u00e9galement un album de terrain \u00ab <a href=\"https:\/\/www.flickr.com\/photos\/pilgrimseb\/sets\/72157657895000009\">Voyage au Congo RDC<\/a> \u00bb <\/p>\n","protected":false},"excerpt":{"rendered":"<p>Une vid\u00e9o pour d\u00e9crypter et comprendre la multiplicit\u00e9 des protestantismes, notamment le protestantisme au Congo RDC, mais aussi les Eglises de R\u00e9veil et les raisons de leur r\u00e9ussite. Voir la vid\u00e9o en cliquant sur ce lien L\u2019\u00e9crasante majorit\u00e9 des francophones protestants ne sont pas fran\u00e7ais. Ce fait encore trop ignor\u00e9 tient en particulier \u00e0 l\u2019essor [&hellip;]<\/p>\n","protected":false},"author":3,"featured_media":517,"comment_status":"closed","ping_status":"closed","sticky":false,"template":"","format":"standard","meta":[],"categories":[1],"tags":[3,36,2],"_links":{"self":[{"href":"https:\/\/www.fil-info-francophonie.com\/index.php?rest_route=\/wp\/v2\/posts\/516"}],"collection":[{"href":"https:\/\/www.fil-info-francophonie.com\/index.php?rest_route=\/wp\/v2\/posts"}],"about":[{"href":"https:\/\/www.fil-info-francophonie.com\/index.php?rest_route=\/wp\/v2\/types\/post"}],"author":[{"embeddable":true,"href":"https:\/\/www.fil-info-francophonie.com\/index.php?rest_route=\/wp\/v2\/users\/3"}],"replies":[{"embeddable":true,"href":"https:\/\/www.fil-info-francophonie.com\/index.php?rest_route=%2Fwp%2Fv2%2Fcomments&post=516"}],"version-history":[{"count":1,"href":"https:\/\/www.fil-info-francophonie.com\/index.php?rest_route=\/wp\/v2\/posts\/516\/revisions"}],"predecessor-version":[{"id":518,"href":"https:\/\/www.fil-info-francophonie.com\/index.php?rest_route=\/wp\/v2\/posts\/516\/revisions\/518"}],"wp:featuredmedia":[{"embeddable":true,"href":"https:\/\/www.fil-info-francophonie.com\/index.php?rest_route=\/wp\/v2\/media\/517"}],"wp:attachment":[{"href":"https:\/\/www.fil-info-francophonie.com\/index.php?rest_route=%2Fwp%2Fv2%2Fmedia&parent=516"}],"wp:term":[{"taxonomy":"category","embeddable":true,"href":"https:\/\/www.fil-info-francophonie.com\/index.php?rest_route=%2Fwp%2Fv2%2Fcategories&post=516"},{"taxonomy":"post_tag","embeddable":true,"href":"https:\/\/www.fil-info-francophonie.com\/index.php?rest_route=%2Fwp%2Fv2%2Ftags&post=516"}],"curies":[{"name":"wp","href":"https:\/\/api.w.org\/{rel}","templated":true}]}}