{"id":479,"date":"2016-11-03T21:26:49","date_gmt":"2016-11-03T21:26:49","guid":{"rendered":"http:\/\/www.fil-info-francophonie.com\/?p=479"},"modified":"2018-06-20T21:28:26","modified_gmt":"2018-06-20T21:28:26","slug":"le-musee-calvin-a-noyon-carrefour-international-pour-la-francophonie-protestante","status":"publish","type":"post","link":"https:\/\/www.fil-info-francophonie.com\/?p=479","title":{"rendered":"Le Mus\u00e9e Calvin \u00e0 Noyon, carrefour international pour la francophonie protestante"},"content":{"rendered":"<p><em> Cinq questions \u00e0 Fran\u00e7ois Debrabant, actuel directeur du Mus\u00e9e. <\/em><\/p>\n<p><em><br \/>\nDans cette magnifique province de Picardie, un des joyaux de la nouvelle r\u00e9gion Hauts de France, le Mus\u00e9e Calvin, \u00e0 Noyon (Oise), fait d\u00e9couvrir au grand public, depuis 1930, l\u2019univers du r\u00e9formateur fran\u00e7ais Jean Calvin (1509-1564), natif de la ville. Il s\u2019agit de bien autre chose que d\u2019un mus\u00e9e r\u00e9gional<\/em>. <\/p>\n<p>Calvin constitue en effet une r\u00e9f\u00e9rence pour des centaines de millions de protestants, et d\u2019innombrables francophones. Pr\u00e8s de la moiti\u00e9 des visiteurs du Mus\u00e9e Calvin viennent de l\u2019international, et, parmi eux 63,7% de visiteurs cor\u00e9ens ! Fran\u00e7ois Debrabant, son actuel directeur, nous fait d\u00e9couvrir ce lieu de m\u00e9moire et d\u2019histoire de la francophonie protestante, et l\u00e8ve le voile sur les manifestations pr\u00e9vues pour les 500 ans de la R\u00e9forme, en 2017. <\/p>\n<p><strong>1. Pouvez-vous vous pr\u00e9senter ?<br \/>\n<\/strong><br \/>\nMon nom est Fran\u00e7ois Debrabant, je suis responsable du service culturel des mus\u00e9es \u00e0 Noyon et directeur par int\u00e9rim. Je suis pass\u00e9, dans ma formation, par un dipl\u00f4me de l\u2019IEP d\u2019Aix-en-Provence, puis un master et un doctorat en arch\u00e9ologie.<\/p>\n<p><strong>2. Quels sont les points forts du Mus\u00e9e Jean Calvin ?<br \/>\n<\/strong><br \/>\nLe premier aspect est, qu\u2019en plus d\u2019\u00eatre un mus\u00e9e, il se situe sur l\u2019emplacement de la maison natale de Calvin.  Il rappelle les origines noyonnaises de ce r\u00e9formateur fran\u00e7ais dont l\u2019essentiel de l\u2019action publique s\u2019est faite \u00e0 Gen\u00e8ve.<\/p>\n<p>En plus de pr\u00e9senter la vie et l\u2019\u0153uvre du r\u00e9formateur,le mus\u00e9e, dans son approche chronologique, remet en contexte l\u2019apparition du Protestantisme en Picardie et les enjeux des guerres de religions, puis la p\u00e9riode du d\u00e9sert. Le mus\u00e9e Jean Calvin est un mus\u00e9e labellis\u00e9 mus\u00e9e de France et b\u00e9n\u00e9ficie \u00e0 ce titre du soutien du minist\u00e8re de la culture et de la communication.<\/p>\n<p>Le principal partenaire priv\u00e9 demeure la Soci\u00e9t\u00e9 d\u2019Histoire du Protestantisme Fran\u00e7ais (SHPF). Elle reste propri\u00e9taire du b\u00e2timent du mus\u00e9e ainsi que de la moiti\u00e9 des collections pr\u00e9sent\u00e9es de fa\u00e7on permanente. La SHPF soutient activement le mus\u00e9e par une politique de d\u00e9p\u00f4t de ses acquisitions, par une mise \u00e0 disposition des fonds conserv\u00e9s par la biblioth\u00e8que de la SHPF. Le comit\u00e9 scientifique du mus\u00e9e est issu de la SHPF, l\u2019un des r\u00e9f\u00e9rents actuels est M. Olivier Millet professeur d\u2019Universit\u00e9 \u00e0 la Sorbonne.<\/p>\n<p>Le mus\u00e9e Jean Calvin fait aussi partie du r\u00e9seau des maisons d\u2019\u00e9crivains et des patrimoines litt\u00e9raires de Picardie, ce qui accroit son rayonnement  et lui donne un ancrage r\u00e9gional.<\/p>\n<p><strong>3. Jean Calvin est une figure fondatrice de la francophonie protestante, bien au-del\u00e0 de la France et de la Suisse. Comment cette dimension est-elle mise en valeur dans le mus\u00e9e ?<br \/>\n<\/strong><br \/>\nDans les expositions pass\u00e9es (2009, 2012) comme dans la pr\u00e9sentation permanente, l\u2019accent est mis sur l\u2019\u0153uvre litt\u00e9raire et l\u2019apport de Jean Calvin dans la naissance de la langue fran\u00e7aise moderne. Les publications en fran\u00e7ais plus qu\u2019en latin (comme l\u2019institution de la religion chr\u00e9tienne) ont une importance capitale. Nous insistons sur la mise en perspective de l\u2019\u0153uvre avec la diffusion de l\u2019imprim\u00e9 \u00e0 l\u2019\u00e9chelle europ\u00e9enne. La diffusion des textes calvinistes en langue fran\u00e7aise se fait depuis la Suisse \u00e0 travers tout le Royaume de France et dans les communaut\u00e9s francophones europ\u00e9ennes. Ce sont des th\u00e8mes abord\u00e9s aussi lors de nos cycles de conf\u00e9rences.<\/p>\n<p><strong>4. Quel est la part du public francophone \/ non-francophone dans les visites du mus\u00e9e ?<br \/>\n<\/strong><br \/>\nLa part du public \u00e9tranger oscille entre 40 et 50% selon les ann\u00e9es (par  ordre d\u00e9croissant cor\u00e9ens (63.7% de l\u2019ensemble des \u00e9trangers), belges (8.5%), n\u00e9erlandais (6.3%) et anglo-saxons (6.6%). Du fait de la forte proportion de visiteurs \u00e9trangers, une attention particuli\u00e8re est donn\u00e9e \u00e0 apporter un minimum d\u2019aide \u00e0 la visite traduite en anglais, cor\u00e9en, allemand, n\u00e9erlandais et italien.<\/p>\n<p><strong>5. Quels sont vos projets pour le mus\u00e9e Jean Calvin en vue des 500 ans de la R\u00e9forme, l\u2019an prochain ?<br \/>\n<\/strong><br \/>\nPour la comm\u00e9moration des 95 th\u00e8ses de Luther, une exposition mettra en perspective les personnages et l\u2019\u0153uvre de Luther et Calvin. Apr\u00e8s une pr\u00e9sentation de Luther (moins connu du public fran\u00e7ais), nous insisterons plus sur la p\u00e9riode strasbourgeoise de la vie de Calvin et son rapport avec Zwingli. L\u2019objectif sera aussi d\u2019expliquer les diff\u00e9rences entre luth\u00e9ranisme et calvinisme. Nous terminerons sur une pr\u00e9sentation de caricatures contemporaines et post\u00e9rieures qui r\u00e9unissent ces deux r\u00e9formateurs. Le commissariat scientifique est compos\u00e9 de M. Hubert Bost (directeur de l\u2019\u00e9cole pratique des hautes \u00e9tudes), M. Kaenel, professeur de l\u2019Universit\u00e9 de Lausanne, Mme Mourey et M. Colbus de l\u2019Universit\u00e9 Sorbonne (traduction des textes allemands du 16e si\u00e8cle). Des emprunts sont pr\u00e9vus \u00e0 la biblioth\u00e8que de la SHPF de Paris ainsi qu\u2019\u00e0 la biblioth\u00e8que nationale universitaire (BNU) de Strasbourg. La soci\u00e9t\u00e9 des amis du mus\u00e9e Jean Calvin programme un cycle de trois conf\u00e9rences de mai \u00e0 novembre. Le premier intervenant sera Hubert Bost, commissaire de notre exposition.<\/p>\n","protected":false},"excerpt":{"rendered":"<p>Cinq questions \u00e0 Fran\u00e7ois Debrabant, actuel directeur du Mus\u00e9e. Dans cette magnifique province de Picardie, un des joyaux de la nouvelle r\u00e9gion Hauts de France, le Mus\u00e9e Calvin, \u00e0 Noyon (Oise), fait d\u00e9couvrir au grand public, depuis 1930, l\u2019univers du r\u00e9formateur fran\u00e7ais Jean Calvin (1509-1564), natif de la ville. Il s\u2019agit de bien autre chose [&hellip;]<\/p>\n","protected":false},"author":3,"featured_media":480,"comment_status":"closed","ping_status":"closed","sticky":false,"template":"","format":"standard","meta":[],"categories":[1],"tags":[3,2],"_links":{"self":[{"href":"https:\/\/www.fil-info-francophonie.com\/index.php?rest_route=\/wp\/v2\/posts\/479"}],"collection":[{"href":"https:\/\/www.fil-info-francophonie.com\/index.php?rest_route=\/wp\/v2\/posts"}],"about":[{"href":"https:\/\/www.fil-info-francophonie.com\/index.php?rest_route=\/wp\/v2\/types\/post"}],"author":[{"embeddable":true,"href":"https:\/\/www.fil-info-francophonie.com\/index.php?rest_route=\/wp\/v2\/users\/3"}],"replies":[{"embeddable":true,"href":"https:\/\/www.fil-info-francophonie.com\/index.php?rest_route=%2Fwp%2Fv2%2Fcomments&post=479"}],"version-history":[{"count":1,"href":"https:\/\/www.fil-info-francophonie.com\/index.php?rest_route=\/wp\/v2\/posts\/479\/revisions"}],"predecessor-version":[{"id":481,"href":"https:\/\/www.fil-info-francophonie.com\/index.php?rest_route=\/wp\/v2\/posts\/479\/revisions\/481"}],"wp:featuredmedia":[{"embeddable":true,"href":"https:\/\/www.fil-info-francophonie.com\/index.php?rest_route=\/wp\/v2\/media\/480"}],"wp:attachment":[{"href":"https:\/\/www.fil-info-francophonie.com\/index.php?rest_route=%2Fwp%2Fv2%2Fmedia&parent=479"}],"wp:term":[{"taxonomy":"category","embeddable":true,"href":"https:\/\/www.fil-info-francophonie.com\/index.php?rest_route=%2Fwp%2Fv2%2Fcategories&post=479"},{"taxonomy":"post_tag","embeddable":true,"href":"https:\/\/www.fil-info-francophonie.com\/index.php?rest_route=%2Fwp%2Fv2%2Ftags&post=479"}],"curies":[{"name":"wp","href":"https:\/\/api.w.org\/{rel}","templated":true}]}}