{"id":426,"date":"2017-11-14T20:12:29","date_gmt":"2017-11-14T20:12:29","guid":{"rendered":"http:\/\/www.fil-info-francophonie.com\/?p=426"},"modified":"2018-06-25T08:13:41","modified_gmt":"2018-06-25T08:13:41","slug":"un-lifestyle-chretien-francophone-existe-t-il","status":"publish","type":"post","link":"https:\/\/www.fil-info-francophonie.com\/?p=426","title":{"rendered":"Un \u00ab lifestyle chr\u00e9tien \u00bb francophone existe-t-il ?"},"content":{"rendered":"<p><em> Cinq questions \u00e0 Pascal Portoukalian, entrepreneur chr\u00e9tien, engag\u00e9 dans les \u00c9glises \u00c9vang\u00e9liques Arm\u00e9niennes de France.<br \/>\n<\/em><\/p>\n<p><strong>Cher Pascal, pouvez-vous vous pr\u00e9senter ?<br \/>\n<\/strong><br \/>\nJ\u2019ai 39 ans, je suis mari\u00e9 et nous avons 3 enfants. Je suis n\u00e9 en France, petit-fils de 4 grands-parents rescap\u00e9s du g\u00e9nocide arm\u00e9nien. Je suis chr\u00e9tien, engag\u00e9 dans les Eglises Evang\u00e9liques Arm\u00e9niennes de France, petite Union de 10 \u00e9glises, elle-m\u00eame tr\u00e8s minoritaire parmi son peuple, lui-m\u00eame minoritaire en France et dans le monde. Longtemps, j\u2019\u00e9tais membre de la plus petite des \u00e9glises de notre Union. A l\u2019image de G\u00e9d\u00e9on, petit parmi les petits, j\u2019ai appris \u00e0 m\u2019en remettre \u00e0 Dieu !<\/p>\n<p>Je dirige une structure nomm\u00e9e \u00ab Paul &#038; S\u00e9phora \u00bb, anciennement \u00ab S\u00e9phora, la musique de la Vie \u00bb, dont l\u2019objet a longtemps \u00e9t\u00e9 la production et la promotion d\u2019artistes chr\u00e9tiens francophones. L\u2019activit\u00e9 s\u2019est \u00e9largie autour de la distribution de nombreux produits, et elle s\u2019\u00e9largira encore avec la cr\u00e9ation de la premi\u00e8re marketplace chr\u00e9tienne francophone, une sorte d\u2019 \u00ab Amazon chr\u00e9tien \u00bb.<\/p>\n<p><strong>Que signifie pour vous l\u2019identit\u00e9 protestante, y compris sa tendance \u00e9vang\u00e9lique ?<br \/>\n<\/strong><br \/>\nDans mon cas pr\u00e9cis, l\u2019identit\u00e9 protestante \u00e9vang\u00e9lique est un peu particuli\u00e8re. La R\u00e9forme dont sont issus les Evang\u00e9liques Arm\u00e9niens n\u2019est pas la m\u00eame que celle de la plupart des Eglises Protestantes ou Evang\u00e9liques. Elle ne date que de 1846, bien qu\u2019on en trouve les pr\u00e9mices d\u00e8s le X\u00e8me si\u00e8cle. Elle s\u2019est form\u00e9e au sein de l\u2019Eglise Apostolique (sch\u00e9matiquement : Orthodoxe) Arm\u00e9nienne plut\u00f4t que Catholique.<\/p>\n<p>Je me trouve donc au carrefour de deux h\u00e9ritages identitaires. J\u2019ai fait mienne l\u2019histoire de la R\u00e9forme Protestante, tout comme j\u2019ai fait mienne l\u2019histoire de France.<\/p>\n<p>Si l\u2019on prend votre question au sens plus large, je crois que ces identit\u00e9s \u2013 protestantes, \u00e9vang\u00e9liques, catholiques, apostolique arm\u00e9nienne, \u2026 \u2013 sont des fa\u00e7ons diff\u00e9rentes d\u2019approcher Dieu. Dans ces diff\u00e9rentes composantes du christianisme, je connais des personnes authentiquement converties \u00e0 J\u00e9sus-Christ. L\u2019identit\u00e9 \u00e9vang\u00e9lique a ceci de particulier qu\u2019elle n\u00e9cessite d\u2019\u00eatre \u00ab professant \u00bb, et que l\u2019h\u00e9ritage familial ne pr\u00e9juge pas d\u2019une appartenance spirituelle. Il peut orienter des d\u00e9cisions, comme ce fut mon cas, mais il ne d\u00e9finit pas d\u2019office une identit\u00e9 \u00ab de naissance \u00bb. <\/p>\n<p><strong>Vous proposez des ressources en mati\u00e8re de \u00ab lifestyle chr\u00e9tien \u00bb. Pourquoi ce mot anglais, et que signifie pour vous le concept ?<br \/>\n<\/strong><br \/>\nNous sommes \u00e0 une \u00e9tape charni\u00e8re de l\u2019\u00c9vang\u00e9lisme en France. Les \u00e9glises poussent (presque) comme des champignons, la foi se d\u00e9complexe et les Fran\u00e7ais sont de plus en plus nombreux \u00e0 \u00eatre au contact d\u2019\u00c9vang\u00e9liques : coll\u00e8gues, amis, famille, ou \u00e9glise implant\u00e9e dans leur rue.<\/p>\n<p>La cons\u00e9quence de cette croissance, c\u2019est le risque de voir se d\u00e9velopper, si l\u2019on n\u2019y prend pas garde, une \u00ab sous-culture \u00bb \u00e9vang\u00e9lique, dans laquelle nous aurions les bons codes \u2013 nos rituels, nos \u00ab stars \u00bb, nos valeurs, nos rep\u00e8res culturels, notre vocabulaire \u2013 mais sans en avoir la substance. Les \u00c9vang\u00e9liques commencent \u00e0 \u00eatre assez nombreux pour pouvoir vivre dans le confort d\u2019une \u00ab bulle chr\u00e9tienne \u00bb, dans un cocon.<\/p>\n<p>Le lifestyle chr\u00e9tien, c\u2019est la conjonction de 3 \u00e9l\u00e9ments \u00e0 vivre simultan\u00e9ment :<\/p>\n<p>    vivre une vraie relation avec Christ, et pas seulement adopter les codes chr\u00e9tiens<br \/>\n    vivre sa foi simplement dans la soci\u00e9t\u00e9 en \u00e9vitant de s\u2019en tenir au confort du bocal \u00e9vang\u00e9lique<br \/>\n    t\u00e9moigner par sa fa\u00e7on d\u2019\u00eatre, sans n\u00e9cessairement annoncer ouvertement l\u2019Evangile. Cela n\u2019exclue aucunement bien s\u00fbr le t\u00e9moignage plus direct, mais il s\u2019agit aussi de \u00ab vivre \u00bb en chr\u00e9tien dans le monde.<\/p>\n<p>Nous aimons dire que la foi chr\u00e9tienne se vit, qu\u2019elle impr\u00e8gne tous les domaines de la vie quotidienne. Et si tel est le cas, alors des ressources extr\u00eamement vari\u00e9es peuvent contribuer \u00e0 vivre en chr\u00e9tien et \u00e0 alimenter sa foi. Certaines porteront ouvertement une empreinte chr\u00e9tienne. Et d\u2019autres non. C\u2019est notre souhait avec Paul &#038; S\u00e9phora : promouvoir des initiatives qui honorent Dieu, qui le font conna\u00eetre, qui t\u00e9moignent de vies transform\u00e9es. C\u2019est tout cela, le lifestyle chr\u00e9tien.<\/p>\n<p><strong>Quel est le profil du public qui vient \u00e0 vous ?<br \/>\n<\/strong><br \/>\nNous sommes ouverts \u00e0 toutes les composantes chr\u00e9tiennes. Bien que nous trouvions historiquement un terreau plus r\u00e9ceptif parmi le public \u00e9vang\u00e9lique, nous touchons aujourd\u2019hui des profils de plus en plus vari\u00e9s. De tr\u00e8s nombreux Catholiques aujourd\u2019hui veulent et vivent une relation plus profonde avec le Christ. Ils trouveront de quoi alimenter leur foi dans la plupart des ressources que nous proposons. <\/p>\n<p><strong>Que repr\u00e9sente, dans la strat\u00e9gie d\u2019avenir de Paul &#038; S\u00e9phora, la francophonie protestante ?<br \/>\n<\/strong><br \/>\nA court terme, elle est en effet un public plus r\u00e9ceptif : nous travaillons ou avons d\u00e9j\u00e0 travaill\u00e9 avec des distributeurs de divers pays francophones. La francophonie protestante est une premi\u00e8re \u00e9tape. Moi-m\u00eame tr\u00e8s attach\u00e9 \u00e0 la langue fran\u00e7aise que je ch\u00e9ris et d\u00e9fends, j\u2019ai \u00e0 c\u0153ur la francophonie. C\u2019est pourquoi on a cherch\u00e9, \u00e0 la place de lifestyle (mot anglais), un autre mot fran\u00e7ais. J\u2019aurais pr\u00e9f\u00e9r\u00e9 ! Mais on n\u2019a pas trouv\u00e9. Soyez heureux qu\u2019un terme plus appropri\u00e9 n\u2019ait pas \u00e9t\u00e9 trouv\u00e9 en arm\u00e9nien !<\/p>\n","protected":false},"excerpt":{"rendered":"<p>Cinq questions \u00e0 Pascal Portoukalian, entrepreneur chr\u00e9tien, engag\u00e9 dans les \u00c9glises \u00c9vang\u00e9liques Arm\u00e9niennes de France. Cher Pascal, pouvez-vous vous pr\u00e9senter ? J\u2019ai 39 ans, je suis mari\u00e9 et nous avons 3 enfants. Je suis n\u00e9 en France, petit-fils de 4 grands-parents rescap\u00e9s du g\u00e9nocide arm\u00e9nien. Je suis chr\u00e9tien, engag\u00e9 dans les Eglises Evang\u00e9liques Arm\u00e9niennes de [&hellip;]<\/p>\n","protected":false},"author":3,"featured_media":427,"comment_status":"closed","ping_status":"closed","sticky":false,"template":"","format":"standard","meta":[],"categories":[1],"tags":[3,25,2],"_links":{"self":[{"href":"https:\/\/www.fil-info-francophonie.com\/index.php?rest_route=\/wp\/v2\/posts\/426"}],"collection":[{"href":"https:\/\/www.fil-info-francophonie.com\/index.php?rest_route=\/wp\/v2\/posts"}],"about":[{"href":"https:\/\/www.fil-info-francophonie.com\/index.php?rest_route=\/wp\/v2\/types\/post"}],"author":[{"embeddable":true,"href":"https:\/\/www.fil-info-francophonie.com\/index.php?rest_route=\/wp\/v2\/users\/3"}],"replies":[{"embeddable":true,"href":"https:\/\/www.fil-info-francophonie.com\/index.php?rest_route=%2Fwp%2Fv2%2Fcomments&post=426"}],"version-history":[{"count":2,"href":"https:\/\/www.fil-info-francophonie.com\/index.php?rest_route=\/wp\/v2\/posts\/426\/revisions"}],"predecessor-version":[{"id":429,"href":"https:\/\/www.fil-info-francophonie.com\/index.php?rest_route=\/wp\/v2\/posts\/426\/revisions\/429"}],"wp:featuredmedia":[{"embeddable":true,"href":"https:\/\/www.fil-info-francophonie.com\/index.php?rest_route=\/wp\/v2\/media\/427"}],"wp:attachment":[{"href":"https:\/\/www.fil-info-francophonie.com\/index.php?rest_route=%2Fwp%2Fv2%2Fmedia&parent=426"}],"wp:term":[{"taxonomy":"category","embeddable":true,"href":"https:\/\/www.fil-info-francophonie.com\/index.php?rest_route=%2Fwp%2Fv2%2Fcategories&post=426"},{"taxonomy":"post_tag","embeddable":true,"href":"https:\/\/www.fil-info-francophonie.com\/index.php?rest_route=%2Fwp%2Fv2%2Ftags&post=426"}],"curies":[{"name":"wp","href":"https:\/\/api.w.org\/{rel}","templated":true}]}}