{"id":344,"date":"2018-06-19T15:26:43","date_gmt":"2018-06-19T15:26:43","guid":{"rendered":"http:\/\/www.fil-info-francophonie.com\/?p=344"},"modified":"2018-06-20T15:28:02","modified_gmt":"2018-06-20T15:28:02","slug":"douze-portraits-dafricaines-inspirees","status":"publish","type":"post","link":"https:\/\/www.fil-info-francophonie.com\/?p=344","title":{"rendered":"Douze portraits d\u2019Africaines inspir\u00e9es"},"content":{"rendered":"<p>Notre s\u00e9rie de l\u2019\u00e9t\u00e9 \u00e0 partir du 21 juin : chaque semaine, des portraits de femmes africaines qui ont marqu\u00e9 leur pays. Douze \u00ab amazones du Seigneur \u00bb. <\/p>\n<p>Depuis le 1er janvier 2015, l\u2019Organisation Internationale de la Francophonie (OIF) est dirig\u00e9e par une femme, Micha\u00eblle Jean. C\u2019est une premi\u00e8re ! Et c\u2019est la moindre des choses, tant est essentielle la participation f\u00e9minine aux francophonies culturelles, religieuses, politiques. La francophonie protestante n\u2019est pas en reste.<\/p>\n<p>Nous avons beaucoup \u00e0 d\u00e9couvrir sur les femmes qui ont contribu\u00e9 \u00e0 son essor. Bien des \u00ab amazones du Seigneur \u00bb restent aujourd\u2019hui m\u00e9connues. Myst\u00e9rieuses amazones ! Historiquement, elles correspondent \u00e0 ce corps d\u2019\u00e9lite de guerri\u00e8res du Dahomey, capables de combattre en premi\u00e8re ligne contre les troupes coloniales fran\u00e7aises. Mais le mot ne nous vient pas du XIXe si\u00e8cle. Il renvoie \u00e0 la mythologie grecque ancienne. Il sert aujourd\u2019hui \u00e0 d\u00e9signer, de mani\u00e8re g\u00e9n\u00e9rique, des combattantes intr\u00e9pides, et des figures f\u00e9minines de la marge, bien loin des r\u00f4les sociaux traditionnels qui renvoient souvent \u00e0 l\u2019espace domestique.<\/p>\n<p>L\u2019histoire du christianisme en Afrique r\u00e9v\u00e8le un nombre consid\u00e9rable de ces figures m\u00e9connues, femmes inclassables. Les th\u00e9ologiens et les appareils eccl\u00e9siastiques les appr\u00e9cient mod\u00e9r\u00e9ment. C\u2019est qu\u2019elles ne rentrent souvent pas dans les cases ! L\u2019anglophonie comme la francophonie protestante contemporaine conservent leur m\u00e9moire, parfois lointaine, en pointill\u00e9, en attendant que les historiens restituent \u00e0 sa juste valeur l\u2019impact, parfois colossal, de ces \u00ab amazones du Seigneur \u00bb.<\/p>\n<p>Visionnaires, inspir\u00e9es, militantes, elles ont boug\u00e9 les lignes. Parfois proph\u00e9tesses \u00e0 leur mani\u00e8re, ces douze femmes d\u2019Afrique, parmi beaucoup d\u2019autres, se sont saisies des promesses du christianisme. Que ce soit \u00e0 l\u2019int\u00e9rieur, ou aux marges de la francophonie et du protestantisme, elles ont ouvert des voies nouvelles. Depuis le Burkina Faso, le Cameroun, les Congos, la C\u00f4te d\u2019Ivoire, le Lib\u00e9ria, Madagascar, le Togo, d\u00e9couvrons leur histoire, qui n\u2019a pas fini d\u2019inspirer les territoires francophones du XXIe si\u00e8cle.<\/p>\n<p>    Premier portrait d\u2019une s\u00e9rie de douze \u00e0 d\u00e9couvrir jeudi 21 juin ! <\/p>\n","protected":false},"excerpt":{"rendered":"<p>Notre s\u00e9rie de l\u2019\u00e9t\u00e9 \u00e0 partir du 21 juin : chaque semaine, des portraits de femmes africaines qui ont marqu\u00e9 leur pays. Douze \u00ab amazones du Seigneur \u00bb. Depuis le 1er janvier 2015, l\u2019Organisation Internationale de la Francophonie (OIF) est dirig\u00e9e par une femme, Micha\u00eblle Jean. C\u2019est une premi\u00e8re ! Et c\u2019est la moindre des [&hellip;]<\/p>\n","protected":false},"author":3,"featured_media":345,"comment_status":"closed","ping_status":"closed","sticky":false,"template":"","format":"standard","meta":[],"categories":[1],"tags":[3,2],"_links":{"self":[{"href":"https:\/\/www.fil-info-francophonie.com\/index.php?rest_route=\/wp\/v2\/posts\/344"}],"collection":[{"href":"https:\/\/www.fil-info-francophonie.com\/index.php?rest_route=\/wp\/v2\/posts"}],"about":[{"href":"https:\/\/www.fil-info-francophonie.com\/index.php?rest_route=\/wp\/v2\/types\/post"}],"author":[{"embeddable":true,"href":"https:\/\/www.fil-info-francophonie.com\/index.php?rest_route=\/wp\/v2\/users\/3"}],"replies":[{"embeddable":true,"href":"https:\/\/www.fil-info-francophonie.com\/index.php?rest_route=%2Fwp%2Fv2%2Fcomments&post=344"}],"version-history":[{"count":1,"href":"https:\/\/www.fil-info-francophonie.com\/index.php?rest_route=\/wp\/v2\/posts\/344\/revisions"}],"predecessor-version":[{"id":346,"href":"https:\/\/www.fil-info-francophonie.com\/index.php?rest_route=\/wp\/v2\/posts\/344\/revisions\/346"}],"wp:featuredmedia":[{"embeddable":true,"href":"https:\/\/www.fil-info-francophonie.com\/index.php?rest_route=\/wp\/v2\/media\/345"}],"wp:attachment":[{"href":"https:\/\/www.fil-info-francophonie.com\/index.php?rest_route=%2Fwp%2Fv2%2Fmedia&parent=344"}],"wp:term":[{"taxonomy":"category","embeddable":true,"href":"https:\/\/www.fil-info-francophonie.com\/index.php?rest_route=%2Fwp%2Fv2%2Fcategories&post=344"},{"taxonomy":"post_tag","embeddable":true,"href":"https:\/\/www.fil-info-francophonie.com\/index.php?rest_route=%2Fwp%2Fv2%2Ftags&post=344"}],"curies":[{"name":"wp","href":"https:\/\/api.w.org\/{rel}","templated":true}]}}