{"id":321,"date":"2015-12-08T14:37:14","date_gmt":"2015-12-08T14:37:14","guid":{"rendered":"http:\/\/www.fil-info-francophonie.com\/?p=321"},"modified":"2018-06-20T14:43:56","modified_gmt":"2018-06-20T14:43:56","slug":"la-cop21-depuis-le-burkina-faso","status":"publish","type":"post","link":"https:\/\/www.fil-info-francophonie.com\/?p=321","title":{"rendered":"La COP21 depuis le Burkina Faso"},"content":{"rendered":"<p>\u00ab En France, on parle du r\u00e9chauffement climatique ; ici, on le vit tous les jours \u00bb. <\/p>\n<p><em>Peupl\u00e9 d\u2019environ 17 millions d\u2019habitants, le Burkina Faso est un pays d\u2019Afrique centrale plac\u00e9 sous le triple sceau de l\u2019agriculture, d\u2019une grande vitalit\u00e9 religieuse communautaire, et du r\u00e9chauffement global. Comment les enjeux discut\u00e9s \u00e0 Paris dans le cadre de la COP21 sont-ils per\u00e7us ici ? Les protestants \u00e9vang\u00e9liques, qui repr\u00e9sentent environ 10% de la population, sont pr\u00e9sents sur le terrain, dans les villages. Ils sont regroup\u00e9s, dans leurs actions sociales, au sein de l\u2019ODE (Office de D\u00e9veloppement des \u00c9glises \u00e9vang\u00e9liques). Son nouveau directeur des affaires financi\u00e8res (voir photo), accompagn\u00e9 d\u2019un sp\u00e9cialiste d\u2019agronomie, a r\u00e9pondu \u00e0 nos questions.<\/em><\/p>\n<p><strong>Comment fonctionne l\u2019ODE au Burkina Faso ?<br \/>\n<\/strong><br \/>\nNous sommes constitu\u00e9s en ONG chr\u00e9tienne \u00e0 but non lucratif, cr\u00e9\u00e9e le 12 ao\u00fbt 1972. Notre d\u00e9sir commun, avec la FEME (F\u00e9d\u00e9ration des Eglises et Missions \u00c9vang\u00e9liques) est de manifester l\u2019amour du prochain, selon le commandement du Christ, de mani\u00e8re concr\u00e8te. Pour cela, nous avons d\u00e9velopp\u00e9s au Burkina Faso de multiples programmes dans le domaine agricole, m\u00e9dical, \u00e9ducatif, communautaire, hydraulique. Notre approche est holistique. Elle vise la promotion d\u2019un d\u00e9veloppement int\u00e9gral, responsable et durable. La foi chr\u00e9tienne produit des \u0153uvres (\u00e9p\u00eetre Jacques). Nous sommes l\u00e0 pour agir de mani\u00e8re pratique, en commun. Nous travaillons avec de multiples partenaires (Tear Fund, Solidarit\u00e9 Protestante, Christian Aid, MCC etc.). Nous avons par exemple fait construire de nombreux dispensaires et pharmacies, deux centres de d\u00e9pistage VIH\/SIDA, plus de quinze barrages et retenues d\u2019eau qui ont g\u00e9n\u00e9r\u00e9 une hausse du revenu agricole dans de nombreuses communaut\u00e9s, permettant de r\u00e9duire la pauvret\u00e9. Nous encourageons aussi le d\u00e9veloppement de la microfinance autonome, les fili\u00e8res locales de formation qualifiante, et avons fait creuser de tr\u00e8s nombreux puits. Paix, justice, solidarit\u00e9 sont des fruits de l\u2019\u00c9vangile. Nous y travaillons et il y a beaucoup \u00e0 faire .<\/p>\n<p><strong>Que pensez-vous du r\u00e9chauffement climatique ? Est-ce une r\u00e9alit\u00e9 ici ?<br \/>\n<\/strong><br \/>\nOui nous sommes tr\u00e8s affect\u00e9s par ce ph\u00e9nom\u00e8ne. En France, \u00e0 la COP21, on parle du r\u00e9chauffement climatique, ici, on le vit tous les jours. Sur le plan des saisons, au Burkina, dans le Nord, la saison des pluies a toujours commenc\u00e9 autour du mois de juin, pour se finir en octobre. Depuis quelques ann\u00e9es, la pluie ne d\u00e9bute que mi-juillet. Et elle finit plus t\u00f4t qu\u2019avant. Avant, on pouvait alterner les crises alimentaires. Maintenant, la crise alimentaire, c\u2019est chaque ann\u00e9e. Une autre manifestation du r\u00e9chauffement, c\u2019est que nos animaux d\u2019\u00e9levage, vaches, b\u0153ufs, d\u00e9veloppent davantage de maladies. L\u2019herbe s\u00e8che plus vite, la digestion des animaux est affect\u00e9e, nous avons plus de pertes de b\u00e9tail. Cela joue aussi sur le conflit entre agriculteurs et \u00e9leveurs. Les \u00e9leveurs sont de plus en plus tent\u00e9s de prendre les terres des agriculteurs, mais les agriculteurs veulent pr\u00e9server leurs terres, alors cela cr\u00e9e des tensions. Un autre indicateur que nous voyons, c\u2019est au niveau des retenues d\u2019eau. Avant, un barrage et une retenue d\u2019eau d\u2019une profondeur de deux m\u00e8tres suffisait \u00e0 conserver l\u2019eau jusqu\u2019\u00e0 la saison suivante. Maintenant, l\u2019eau s\u2019\u00e9vapore. On doit creuser des retenues de 4 m\u00e8tres de profondeur.<\/p>\n<p><strong>En combien de temps avez-vous vu ces changements ?<br \/>\n<\/strong><br \/>\nLes choses ont mis une vingtaine d\u2019ann\u00e9es \u00e0 se produire. Quand nous \u00e9tions petits, les pluies venaient plus t\u00f4t. Et il y avait aussi plus de semences locales qui \u00ab donnaient \u00bb bien. Aujourd\u2019hui, beaucoup de semences locales n\u2019ont pas eu le temps de s\u2019adapter \u00e0 l\u2019augmentation des temp\u00e9ratures, elles ne rendent plus car le temps de pluie s\u2019est r\u00e9duit. Du coup, dans le cadre de l\u2019ODE, nous poussons au d\u00e9veloppement de semences adapt\u00e9es. C\u2019est vital pour nos villages. Mais c\u2019est difficile. Nous aimons nos semences locales, et avec le r\u00e9chauffement, c\u2019est comme si ce patrimoine local n\u2019avait plus de valeur !<\/p>\n<p><strong>Et en ville ?<br \/>\n<\/strong><br \/>\nIl y a plus de chaleur, et plus de poussi\u00e8re. Actuellement, en d\u00e9cembre, on respire \u00e9norm\u00e9ment de poussi\u00e8re \u00e0 Ouagadougou. Auparavant, cela venait plut\u00f4t en f\u00e9vrier, lors des plus fortes chaleurs. En novembre-d\u00e9cembre, les temp\u00e9ratures se sont \u00e9lev\u00e9es. On voit aussi des esp\u00e8ces d\u2019arbres qui disparaissent. Les Karit\u00e9s et les N\u00e9r\u00e9s (arbres \u00e0 farine) disparaissent au Nord. Les figuiers aussi disparaissent de plus en plus, et tout cela est remplac\u00e9 par des \u00e9pineux.<\/p>\n<p><strong>Comment voyez-vous la COP21 ?<br \/>\n<\/strong><br \/>\nNous sommes loin de la France, mais nous suivons cela de tr\u00e8s pr\u00e8s. La t\u00e9l\u00e9vision nationale burkinab\u00e9 en rend compte tous les jours. Nous esp\u00e9rons que le premier accord sera concr\u00e9tis\u00e9 et sign\u00e9 par tous. Ce qui nous d\u00e9\u00e7oit un peu, en tant que Burkinab\u00e9, est qu\u2019on parle maintenant de \u00ab responsabilit\u00e9 mondiale \u00bb. Mais l\u2019Afrique ne contribue presque pas au r\u00e9chauffement global. 2 ou 3%, pas plus. Alors qu\u2019elle en souffre directement. Ce sont les pays du Nord qui ont pollu\u00e9 vraiment beaucoup, et longtemps. Nous attendons une prise de responsabilit\u00e9 concr\u00e8te du Nord, des actes, pas des discours. Ici nous sommes tr\u00e8s mobilis\u00e9s sur le terrain, avec les \u00e9glises. Nous faisons tout notre possible pour renforcer les communaut\u00e9s de base, encourager la multiactivit\u00e9 pour permettre des compl\u00e9ments de revenus qui aident les familles \u00e0 tenir le coup quand les r\u00e9coltes ne rendent rien. Nous nous battons pour trouver les meilleures semences, et favoriser l\u2019agriculture durable. Nous formons les gens dans les villages. Ne nous nous oubliez pas dans vos pri\u00e8res.<\/p>\n","protected":false},"excerpt":{"rendered":"<p>\u00ab En France, on parle du r\u00e9chauffement climatique ; ici, on le vit tous les jours \u00bb. Peupl\u00e9 d\u2019environ 17 millions d\u2019habitants, le Burkina Faso est un pays d\u2019Afrique centrale plac\u00e9 sous le triple sceau de l\u2019agriculture, d\u2019une grande vitalit\u00e9 religieuse communautaire, et du r\u00e9chauffement global. Comment les enjeux discut\u00e9s \u00e0 Paris dans le cadre [&hellip;]<\/p>\n","protected":false},"author":3,"featured_media":322,"comment_status":"closed","ping_status":"closed","sticky":false,"template":"","format":"standard","meta":[],"categories":[1],"tags":[3,2],"_links":{"self":[{"href":"https:\/\/www.fil-info-francophonie.com\/index.php?rest_route=\/wp\/v2\/posts\/321"}],"collection":[{"href":"https:\/\/www.fil-info-francophonie.com\/index.php?rest_route=\/wp\/v2\/posts"}],"about":[{"href":"https:\/\/www.fil-info-francophonie.com\/index.php?rest_route=\/wp\/v2\/types\/post"}],"author":[{"embeddable":true,"href":"https:\/\/www.fil-info-francophonie.com\/index.php?rest_route=\/wp\/v2\/users\/3"}],"replies":[{"embeddable":true,"href":"https:\/\/www.fil-info-francophonie.com\/index.php?rest_route=%2Fwp%2Fv2%2Fcomments&post=321"}],"version-history":[{"count":2,"href":"https:\/\/www.fil-info-francophonie.com\/index.php?rest_route=\/wp\/v2\/posts\/321\/revisions"}],"predecessor-version":[{"id":325,"href":"https:\/\/www.fil-info-francophonie.com\/index.php?rest_route=\/wp\/v2\/posts\/321\/revisions\/325"}],"wp:featuredmedia":[{"embeddable":true,"href":"https:\/\/www.fil-info-francophonie.com\/index.php?rest_route=\/wp\/v2\/media\/322"}],"wp:attachment":[{"href":"https:\/\/www.fil-info-francophonie.com\/index.php?rest_route=%2Fwp%2Fv2%2Fmedia&parent=321"}],"wp:term":[{"taxonomy":"category","embeddable":true,"href":"https:\/\/www.fil-info-francophonie.com\/index.php?rest_route=%2Fwp%2Fv2%2Fcategories&post=321"},{"taxonomy":"post_tag","embeddable":true,"href":"https:\/\/www.fil-info-francophonie.com\/index.php?rest_route=%2Fwp%2Fv2%2Ftags&post=321"}],"curies":[{"name":"wp","href":"https:\/\/api.w.org\/{rel}","templated":true}]}}