{"id":300,"date":"2015-10-01T14:22:46","date_gmt":"2015-10-01T14:22:46","guid":{"rendered":"http:\/\/www.fil-info-francophonie.com\/?p=300"},"modified":"2018-06-20T14:45:59","modified_gmt":"2018-06-20T14:45:59","slug":"baptistes-et-presbyteriens-les-deux-moteurs-du-protestantisme-au-congo","status":"publish","type":"post","link":"https:\/\/www.fil-info-francophonie.com\/?p=300","title":{"rendered":"Baptistes et presbyt\u00e9riens, les deux moteurs du protestantisme au Congo"},"content":{"rendered":"<p>Pr\u00e9sents au Congo depuis plus d&rsquo;un si\u00e8cle, chacun de ces p\u00f4les repr\u00e9senterait au moins 4 millions de fid\u00e8les. Entretien avec le pasteur Fid\u00e8le Bavuidinsi, responsable de la communaut\u00e9 baptiste du Congo Ouest. <\/p>\n<p>Ce sont les baptistes qui sont arriv\u00e9s les premiers, comme l\u2019illustre la Chapelle Sims, \u00e9rig\u00e9e d\u00e8s 1891. Aujourd\u2019hui responsable de la CBCO, le pasteur Fid\u00e8le r\u00e9pond \u00e0 nos questions dans ses bureaux de Kinshasa (RDC), aux c\u00f4t\u00e9s de Philippe, son secr\u00e9taire g\u00e9n\u00e9ral adjoint.<\/p>\n<p><strong>Pourriez-vous vous pr\u00e9senter ?<br \/>\n<\/strong><br \/>\nJe suis le pasteur et professeur Fid\u00e8le Bavuidinsi Nsenga, professeur d\u2019universit\u00e9, docteur en th\u00e9ologie, form\u00e9 \u00e0 l\u2019UPC (Universit\u00e9 Protestante au Congo). Je suis enseignant \u00e0 l\u2019Universit\u00e9 Chr\u00e9tienne de Kinshasa. Auparavant, j\u2019ai \u00e9t\u00e9 pasteur de district de la CBCO (Communaut\u00e9 baptiste du Congo Ouest). J\u2019ai \u00e9t\u00e9 secr\u00e9taire g\u00e9n\u00e9ral adjoint de la CBCO, et je viens d\u2019\u00eatre nomm\u00e9 Secr\u00e9taire g\u00e9n\u00e9ral et repr\u00e9sentant l\u00e9gal pour tout le pays, pour un mandat de cinq ans.<\/p>\n<p>J\u2019ai \u00e9galement \u00e9t\u00e9 pr\u00e9sident de l\u2019\u00c9glise du Christ au Congo pour le Bas-Congo. J\u2019ai travaill\u00e9 dans beaucoup d\u2019organismes de transformation des conflits, avec le Conseil Oecum\u00e9nique des \u00c9glises. Mon travail de th\u00e8se a port\u00e9 sur la r\u00e9solution des conflits ; enfin, je suis pasteur baptiste depuis 1980, mari\u00e9, p\u00e8re de six enfants.<\/p>\n<p><strong>Que repr\u00e9sentent les baptistes au Congo RDC ?<br \/>\n<\/strong><br \/>\nNous avons plus de 10 000 lieux de culte, r\u00e9partis dans les 11 anciennes provinces et dans les 26 provinces actuelles du pays. Nous g\u00e9rons pr\u00e8s de dix h\u00f4pitaux baptistes en R\u00e9publique d\u00e9mocratique du Congo. Nous avons aussi de nombreuses \u00e9coles primaires, secondaires, des universit\u00e9s\u2026 Il existe cinq universit\u00e9s baptistes au Congo RDC. Il n\u2019y a pas aujourd\u2019hui de plus grand p\u00f4le baptiste francophone dans le monde. Mais nous n\u2019avons que de faibles moyens. La plupart de nos communaut\u00e9s sont pauvres, les ressources manquent, et nous souhaitons d\u00e9velopper des partenariats avec nos fr\u00e8res et s\u0153urs baptistes europ\u00e9ens plus favoris\u00e9s. Nous \u0153uvrons aussi pour les \u00e9changes avec d\u2019autres \u00c9glises protestantes. Nous aurions des choses \u00e0 nous apporter mutuellement. Nous n\u2019avons pas suffisamment de relations avec les baptistes de France. Pourquoi ne mettrions-nous pas en place des \u00e9changes de pasteurs, pour une dur\u00e9e de trois ou six mois ?<\/p>\n<p><strong>Que pensez-vous de la francophonie protestante ?<br \/>\n<\/strong><br \/>\nC\u2019est une id\u00e9e pertinente et importante. Nous parlons la langue fran\u00e7aise. Nous qui sommes francophones, nous devons nous mettre ensemble autour d\u2019une table, comme les anglophones qui se soutiennent vraiment \u00e0 partir de cette langue. La langue anglaise est une barri\u00e8re pour nous. Les baptistes de la CBCO sont francophones, comme la grande majorit\u00e9 des Congolais. Nous devons nous coordonner, travailler ensemble avec cette langue. C\u2019est tr\u00e8s pertinent.<\/p>\n<p><strong>Quels types de lien entretenez-vous avec la France et la Belgique ?<br \/>\n<\/strong><br \/>\nJ\u2019ai eu l\u2019occasion d\u2019aller en Belgique, et aussi en France, \u00e0 Strasbourg. Les relations sont tr\u00e8s bonnes. J\u2019ai \u00e9t\u00e9 accueilli comme \u00ab chez moi \u00bb en Alsace, un accueil incroyable. J\u2019ai \u00e9t\u00e9 log\u00e9, alors que je ne connaissais personne \u00e0 Strasbourg lors de mes \u00e9tudes de doctorat. Elisabeth Parmentier et tant d\u2019autres, m\u2019ont re\u00e7u, et se sont d\u00e9men\u00e9s pour m\u2019h\u00e9berger. On m\u2019a procur\u00e9 un petit job, j\u2019ai re\u00e7u une aide formidable. Je faisais l\u2019aller-retour Colmar-Strasbourg au d\u00e9but, c\u2019\u00e9tait payant, mais cela a \u00e9t\u00e9 arrang\u00e9 pour moi. J\u2019ai ressenti convivialit\u00e9 et fraternit\u00e9. Les baptistes n\u2019\u00e9taient pas tr\u00e8s forts \u00e0 Strasbourg, c\u2019est davantage aupr\u00e8s des Luth\u00e9riens que j\u2019ai trouv\u00e9 appui. J\u2019en conserve un excellent souvenir. Dans le cadre de nos relations de partenariat acad\u00e9mique, nous avons eu depuis quelques professeurs francophones protestants (Suisse, France), pour des cours sur le Nouveau Testament\u2026 En revanche, il n\u2019y a pas de relation suivie au niveau des \u00c9glises.<\/p>\n<p><strong>Quel r\u00f4le jouent pour vous les m\u00e9dias francophones ?<br \/>\n<\/strong><br \/>\nLes \u00c9glises de R\u00e9veil sont en avance sur nous. Elles sont tr\u00e8s pr\u00e9sentes dans les m\u00e9dias. Pour ma part, je recours \u00e0 beaucoup de m\u00e9dias francophones comme Rfi, TV5, France 24. La Radio T\u00e9l\u00e9vision Nationale Congolaise (RTNC) est \u00e9galement tr\u00e8s largement francophone. J\u2019ai sur mon bureau le journal Le climat tropical, \u00e9galement francophone. Il annonce d\u2019ailleurs ma prise de fonction \u00e0 la t\u00eate de la CBCO ! Mais nos \u00c9glises n\u2019ont pas de m\u00e9dia propre, c\u2019est une difficult\u00e9. Nous n\u2019avons m\u00eame pas de journal baptiste francophone pour la CBCO. Je souhaiterais d\u00e9velopper une radio et une t\u00e9l\u00e9vision baptiste de langue fran\u00e7aise. Ce serait un moyen aussi de tisser plus de liens avec nos fr\u00e8res et s\u0153urs en diaspora. Nous ne devons pas abandonner le terrain des m\u00e9dias aux \u00c9glises de R\u00e9veil. Il nous appartient de favoriser le go\u00fbt du contact gr\u00e2ce aux nouveaux m\u00e9dias, y compris internet.<\/p>\n","protected":false},"excerpt":{"rendered":"<p>Pr\u00e9sents au Congo depuis plus d&rsquo;un si\u00e8cle, chacun de ces p\u00f4les repr\u00e9senterait au moins 4 millions de fid\u00e8les. Entretien avec le pasteur Fid\u00e8le Bavuidinsi, responsable de la communaut\u00e9 baptiste du Congo Ouest. Ce sont les baptistes qui sont arriv\u00e9s les premiers, comme l\u2019illustre la Chapelle Sims, \u00e9rig\u00e9e d\u00e8s 1891. Aujourd\u2019hui responsable de la CBCO, le [&hellip;]<\/p>\n","protected":false},"author":3,"featured_media":301,"comment_status":"closed","ping_status":"closed","sticky":false,"template":"","format":"standard","meta":[],"categories":[1],"tags":[4,2],"_links":{"self":[{"href":"https:\/\/www.fil-info-francophonie.com\/index.php?rest_route=\/wp\/v2\/posts\/300"}],"collection":[{"href":"https:\/\/www.fil-info-francophonie.com\/index.php?rest_route=\/wp\/v2\/posts"}],"about":[{"href":"https:\/\/www.fil-info-francophonie.com\/index.php?rest_route=\/wp\/v2\/types\/post"}],"author":[{"embeddable":true,"href":"https:\/\/www.fil-info-francophonie.com\/index.php?rest_route=\/wp\/v2\/users\/3"}],"replies":[{"embeddable":true,"href":"https:\/\/www.fil-info-francophonie.com\/index.php?rest_route=%2Fwp%2Fv2%2Fcomments&post=300"}],"version-history":[{"count":2,"href":"https:\/\/www.fil-info-francophonie.com\/index.php?rest_route=\/wp\/v2\/posts\/300\/revisions"}],"predecessor-version":[{"id":331,"href":"https:\/\/www.fil-info-francophonie.com\/index.php?rest_route=\/wp\/v2\/posts\/300\/revisions\/331"}],"wp:featuredmedia":[{"embeddable":true,"href":"https:\/\/www.fil-info-francophonie.com\/index.php?rest_route=\/wp\/v2\/media\/301"}],"wp:attachment":[{"href":"https:\/\/www.fil-info-francophonie.com\/index.php?rest_route=%2Fwp%2Fv2%2Fmedia&parent=300"}],"wp:term":[{"taxonomy":"category","embeddable":true,"href":"https:\/\/www.fil-info-francophonie.com\/index.php?rest_route=%2Fwp%2Fv2%2Fcategories&post=300"},{"taxonomy":"post_tag","embeddable":true,"href":"https:\/\/www.fil-info-francophonie.com\/index.php?rest_route=%2Fwp%2Fv2%2Ftags&post=300"}],"curies":[{"name":"wp","href":"https:\/\/api.w.org\/{rel}","templated":true}]}}