{"id":297,"date":"2015-09-24T14:21:05","date_gmt":"2015-09-24T14:21:05","guid":{"rendered":"http:\/\/www.fil-info-francophonie.com\/?p=297"},"modified":"2018-06-20T14:46:41","modified_gmt":"2018-06-20T14:46:41","slug":"connaissez-vous-la-cathedrale-du-centenaire-protestant","status":"publish","type":"post","link":"https:\/\/www.fil-info-francophonie.com\/?p=297","title":{"rendered":"Connaissez-vous la Cath\u00e9drale du Centenaire Protestant ?"},"content":{"rendered":"<p>C&rsquo;est le plus grand \u00e9difice cultuel protestant francophone au monde. La visite de la Cath\u00e9drale du Centenaire Protestant, \u00e0 Kinshasa (Congo RDC) ne laisse pas indiff\u00e9rent, tant le gigantisme des volumes, alli\u00e9 \u00e0 la sobri\u00e9t\u00e9 toute protestante de la d\u00e9coration, invite \u00e0 m\u00e9diter. <\/p>\n<p>Face \u00e0 la tribune, rehauss\u00e9e d\u2019une grande croix d\u00e9pouill\u00e9e, pierre, ciment, bois, verre se conjuguent pour porter, sous un toit triangulaire bord\u00e9 de tribunes, une nef gigantesque : 7500 places assises y sont dispos\u00e9es. Les bancs en bois accueillent les protestants de Kinshasa et, au\u2010del\u00e0, toutes celles et tous ceux qui viennent pour se recueillir et assister \u00e0 un culte.<\/p>\n<p>Comment comprendre l\u2019ampleur architecturale et symbolique d\u2019un tel \u00e9difice dans l\u2019espace urbain kinois ? Il faudra un jour consacrer \u00e0 ce monument religieux la monographie qu\u2019il m\u00e9rite.<\/p>\n<p><strong>Prosp\u00e9rit\u00e9 post-coloniale du protestantisme en RDC<br \/>\n<\/strong><br \/>\nD\u00e9dicac\u00e9e en 1994 en pr\u00e9sence des plus hautes autorit\u00e9s congolaises, la Cath\u00e9drale du Centenaire Protestant \u00e0 Kinshasa illustre un fait social et religieux majeur au Congo RDC : la prosp\u00e9rit\u00e9 post-\u00adcoloniale du protestantisme. Le Congo RDC a pourtant \u00e9t\u00e9 colonis\u00e9 par une puissance europ\u00e9enne tr\u00e8s catholique, \u00e0 savoir la Belgique. Durant toute la p\u00e9riode coloniale, le roi L\u00e9opold, puis la tutelle belge dans son ensemble, ont fortement favoris\u00e9 le catholicisme, m\u00eame si le protestantisme a pu obtenir aussi droit de cit\u00e9 en terre congolaise. Par \u00ab effet boomerang\u00ab , cette situation privil\u00e9gi\u00e9e du catholicisme durant la douloureuse p\u00e9riode coloniale a jou\u00e9 contre lui, une fois la d\u00e9colonisation amorc\u00e9e.<\/p>\n<p>Les protestants, s\u2019appuyant sur leurs atouts propres, ont alors beaucoup b\u00e9n\u00e9fici\u00e9 d\u2019une image nationaliste. Le protestantisme, soutien du Congo libre ? Pas si simple \u00e9videmment. Il reste que cette posture post-coloniale a conduit le pouvoir de Mobutu a encourager la visibilit\u00e9 des \u00c9glises protestantes, rassembl\u00e9es pour la plupart, \u00e0 partir de 1970, dans l\u2019\u00c9glise du Christ au Congo (ECC), ensemble f\u00e9d\u00e9ratif analogue, en France, \u00e0 la F\u00e9d\u00e9ration Protestante de France. Apr\u00e8s une c\u00e9l\u00e9bration en grandes pompes du premier centenaire de la pr\u00e9sence protestante au Congo, en 1978, c\u2019est le pouvoir congolais (appel\u00e9 alors za\u00efrois) qui encourag\u00e9, main dans la main avec l\u2019ECC, la construction du plus grand \u00e9difice religieux jamais \u00e9rig\u00e9 en terre congolaise. Accompagn\u00e9e par le pasteur Itofo Bokambanza Bokeleale, pr\u00e9sident de l\u2019\u00c9glise du Christ au Congo, la construction a \u00e9t\u00e9 planifi\u00e9e au c\u0153ur de l\u2019espace politique et symbolique kinois : le nouveau b\u00e2timent, adoss\u00e9 \u00e0 l\u2019Universit\u00e9 Protestante au Congo, se situe en effet \u00e0 proximit\u00e9 imm\u00e9diate du Palais du Peuple (le parlement congolais), sur la prestigieuse Avenue triomphale que ch\u00e9rissait le pr\u00e9sident Mobutu.<\/p>\n<p>Alors que pr\u00e8s de 40% de la population se rattache aujourd\u2019hui au protestantisme dans ses diverses expressions, la Cath\u00e9drale du Centenaire \u00e0 Kinshasa constitue le symbole architectural d\u2019une nouvelle visibilit\u00e9 protestante francophone au c\u0153ur de la soci\u00e9t\u00e9\u2026 et de la politique congolaise. Le b\u00e2timent est en effet r\u00e9guli\u00e8rement investi pour des c\u00e9l\u00e9brations religieuses patriotiques (anniversaires de l\u2019ind\u00e9pendance), \u00e0 tel point que certains pasteurs s\u2019en inqui\u00e8tent un peu, souhaitant que l\u2019\u00e9difice reste \u00e0 l\u2019\u00e9cart des campagnes \u00e9lectorales. La Cath\u00e9drale reste en effet vou\u00e9e, d\u2019abord et avant tout, \u00e0 l\u2019expression d\u2019une spiritualit\u00e9 chr\u00e9tienne protestante port\u00e9e en particulier par la pr\u00e9dication et le chant.<\/p>\n<p>En\u2010dehors du culte dominical, chaque mercredi \u00e0 17h, un \u00ab culte d\u2019adoration \u00bb y est ainsi organis\u00e9, histoire de faire vivre semaine apr\u00e8s semaine, au c\u0153ur d\u2019une m\u00e9gapole africaine o\u00f9 se bousculent ambitions, espoirs et d\u00e9sillusions, l\u2019un des principes essentiels de la R\u00e9forme protestante : Soli Deo Gloria.<\/p>\n","protected":false},"excerpt":{"rendered":"<p>C&rsquo;est le plus grand \u00e9difice cultuel protestant francophone au monde. La visite de la Cath\u00e9drale du Centenaire Protestant, \u00e0 Kinshasa (Congo RDC) ne laisse pas indiff\u00e9rent, tant le gigantisme des volumes, alli\u00e9 \u00e0 la sobri\u00e9t\u00e9 toute protestante de la d\u00e9coration, invite \u00e0 m\u00e9diter. Face \u00e0 la tribune, rehauss\u00e9e d\u2019une grande croix d\u00e9pouill\u00e9e, pierre, ciment, bois, [&hellip;]<\/p>\n","protected":false},"author":3,"featured_media":298,"comment_status":"closed","ping_status":"closed","sticky":false,"template":"","format":"standard","meta":[],"categories":[1],"tags":[3,2],"_links":{"self":[{"href":"https:\/\/www.fil-info-francophonie.com\/index.php?rest_route=\/wp\/v2\/posts\/297"}],"collection":[{"href":"https:\/\/www.fil-info-francophonie.com\/index.php?rest_route=\/wp\/v2\/posts"}],"about":[{"href":"https:\/\/www.fil-info-francophonie.com\/index.php?rest_route=\/wp\/v2\/types\/post"}],"author":[{"embeddable":true,"href":"https:\/\/www.fil-info-francophonie.com\/index.php?rest_route=\/wp\/v2\/users\/3"}],"replies":[{"embeddable":true,"href":"https:\/\/www.fil-info-francophonie.com\/index.php?rest_route=%2Fwp%2Fv2%2Fcomments&post=297"}],"version-history":[{"count":2,"href":"https:\/\/www.fil-info-francophonie.com\/index.php?rest_route=\/wp\/v2\/posts\/297\/revisions"}],"predecessor-version":[{"id":333,"href":"https:\/\/www.fil-info-francophonie.com\/index.php?rest_route=\/wp\/v2\/posts\/297\/revisions\/333"}],"wp:featuredmedia":[{"embeddable":true,"href":"https:\/\/www.fil-info-francophonie.com\/index.php?rest_route=\/wp\/v2\/media\/298"}],"wp:attachment":[{"href":"https:\/\/www.fil-info-francophonie.com\/index.php?rest_route=%2Fwp%2Fv2%2Fmedia&parent=297"}],"wp:term":[{"taxonomy":"category","embeddable":true,"href":"https:\/\/www.fil-info-francophonie.com\/index.php?rest_route=%2Fwp%2Fv2%2Fcategories&post=297"},{"taxonomy":"post_tag","embeddable":true,"href":"https:\/\/www.fil-info-francophonie.com\/index.php?rest_route=%2Fwp%2Fv2%2Ftags&post=297"}],"curies":[{"name":"wp","href":"https:\/\/api.w.org\/{rel}","templated":true}]}}