{"id":294,"date":"2015-09-29T14:19:04","date_gmt":"2015-09-29T14:19:04","guid":{"rendered":"http:\/\/www.fil-info-francophonie.com\/?p=294"},"modified":"2018-06-20T14:46:23","modified_gmt":"2018-06-20T14:46:23","slug":"former-des-laics-pour-la-prise-en-charge-de-leglise","status":"publish","type":"post","link":"https:\/\/www.fil-info-francophonie.com\/?p=294","title":{"rendered":"\u00ab Former des la\u00efcs pour la prise en charge de l\u2019\u00c9glise \u00bb"},"content":{"rendered":"<p>Interview du Professeur Honor\u00e9 Muenyi, secr\u00e9taire acad\u00e9mique de la Facult\u00e9 de th\u00e9ologie et responsable du d\u00e9partement de th\u00e9ologie pratique \u00e0 l&rsquo;Universit\u00e9 Protestante au Congo (UPC). <\/p>\n<p><strong>Vous \u00eates sp\u00e9cialiste de th\u00e9ologie pratique. Quelle est aujourd\u2019hui votre priorit\u00e9 en tant que formateur ?<br \/>\n<\/strong><br \/>\nEn th\u00e9ologie pratique, notre d\u00e9sir est d\u2019abord de former des la\u00efcs. C\u2019est une grande pr\u00e9occupation pour nous dans le contexte de l\u2019Eglise au Congo RDC. Quand les missionnaires sont arriv\u00e9s, leur objectif, c\u2019\u00e9tait la conversion des \u00e2mes, et implanter l\u2019Eglise l\u00e0 o\u00f9 elle n\u2019existait pas. Cela fut une r\u00e9ussite. Nous sommes le produit de l\u2019\u00c9glise missionnaire aujourd\u2019hui, et il y a beaucoup de fruits. Mais le gros du travail s\u2019appuyait sur le p\u00f4le des pasteurs. Ce sont eux qui faisaient fonctionner l\u2019ensemble. Les \u00c9glises congolaises pensaient que sans les pasteurs, l\u2019\u00c9glise ne pouvait pas survivre. Il faut mentionner aussi, \u00e0 leur c\u00f4t\u00e9, les cat\u00e9chistes, qui ont jou\u00e9 un r\u00f4le consid\u00e9rable. En-dehors de cela, il n\u2019y avait presqu\u2019aucune formation des la\u00efcs dans les paroisses. Il est tr\u00e8s important de rem\u00e9dier \u00e0 cela. Aujourd\u2019hui, apr\u00e8s plus de 100 ans d\u2019\u00e9vang\u00e9lisation, les pasteurs \u00e9trangers ne sont plus l\u00e0, les \u00e9glises se sont multipli\u00e9es. Il ne faut pas juste des pasteurs, il faut \u00e9quiper les la\u00efcs. Pour l\u2019instant nous ne le faisons pas assez.<\/p>\n<p><strong>Quels sont vos principes d\u2019action ?<br \/>\n<\/strong><br \/>\nNous devons travailler en coresponsabilit\u00e9 pour former des la\u00efcs capables de r\u00e9pondre \u00e0 leur vocation comme chr\u00e9tiens. C\u2019est la vocation de l\u2019Eglise, la vocation commune pour tous les chr\u00e9tiens. Nous sommes coresponsables ! Nous devons former les la\u00efcs pour la prise en charge de l\u2019\u00c9glise. Servir l\u2019\u00c9glise dans l\u2019exercice des diff\u00e9rents minist\u00e8res. Nous sommes protestants, et nous croyons donc dans le principe du sacerdoce universel. Tous les la\u00efcs, y compris les femmes et les jeunes, doivent b\u00e2tir l\u2019\u00c9glise, et pouvoir \u00eatre mieux form\u00e9s pour cela.<\/p>\n<p><strong>D\u2019apr\u00e8s-vous, est-ce d\u2019abord \u00e0 l\u2019int\u00e9rieur des \u00c9glises protestantes que ce r\u00f4le des la\u00efcs doit se voir ?<br \/>\n<\/strong><br \/>\nNon, au contraire. Il doit y avoir bien-s\u00fbr un impact sur l\u2019\u00c9glise. Mais la formation des la\u00efcs leur permet aussi et surtout d\u2019\u00eatre plus pr\u00e9sent, en tant que chr\u00e9tien protestant, dans les domaines de l\u2019\u00e9conomie, de la politique. Il faut accompagner la formation des la\u00efcs congolais pour servir dans tous ces domaines. Les la\u00efcs chr\u00e9tiens sont tr\u00e8s nombreux dans les divers secteurs de la vie sociale, \u00e9conomique et politique. Il faut mieux les pr\u00e9parer \u00e0 \u00eatre la pr\u00e9sence de l\u2019Eglise dans le secteur \u00e9conomique, politique et culturel. N\u2019oublions pas que les pasteurs sont souvent clo\u00eetr\u00e9s dans l\u2019\u00c9glise, c\u2019est l\u00e0 qu\u2019ils exercent. C\u2019est leur domaine. Les la\u00efcs, eux, sont dans le monde, bien plus que les pasteurs. Il faut les pr\u00e9parer.<\/p>\n<p><strong>Sur quels outils protestants francophones vous appuyez-vous \u00e0 l\u2019UPC ?<br \/>\n<\/strong><br \/>\nNous manquons toujours d\u2019outils en cat\u00e9ch\u00e8se francophone protestante. Des m\u00e9thodes qui soient adapt\u00e9es dans le contexte africain. Pour la r\u00e9alit\u00e9 de notre vie quotidienne en Afrique. Alors on se d\u00e9brouille, on r\u00e9cup\u00e8re de maigres outils par ci-par-l\u00e0. Nous esp\u00e9rons des progr\u00e8s dans les ann\u00e9es \u00e0 venir. Il y a, \u00e0 vrai dire, beaucoup de mat\u00e9riaux catholiques, aux \u00e9ditions Lumen Vitae, c\u2019est de la cat\u00e9ch\u00e8se francophone que nous utilisons car elle est disponible et de qualit\u00e9. J\u2019observe que les protestants francophones publient beaucoup moins.<\/p>\n","protected":false},"excerpt":{"rendered":"<p>Interview du Professeur Honor\u00e9 Muenyi, secr\u00e9taire acad\u00e9mique de la Facult\u00e9 de th\u00e9ologie et responsable du d\u00e9partement de th\u00e9ologie pratique \u00e0 l&rsquo;Universit\u00e9 Protestante au Congo (UPC). Vous \u00eates sp\u00e9cialiste de th\u00e9ologie pratique. Quelle est aujourd\u2019hui votre priorit\u00e9 en tant que formateur ? En th\u00e9ologie pratique, notre d\u00e9sir est d\u2019abord de former des la\u00efcs. C\u2019est une grande [&hellip;]<\/p>\n","protected":false},"author":3,"featured_media":295,"comment_status":"closed","ping_status":"closed","sticky":false,"template":"","format":"standard","meta":[],"categories":[1],"tags":[3,2],"_links":{"self":[{"href":"https:\/\/www.fil-info-francophonie.com\/index.php?rest_route=\/wp\/v2\/posts\/294"}],"collection":[{"href":"https:\/\/www.fil-info-francophonie.com\/index.php?rest_route=\/wp\/v2\/posts"}],"about":[{"href":"https:\/\/www.fil-info-francophonie.com\/index.php?rest_route=\/wp\/v2\/types\/post"}],"author":[{"embeddable":true,"href":"https:\/\/www.fil-info-francophonie.com\/index.php?rest_route=\/wp\/v2\/users\/3"}],"replies":[{"embeddable":true,"href":"https:\/\/www.fil-info-francophonie.com\/index.php?rest_route=%2Fwp%2Fv2%2Fcomments&post=294"}],"version-history":[{"count":2,"href":"https:\/\/www.fil-info-francophonie.com\/index.php?rest_route=\/wp\/v2\/posts\/294\/revisions"}],"predecessor-version":[{"id":332,"href":"https:\/\/www.fil-info-francophonie.com\/index.php?rest_route=\/wp\/v2\/posts\/294\/revisions\/332"}],"wp:featuredmedia":[{"embeddable":true,"href":"https:\/\/www.fil-info-francophonie.com\/index.php?rest_route=\/wp\/v2\/media\/295"}],"wp:attachment":[{"href":"https:\/\/www.fil-info-francophonie.com\/index.php?rest_route=%2Fwp%2Fv2%2Fmedia&parent=294"}],"wp:term":[{"taxonomy":"category","embeddable":true,"href":"https:\/\/www.fil-info-francophonie.com\/index.php?rest_route=%2Fwp%2Fv2%2Fcategories&post=294"},{"taxonomy":"post_tag","embeddable":true,"href":"https:\/\/www.fil-info-francophonie.com\/index.php?rest_route=%2Fwp%2Fv2%2Ftags&post=294"}],"curies":[{"name":"wp","href":"https:\/\/api.w.org\/{rel}","templated":true}]}}