{"id":258,"date":"2015-07-16T12:25:00","date_gmt":"2015-07-16T12:25:00","guid":{"rendered":"http:\/\/www.fil-info-francophonie.com\/?p=258"},"modified":"2015-08-03T12:33:43","modified_gmt":"2015-08-03T12:33:43","slug":"anna-teko-la-voix-gospel-qui-decloisonne","status":"publish","type":"post","link":"https:\/\/www.fil-info-francophonie.com\/?p=258","title":{"rendered":"Anna Teko, la voix Gospel qui d\u00e9cloisonne"},"content":{"rendered":"<p>Trajectoire d\u2019une chanteuse qui, entre <strong>B\u00e9nin<\/strong>, <strong>France<\/strong> et <strong>Cara\u00efbes<\/strong>, bouscule les barri\u00e8res confessionnelles.<\/p>\n<p>&nbsp;<\/p>\n<p><!--more--><\/p>\n<p>Le Gospel brise les cha\u00eenes ? Derri\u00e8re le slogan, il faut temp\u00e9rer, et rappeler que la musique n&rsquo;est pas toujours un facteur de d\u00e9cloisonnement. Elle peut aussi jouer aussi le r\u00f4le de refuge identitaire, voire de box individuel o\u00f9 l&rsquo;on se cache de l&rsquo;ext\u00e9rieur. Rien de moins reli\u00e9 que ces usagers du m\u00e9tro qui partagent un wagon, mais coup\u00e9s des autres dans l&rsquo;\u00e9coute individuelle de la musique diffus\u00e9e dans leur casque !<\/p>\n<p>Mais avec la musique Gospel chant\u00e9e par la B\u00e9ninoise Anna Teko, on se situe aux antipodes de ces logiques de \u00ab\u00a0niche priv\u00e9e\u00a0\u00bb. S&rsquo;il est bien une caract\u00e9ristique indiscutable que l&rsquo;on peut d\u00e9gager de son r\u00e9pertoire et son parcours, c&rsquo;est la propension au lien, \u00e0 la rencontre. La musique d&rsquo;Anna Teko, \u00ab\u00a0chantre de l&rsquo;Eternel\u00a0\u00bb, se d\u00e9ploie en trait d&rsquo;union dans trois espaces diff\u00e9rents : celui de l&rsquo;Atlantique, entre Cara\u00efbes et B\u00e9nin, celui du paysage chr\u00e9tien, entre \u00e9tiquettes confessionnelles, et celui du terrain national b\u00e9ninois au sein duquel elle a affirm\u00e9 son remarquable talent vocal.<br \/>\n&nbsp;<br \/>\n<strong>Trait d&rsquo;union entre Cara\u00efbes et B\u00e9nin<\/strong><\/p>\n<p>Elle na\u00eet en 1982 au B\u00e9nin au sein d&rsquo;une famille de 31 enfants n\u00e9s d&rsquo;un p\u00e8re et de cinq \u00e9pouses. Tr\u00e8s vite rep\u00e9r\u00e9e pour ses aptitudes de chant exceptionnelles, Anna Teko n&rsquo;est pas un grand gabarit par la taille. En revanche, la voix de cette chr\u00e9tienne b\u00e9ninoise pieuse et forte de la r\u00e9gion de Lokossa n&rsquo;a rien \u00e0 envier aux plus grandes en mati\u00e8re d&rsquo;intensit\u00e9, d&rsquo;ampleur et de sensibilit\u00e9. Elle obtient un prix UNESCO \u00e0 Cotonou pour une chanson d\u00e8s 1997. Entour\u00e9e de musiciens, elle brille ensuite dans plusieurs com\u00e9dies musicales. Gr\u00e2ce \u00e0 une bourse octroy\u00e9e par l&rsquo;Etat b\u00e9ninois, elle travaille ses talents \u00e0 l&rsquo;\u00e9cole ATLA en France, durant deux ans (1). Revenue au B\u00e9nin, elle ne cesse de perfectionner sa technique et ses registres.<\/p>\n<p>L&rsquo;Atlantique ne lui fait pas peur ! Elle s\u2019installe en Martinique en 2009 pour suivre son mari martiniquais. D\u00e8s son arriv\u00e9e dans l\u2019\u00eele, le public d\u00e9couvre avec int\u00e9r\u00eat sa voix intense et pleine d&rsquo;\u00e9motion. Tr\u00e8s vite, elle devient populaire, est invit\u00e9e \u00e0 la t\u00e9l\u00e9vision, remplit les salles, le public carib\u00e9en l&rsquo;adopte et la pl\u00e9biscite. Son premier album solo, \u00ab\u00a0Ta douce voix\u00a0\u00bb (2010) reste en t\u00eate des meilleures ventes de musique aux Antilles \u00ab\u00a0pendant plus d&rsquo;un an\u00a0\u00bb, d&rsquo;apr\u00e8s le site de l&rsquo;artiste. Titr\u00e9 d&rsquo;un prix SACEM en 2011, il est suivi en 2012 de l&rsquo;album \u00ab\u00a0Mon miracle\u00a0\u00bb, qui conna\u00eet un retentissement encore plus grand et se vend bien aussi en France m\u00e9tropolitaine. Enregistr\u00e9 au B\u00e9nin, son troisi\u00e8me album \u00ab\u00a0Totale adoration\u00a0\u00bb (2014) suivra-t-il le m\u00eame chemin ? Il semble que oui d&rsquo;apr\u00e8s a popularit\u00e9 croissante de la chanteuse au B\u00e9nin, son pays natal. Sa trajectoire entre B\u00e9nin, France et Cara\u00efbes n&rsquo;est pas seulement g\u00e9ographique : elle est affective, culturelle, artistique, et se refl\u00e8te dans ses chansons, o\u00f9 les langues b\u00e9ninoises, fran\u00e7aise et cr\u00e9ole se c\u00f4toient.<br \/>\n&nbsp;<br \/>\n<strong>Trait d&rsquo;union entre confessions<\/strong><\/p>\n<p>Trait d&rsquo;union transatlantique, la musique d&rsquo;Anna Teko bouscule aussi les barri\u00e8res confessionnelles. Chr\u00e9tienne \u00ab\u00a0born-again\u00a0\u00bb, la \u00ab\u00a0chantre de l&rsquo;Eternel\u00a0\u00bb la plus c\u00e9l\u00e8bre du B\u00e9nin ne plaide pas pour une \u00e9tiquette confessionnelle particuli\u00e8re. Dans \u00ab\u00a0Il est merveilleux\u00a0\u00bb, tir\u00e9 de l&rsquo;album \u00ab\u00a0Mon miracle\u00a0\u00bb (2012), elle unit \u00ab\u00a0les catholiques\u00a0\u00bb, \u00ab\u00a0les adventistes\u00a0\u00bb, les \u00ab\u00a0chr\u00e9tiens c\u00e9lestes\u00a0\u00bb, les \u00ab\u00a0\u00e9vang\u00e9liques\u00a0\u00bb, \u00ab\u00a0les pentec\u00f4tistes\u00a0\u00bb dans une m\u00eame louange.<\/p>\n<p>\u00ab\u00a0Tu n&rsquo;as pas raison\u00a0\u00bb est un de ses \u00ab\u00a0tubes\u00a0\u00bb les plus populaires. Tir\u00e9 du m\u00eame album \u00ab\u00a0Mon miracle\u00a0\u00bb, il s&rsquo;adresse \u00e0 un chr\u00e9tien sectaire, prompt \u00e0 juger selon l&rsquo;\u00e9tiquette. Anna Teko le rabroue par ces paroles directes : \u00ab\u00a0Tu n&rsquo;as pas raison, Juger pour une diff\u00e9rence, de confession d&rsquo;appartenance&#8230; C&rsquo;est le m\u00eame Dieu que nous prions, Tu n&rsquo;as pas raison\u00a0\u00bb.<br \/>\n&nbsp;<br \/>\n<strong>Trait d&rsquo;union entre B\u00e9ninois<\/strong><\/p>\n<p>Cette app\u00e9tence pour le rapprochement interconfessionnel explique-t-elle pourquoi Anna Teko se voit de plus en plus sollicit\u00e9e pour encourager les B\u00e9ninois \u00e0 la concorde ? Dans un contexte politique un peu troubl\u00e9, la chanteuse se trouve aujourd&rsquo;hui en premi\u00e8re ligne pour d\u00e9fendre la concorde et la participation d\u00e9mocratique de tous. Dans un pays fortement marqu\u00e9 par l&rsquo;\u00e9vang\u00e9lisme (2), Anna Teko est une voix respect\u00e9e. S&rsquo;inscrivant dans une sorte de \u00ab\u00a0religion civile\u00a0\u00bb \u00e0 connotation chr\u00e9tienne o\u00f9 la chanteuse entend promouvoir les notions de pardon, d&rsquo;int\u00e9grit\u00e9 et d&rsquo;humilit\u00e9, elle a \u00e9t\u00e9 d\u00e9crite, sur le site Evang\u00e9lique-info, comme l&rsquo;interpr\u00e8te Gospel qui \u00ab\u00a0lance les pr\u00e9sidentielles 2016 au B\u00e9nin\u00a0\u00bb, suite \u00e0 la pr\u00e9sentation de son single \u00ab\u00a0Le choix de Dieu\u00a0\u00bb \u00e0 Cotonou, en avril 2015(3). L&rsquo;expression est un peu forte&#8230;.<\/p>\n<p>Mais il est vrai que la chanteuse b\u00e9ninoise est une des voix qui s&rsquo;attache \u00e0 incarner aujourd&rsquo;hui, dans l&rsquo;espace public, une forme d&rsquo;unit\u00e9 nationale m\u00e9ta-ethnique, comme l&rsquo;illustre le succ\u00e8s naissant, sur YouTube, de son duo avec le chanteur b\u00e9ninois Kalamoulaye. Intitul\u00e9 \u00ab\u00a0Le chemin du B\u00e9nin\u00a0\u00bb, il exalte l&rsquo;unit\u00e9 du Nord et du Sud et l&rsquo;exercice du vote d\u00e9mocratique. De la \u00ab\u00a0voix\u00a0\u00bb chant\u00e9e \u00e0 la \u00ab\u00a0voix\u00a0\u00bb dans les urnes&#8230;<\/p>\n<p>&nbsp;<br \/>\n(1) Cette exp\u00e9rience est \u00e9voqu\u00e9e dans un documentaire scandinave, <em>Anna from Benin <\/em>(par Monique Phoba, 2000, Kroma Productions Ltd).<\/p>\n<p>(2) Voir C\u00e9dric Mayrargue, \u00ab\u00a0Les christianismes contemporains au B\u00e9nin au d\u00e9fi de la pluralisation\u00a0\u00bb, <em>Afrique Contemporaine<\/em>, n\u00b0252, 2015, p.91 \u00e0 208.<\/p>\n<p>(3) \u00ab\u00a0Une chanteuse de gospel lance les pr\u00e9sidentielles 2016 au B\u00e9nin\u00a0\u00bb, site <em>Evang\u00e9liques-info<\/em>, post\u00e9 le 8 avril 2015.<\/p>\n","protected":false},"excerpt":{"rendered":"<p>Trajectoire d\u2019une chanteuse qui, entre B\u00e9nin, France et Cara\u00efbes, bouscule les barri\u00e8res confessionnelles. &nbsp;<\/p>\n","protected":false},"author":3,"featured_media":259,"comment_status":"closed","ping_status":"closed","sticky":false,"template":"","format":"standard","meta":[],"categories":[1],"tags":[3,2],"_links":{"self":[{"href":"https:\/\/www.fil-info-francophonie.com\/index.php?rest_route=\/wp\/v2\/posts\/258"}],"collection":[{"href":"https:\/\/www.fil-info-francophonie.com\/index.php?rest_route=\/wp\/v2\/posts"}],"about":[{"href":"https:\/\/www.fil-info-francophonie.com\/index.php?rest_route=\/wp\/v2\/types\/post"}],"author":[{"embeddable":true,"href":"https:\/\/www.fil-info-francophonie.com\/index.php?rest_route=\/wp\/v2\/users\/3"}],"replies":[{"embeddable":true,"href":"https:\/\/www.fil-info-francophonie.com\/index.php?rest_route=%2Fwp%2Fv2%2Fcomments&post=258"}],"version-history":[{"count":3,"href":"https:\/\/www.fil-info-francophonie.com\/index.php?rest_route=\/wp\/v2\/posts\/258\/revisions"}],"predecessor-version":[{"id":262,"href":"https:\/\/www.fil-info-francophonie.com\/index.php?rest_route=\/wp\/v2\/posts\/258\/revisions\/262"}],"wp:featuredmedia":[{"embeddable":true,"href":"https:\/\/www.fil-info-francophonie.com\/index.php?rest_route=\/wp\/v2\/media\/259"}],"wp:attachment":[{"href":"https:\/\/www.fil-info-francophonie.com\/index.php?rest_route=%2Fwp%2Fv2%2Fmedia&parent=258"}],"wp:term":[{"taxonomy":"category","embeddable":true,"href":"https:\/\/www.fil-info-francophonie.com\/index.php?rest_route=%2Fwp%2Fv2%2Fcategories&post=258"},{"taxonomy":"post_tag","embeddable":true,"href":"https:\/\/www.fil-info-francophonie.com\/index.php?rest_route=%2Fwp%2Fv2%2Ftags&post=258"}],"curies":[{"name":"wp","href":"https:\/\/api.w.org\/{rel}","templated":true}]}}