{"id":1257,"date":"2025-12-28T15:43:00","date_gmt":"2025-12-28T15:43:00","guid":{"rendered":"https:\/\/www.fil-info-francophonie.com\/?p=1257"},"modified":"2025-12-29T15:45:48","modified_gmt":"2025-12-29T15:45:48","slug":"burkina-faso-lactualite-de-loffice-de-developpement-des-eglises-evangeliques-ode","status":"publish","type":"post","link":"https:\/\/www.fil-info-francophonie.com\/?p=1257","title":{"rendered":"Burkina Faso : l&rsquo;actualit\u00e9 de l&rsquo;Office de D\u00e9veloppement des Eglises Evang\u00e9liques (ODE)"},"content":{"rendered":"\n<p>Projets agricoles, solidaires, aide aux nombreuses personnes d\u00e9plac\u00e9es&#8230; Le secr\u00e9taire ex\u00e9cutif de l&rsquo;ODE, Alain Backo, rencontr\u00e9 le 5 d\u00e9cembre 2025, nous en dit plus.<\/p>\n\n\n\n<p><em>Au Burkina Faso, l\u2019Office de D\u00e9veloppement des \u00c9glises \u00c9vang\u00e9liques (ODE), repr\u00e9sentatif de toutes les sensibilit\u00e9s chr\u00e9tiennes protestantes du pays, brasse aujourd\u2019hui deux milliards de francs CFA pour son budget annuel. Autant de ressources mises \u00e0 contribution pour financer des projets agricoles, solidaires, et venir en aide aux nombreuses personnes d\u00e9plac\u00e9es. Rencontre avec Alain Bako, secr\u00e9taire ex\u00e9cutif de l\u2019ODE.<\/em><\/p>\n\n\n\n<h3 class=\"wp-block-heading\">1\/ Bonjour Alain Backo, merci de vous pr\u00e9senter<\/h3>\n\n\n\n<p>Je m\u2019appelle Alain Backo, je suis ing\u00e9nieur de d\u00e9veloppement rural, option \u00e9levage de formation. Au Burkina Faso, je suis le secr\u00e9taire ex\u00e9cutif de l\u2019Office de D\u00e9veloppement des \u00c9glises \u00e9vang\u00e9liques (ODE) depuis mars 2022. Je rappelle que l\u2019ODE, fond\u00e9e en 1972, d\u00e9pend de la FEME (F\u00e9d\u00e9ration des \u00c9glises et Missions \u00c9vang\u00e9liques), notre grande organisation fa\u00eeti\u00e8re, est compos\u00e9e de 14 d\u00e9nominations et de 5 missions, et quand on est \u00e0 son service, on ne doit pas s\u2019attacher \u00e0 sa d\u00e9nomination d\u2019origine mais servir tout le corps de Christ.<\/p>\n\n\n\n<h3 class=\"wp-block-heading\">2\/ En dix ans, quelles sont les principales \u00e9volutions de l\u2019ODE&nbsp;?<\/h3>\n\n\n\n<p>Sur le plan budg\u00e9taire, la maison a \u00e9volu\u00e9. On \u00e9tait autour d\u2019un milliard de Francs CFA de budget (\u00e9quivalent de plus d\u20191,5 millions d\u2019euros de budget, ndlr). Nous avons atteint aujourd\u2019hui deux milliards de budget annuel (\u00e9quivalent de plus de 3 millions d\u2019euros). L\u2019ODE a d\u00e9cid\u00e9 de renforcer la mobilisation des ressources locales pour son \u0153uvre.<\/p>\n\n\n\n<figure class=\"wp-block-image\"><img decoding=\"async\" src=\"https:\/\/regardsprotestants.com\/wp-content\/uploads\/2025\/12\/ODE-Batiment-Ouagadougou-1200x700.jpg\" alt=\"\"\/><\/figure>\n\n\n\n<blockquote class=\"wp-block-quote\">\n<p>Nous avons de plus en plus de projets qui g\u00e9n\u00e8rent des ressources locales, et je constate que dans les temps de d\u00e9fis que nous vivons au Burkina Faso, l\u2019\u00e9glise intervient de plus en plus fortement pour son \u0153uvre sociale. C\u2019est sur cette dynamique que nous sommes aujourd\u2019hui.<\/p>\n<\/blockquote>\n\n\n\n<p>Nous avons un plan strat\u00e9gique avec huit axes d\u2019intervention. Le premier, c\u2019est un travail sur le renforcement de la s\u00e9curit\u00e9 alimentaire et nutritionnelle. Puis nous d\u00e9fendons aussi la promotion des activit\u00e9s g\u00e9n\u00e9ratrices de revenus, par l\u2019entreprenariat agricole des petits producteurs; ensuite, nous recherchons \u00e0 valoriser et encourager la bonne gouvernance. Le renforcement de la r\u00e9silience des communaut\u00e9s face aux chocs (climatique, s\u00e9curitaire), ainsi que l\u2019am\u00e9lioration des positions sociales des plus plus vuln\u00e9rables, vont de pair avec l\u2019accompagnement des \u00c9glises locales dans la promotion des droits humains. L\u2019axe 7 vise ensuite \u00e0 l\u2019am\u00e9lioration de l\u2019autonomie et de la gestion des ressources de l\u2019ODE. Enfin, plus en interne, nous recherchons \u00e0 am\u00e9liorer notre gestion des Ressources Humaines.<\/p>\n\n\n\n<figure class=\"wp-block-image\"><img decoding=\"async\" src=\"https:\/\/regardsprotestants.com\/wp-content\/uploads\/2025\/12\/Capture-decran-2025-12-22-124622-1024x700.jpg\" alt=\"\"\/><\/figure>\n\n\n\n<h2 class=\"wp-block-heading\">\u00ab&nbsp;L\u2019humanitaire a pris une place tr\u00e8s importante dans nos activit\u00e9s&nbsp;\u00bb<\/h2>\n\n\n\n<p>Le personnel de l\u2019ODE a nettement augment\u00e9 ces dix derni\u00e8res ann\u00e9es. Nous sommes aujourd\u2019hui 78 personnes, en tant qu\u2019agents salari\u00e9s. Nous intervenons sur 12 r\u00e9gions sur les 13 au Burkina Faso o\u00f9 nous avons des actions. L\u2019humanitaire a pris une part tr\u00e8s importante dans nos activit\u00e9s actuellement, afin de venir en aide aux populations d\u00e9plac\u00e9es par la guerre contre le terrorisme (2). Les circonstances \u00e9voluent, mais la mission n\u2019a pas chang\u00e9, il s\u2019agit toujours de travailler \u00e0 la restauration de la dignit\u00e9 humaine. En mati\u00e8re de strat\u00e9gie, nous avons d\u00e9sormais des communaut\u00e9s partenaires entreprenantes, disposant des connaissances, outils et m\u00e9thodes pour mobiliser des ressources suffisantes pour le d\u00e9veloppement int\u00e9gral.<\/p>\n\n\n\n<h3 class=\"wp-block-heading\">3\/ Observez-vous, ou non, une croissance des partenariats sud sud&nbsp;?<\/h3>\n\n\n\n<p>Actuellement, nous avons tiss\u00e9 un lien assez fort avec CREDO, une grande ONG nationale du Burkina, protestante elle-aussi. Elle a \u00e9t\u00e9 fond\u00e9e par Mo\u00efse Napon. Des sessions trimestrielles de travail et d\u2019\u00e9change ont \u00e9t\u00e9 mises en place pour nous renforcer mutuellement. Nous avons aussi des partenariat avec d\u2019autres organisations comme la West African Regional Alliance, WARA. Nous nous retrouvons r\u00e9guli\u00e8rement, entre ONGs chr\u00e9tiennes du Burkina, du B\u00e9nin, du Tchad, de Sierra Leone, avec un de nos partenaires qui lui, est n\u00e9erlandais. Le SPONG, le secr\u00e9tariat permanent des ONG du Burkina Faso (cr\u00e9\u00e9 en 1974), fait partie de ce r\u00e9seau, assez ouvert. A moyen ou long terme, nous souhaitons d\u00e9velopper les relations Sud-Sud, c\u2019est un vrai sujet pour nous.<\/p>\n\n\n\n<h3 class=\"wp-block-heading\">4\/ Qu\u2019en est-il aujourd\u2019hui des relations entre les autorit\u00e9s et l\u2019ODE ?<\/h3>\n\n\n\n<p>Les \u00c9glises \u00e9vang\u00e9liques, comme les autres d\u00e9nominations, notamment les catholiques, les musulmans, les autorit\u00e9s coutumi\u00e8res, b\u00e9n\u00e9ficient d\u2019une bonne \u00e9coute de la part des autorit\u00e9s. Les instances coutumi\u00e8res religieuses sont bien respect\u00e9es, bien \u00e9cout\u00e9es par le pouvoir, c\u2019est une tradition au Burkina. A cause de leur int\u00e9grit\u00e9, et du fait qu\u2019ils \u00e9vitent de s\u2019immiscer directement dans les affaires politiques, les responsables religieux sont consult\u00e9s par les autorit\u00e9s politiques. Comme nous somme le bras social de la FEME (2), nous profitons de cette \u00e9coute l\u00e0 pour faire avancer nos projets. Nous ne b\u00e9n\u00e9ficions pas d\u2019un traitement de faveur, mais nous jouissons d\u2019une relation tr\u00e8s solide. Nous pouvons compter sur beaucoup de consid\u00e9ration et de reconnaissance de la part de l\u2019\u00c9tat du Faso. Le pr\u00e9sident du Faso a m\u00eame promu l\u2019ODE, ce 4 avril 2025, au grade d\u2019officier de l\u2019Ordre de l\u2019Etalon (\u00e9quivalent de la L\u00e9gion d\u2019Honneur, en France, ndlr) . C\u2019est un grand honneur pour l\u2019ODE.<\/p>\n\n\n\n<figure class=\"wp-block-image\"><img decoding=\"async\" src=\"https:\/\/regardsprotestants.com\/wp-content\/uploads\/2025\/12\/20251205_174624-1024x576.jpg\" alt=\"\"\/><\/figure>\n\n\n\n<h3 class=\"wp-block-heading\">5\/ Quel regard portez-vous actuellement sur la francophonie africaine ?<\/h3>\n\n\n\n<p>La francophonie africaine vit un temps de crises sociales qui conduisent les gens \u00e0 rechercher un ancrage spirituel, \u00e0 chercher Dieu. Le mouvement \u00e9vang\u00e9lique francophone a pris beaucoup d\u2019ampleur. Aujourd\u2019hui, beaucoup de cadres sup\u00e9rieurs \u00e9vang\u00e9liques, tr\u00e8s engag\u00e9s dans l\u2019\u0153uvre, se battent aux c\u00f4t\u00e9s des pasteurs pour le bien commun. On observe une multiplication des \u00e9coles de formation biblique, qui ont donn\u00e9 beaucoup de possibilit\u00e9s. &nbsp;De nombreux la\u00efcs burkinab\u00e9s, hommes et femmes, &nbsp;se forment, s\u2019informent. ll y a &nbsp;beaucoup plus d\u2019engagement aujourd\u2019hui. On assiste aussi \u00e0 la naissance et au d\u00e9veloppement des \u00c9glises ind\u00e9pendantes, pas rattach\u00e9es aux \u00e9glises de mission. Ces minist\u00e8res sont dynamiques, d\u00e9centralis\u00e9s, francophones, et ils portent du fruit.<\/p>\n\n\n\n<h2 class=\"wp-block-heading\">\u00ab&nbsp;Nos \u0153uvres b\u00e9n\u00e9ficient plus aux musulmans qu\u2019aux chr\u00e9tiens&nbsp;\u00bb<\/h2>\n\n\n\n<h3 class=\"wp-block-heading\">6\/ Pour conclure, quels sont les principaux d\u00e9fis auxquels l\u2019ODE fait face ?<\/h3>\n\n\n\n<p>Le premier d\u00e9fi, c\u2019est l\u2019ancrage au sein de l\u2019\u00c9glise. Nous voulons un plus fort ancrage. Il faut que l\u2019\u00c9glise porte son \u0153uvre sociale au Burkina. Cela fait partie de sa mission. Elle le fait d\u00e9j\u00e0, mais elle peut faire davantage. Nous avons commenc\u00e9 \u00e0 sensibiliser les communaut\u00e9s mais nous pensons qu\u2019il faut l\u2019intensifier.<\/p>\n\n\n\n<p>Un second d\u00e9fi, c\u2019est de poursuivre le d\u00e9veloppement et l\u2019autonomisation de nos ressources locales. L\u2019autonomie alimentaire est un enjeu strat\u00e9gique. Depuis 2021-22, l\u2019O.D.E. a ainsi financ\u00e9, avec une aide allemande, un programme de recherche de trois ans, le Programme d\u2019Appui \u00e0 la R\u00e9silience et \u00e0 l\u2019Innovation en Agro\u00e9cologie, \u00e0 Kourweogo-Nayala (PARI-KN). Il a port\u00e9 sur les semences locales pr\u00e9coces des vari\u00e9t\u00e9s de sorgho (3) et du ni\u00e9b\u00e9, et a donn\u00e9 de tr\u00e8s bons r\u00e9sultats. Il a \u00e9t\u00e9 appr\u00e9ci\u00e9 par le gouvernement.<\/p>\n\n\n\n<p>Un troisi\u00e8me d\u00e9fi, c\u2019est la visibilit\u00e9. Pendant longtemps, nous avons mis en pratique le pr\u00e9cepte biblique, \u00ab&nbsp;ce que ta main droite fait, ta main gauche ne doit pas le savoir&nbsp;\u00bb. Mais cet exc\u00e8s de discr\u00e9tion peut faire du tort. Le bras social doit quand m\u00eame \u00eatre connu. Il ne s\u2019agit pas de se vanter, mais d\u2019informer sur l\u2019\u0153uvre de Dieu au service d\u2019un meilleur bien-\u00eatre des personnes et des communaut\u00e9s. Internet et les r\u00e9seaux sociaux ouvrent de grandes opportunit\u00e9s pour des structures comme les n\u00f4tres (4). Nos \u0153uvres ne sont pas pour les chr\u00e9tiens seulement, mais pour tous ! Elles b\u00e9n\u00e9ficient m\u00eame plus aux musulmans qu\u2019aux chr\u00e9tiens, en proportion. En dehors de la proclamation de l\u2019\u00c9vangile, il y a des \u0153uvres qui d\u00e9montrent l\u2019amour de Dieu pour l\u2019humain, sans distinction aucune, et il est bon que ce soit connu.<\/p>\n\n\n\n<p>(1) Depuis fin 2015, le Burkina Faso est victime d\u2019une offensive djihadiste meurtri\u00e8re, conduite par l\u2019\u00c9tat Islamique au Sahel et les JNIM (affili\u00e9s \u00e0 Al Qaeda).<\/p>\n\n\n\n<p>(2) La F\u00e9d\u00e9ration des \u00c9glises et Missions \u00c9vang\u00e9liques (FEME) du Burkina Faso a \u00e9t\u00e9 fond\u00e9e en 1961.<\/p>\n\n\n\n<p>(3) Ces recherches sur les types de semences de sorgho ont \u00e9t\u00e9 publi\u00e9es dans une revue scientifique : Clarisse Pulch\u00e9rie Kondombo,&nbsp; Pierre Kabor\u00e9, et alii, <a href=\"https:\/\/www.cell.com\/action\/showPdf?pii=S2405-8440%2824%2901145-9\" target=\"_blank\" rel=\"noreferrer noopener\">\u00ab&nbsp;Assessing yield performance and stability of local sorghum genotypes : A methodological framework combining multi-environment trials and participatory multi-trait evaluation&nbsp;\u00bb<\/a>, revue Heliyon, Volume 10, Issue 4, e25114 (18p).<\/p>\n\n\n\n<p>(4) : Portail internet de l\u2019ODE : <a href=\"https:\/\/www.ode-burkina.org\/\" target=\"_blank\" rel=\"noreferrer noopener\">https:\/\/www.ode-burkina.org\/<\/a><\/p>\n","protected":false},"excerpt":{"rendered":"<p>Projets agricoles, solidaires, aide aux nombreuses personnes d\u00e9plac\u00e9es&#8230; Le secr\u00e9taire ex\u00e9cutif de l&rsquo;ODE, Alain Backo, rencontr\u00e9 le 5 d\u00e9cembre 2025, nous en dit plus. Au Burkina Faso, l\u2019Office de D\u00e9veloppement des \u00c9glises \u00c9vang\u00e9liques (ODE), repr\u00e9sentatif de toutes les sensibilit\u00e9s chr\u00e9tiennes protestantes du pays, brasse aujourd\u2019hui deux milliards de francs CFA pour son budget annuel. Autant [&hellip;]<\/p>\n","protected":false},"author":3,"featured_media":1258,"comment_status":"closed","ping_status":"closed","sticky":false,"template":"","format":"standard","meta":[],"categories":[1],"tags":[381,380,8,97,382],"_links":{"self":[{"href":"https:\/\/www.fil-info-francophonie.com\/index.php?rest_route=\/wp\/v2\/posts\/1257"}],"collection":[{"href":"https:\/\/www.fil-info-francophonie.com\/index.php?rest_route=\/wp\/v2\/posts"}],"about":[{"href":"https:\/\/www.fil-info-francophonie.com\/index.php?rest_route=\/wp\/v2\/types\/post"}],"author":[{"embeddable":true,"href":"https:\/\/www.fil-info-francophonie.com\/index.php?rest_route=\/wp\/v2\/users\/3"}],"replies":[{"embeddable":true,"href":"https:\/\/www.fil-info-francophonie.com\/index.php?rest_route=%2Fwp%2Fv2%2Fcomments&post=1257"}],"version-history":[{"count":1,"href":"https:\/\/www.fil-info-francophonie.com\/index.php?rest_route=\/wp\/v2\/posts\/1257\/revisions"}],"predecessor-version":[{"id":1259,"href":"https:\/\/www.fil-info-francophonie.com\/index.php?rest_route=\/wp\/v2\/posts\/1257\/revisions\/1259"}],"wp:featuredmedia":[{"embeddable":true,"href":"https:\/\/www.fil-info-francophonie.com\/index.php?rest_route=\/wp\/v2\/media\/1258"}],"wp:attachment":[{"href":"https:\/\/www.fil-info-francophonie.com\/index.php?rest_route=%2Fwp%2Fv2%2Fmedia&parent=1257"}],"wp:term":[{"taxonomy":"category","embeddable":true,"href":"https:\/\/www.fil-info-francophonie.com\/index.php?rest_route=%2Fwp%2Fv2%2Fcategories&post=1257"},{"taxonomy":"post_tag","embeddable":true,"href":"https:\/\/www.fil-info-francophonie.com\/index.php?rest_route=%2Fwp%2Fv2%2Ftags&post=1257"}],"curies":[{"name":"wp","href":"https:\/\/api.w.org\/{rel}","templated":true}]}}