{"id":1249,"date":"2025-11-17T14:20:18","date_gmt":"2025-11-17T14:20:18","guid":{"rendered":"https:\/\/www.fil-info-francophonie.com\/?p=1249"},"modified":"2025-11-17T14:20:18","modified_gmt":"2025-11-17T14:20:18","slug":"patrice-kaulanjan-eviter-le-confort-de-lentre-soi","status":"publish","type":"post","link":"https:\/\/www.fil-info-francophonie.com\/?p=1249","title":{"rendered":"Patrice Kaulanjan : \u00e9viter le confort de l&rsquo;entre-soi"},"content":{"rendered":"\n<p>Pasteur, formateur, directeur du Centre Evang\u00e9lique, responsable d&rsquo;union d&rsquo;Eglise (AEEI), Patrice Kaulanjan est aujourd&rsquo;hui une figure centrale du monde \u00e9vang\u00e9lique en France. Il \u00e9voque son engagement et les principales \u00e9volutions qu&rsquo;il a observ\u00e9 depuis trente ans au sein de la francophonie \u00e9vang\u00e9lique.<\/p>\n\n\n\n<p><em>Apr\u00e8s avoir grandi en Guadeloupe o\u00f9 il est n\u00e9, au contact du catholicisme et de l\u2019hindouisme, Patrice Kaulanjan<\/em> <em>s\u2019est form\u00e9 \u00e0 l\u2019Institut Biblique de Lamorlaye et a d\u00e9velopp\u00e9 au fil des ann\u00e9es de multiples comp\u00e9tences qu\u2019il met, avec discr\u00e9tion et une efficacit\u00e9 reconnue, au service des Eglises \u00e9vang\u00e9liques. Il nous en dit plus.<\/em><\/p>\n\n\n\n<p><strong>1\/ Patrice Kaulanjan, au-del\u00e0 de vos multiples casquettes au sein du monde \u00e9vang\u00e9lique, quels sont les axes permanents de votre engagement&nbsp;?<\/strong><\/p>\n\n\n\n<p>D\u2019abord le pastorat, au travers de l\u2019\u00e9coute, du suivis des personnes, et la gestion des Eglises. Il s\u2019agit ici du c\u0153ur de mon engagement. Ensuite l\u2019enseignement&nbsp;: faire connaitre la parole de Dieu. Ce minist\u00e8re d\u2019enseignement dans les \u00e9coles, IBN, IBG, ITEAG, est pour moi un prolongement du minist\u00e8re pastoral. Cela va avec la transmission : accompagner les jeunes qui rentrent dans le minist\u00e8re. Dans ce domaine, je re\u00e7ois beaucoup de stagiaires. Il s\u2019agit d\u2019assurer la p\u00e9rennit\u00e9 du minist\u00e8re. Tout serviteur de Dieu, peu importe son minist\u00e8re, doit avoir cette mission dans son cahier des charges. Et puis, il y a aussi la relation entre les diff\u00e9rentes confessions&nbsp;: cultiver le dialogue, et nourrir des collaborations quand c\u2019est possible. Cet engagement, je dois dire, ram\u00e8ne \u00e0 l\u2019humilit\u00e9. Les \u00e9vang\u00e9liques n\u2019ont pas le monopole de la v\u00e9rit\u00e9. Il est important d\u2019\u00eatre ouvert aux autres, sans forc\u00e9ment adh\u00e9rer \u00e0 leurs th\u00e8ses.<\/p>\n\n\n\n<p>Enfin, je n\u2019oublie pas l\u2019engagement dans la cit\u00e9, notamment la relation avec les politiques. Garder le contact avec nos \u00e9lus est n\u00e9cessaire. Il ne s\u2019agit pas de faire de la politique, mais de montrer que nous nous int\u00e9ressons \u00e0 ce qui se passe dans la cit\u00e9. Ce qui va aussi avec l\u2019engagement social, o\u00f9 il y a de quoi faire en mati\u00e8re de main tendue vers les plus pauvres. Il y a un lien avec le minist\u00e8re pastoral. Tout pasteur se doit d\u2019avoir les yeux ouverts sur la mis\u00e8re, non seulement celle spirituelle mais aussi mat\u00e9rielle, des personnes. Ma grande pr\u00e9occupation est que chaque union d\u2019Eglises d\u00e9veloppe un minist\u00e8re de la diaconie. Sous mon impulsion, l\u2019AEEI a fait un partenariat avec le SEL pour mobiliser chacune de ses Eglises \u00e0 la cause des plus faibles.<\/p>\n\n\n\n<figure class=\"wp-block-image\"><img decoding=\"async\" src=\"https:\/\/regardsprotestants.com\/wp-content\/uploads\/2025\/11\/Capture-decran-2025-11-17-135238-1288x700.jpg\" alt=\"\"\/><\/figure>\n\n\n\n<h2 class=\"wp-block-heading\">\u00ab&nbsp;L\u2019Eglise, un uni-divers&nbsp;\u00bb<\/h2>\n\n\n\n<p><strong>2\/ En 2021, interrog\u00e9 par le SEL, vous indiquiez que prendre soin des pauvres est plus qu\u2019un engagement, c\u2019est un mandat biblique. Quatre ans plus tard, alors que de grands Etats r\u00e9duisent l\u2019aide au d\u00e9veloppement et l\u2019aide sociale, comment voyez-vous le r\u00f4le des \u00c9glises&nbsp;?<\/strong><\/p>\n\n\n\n<p>A la question&nbsp;: \u00ab&nbsp;Ma\u00eetre, quel est le plus grand commandement&nbsp;\u00bb, dans Matthieu 22. 36-40, J\u00e9sus donne une double r\u00e9ponse. Il r\u00e9pond par deux commandements distincts, mais intimement li\u00e9s. L\u2019amour pour Dieu conduit \u00e0 aimer le prochain. Aimer le prochain est un signe d\u2019amour pour Dieu. Le mandat biblique est dans ce mot \u00ab&nbsp;aimer&nbsp;\u00bb. L\u2019Eglise est appel\u00e9e \u00e0 aimer, parce son Dieu est amour.<\/p>\n\n\n\n<p>Aimer, c\u2019est \u00e0 la fois recevoir et donner. L\u2019Eglise a re\u00e7u de Dieu l\u2019amour inconditionnel. C\u2019est amour est r\u00e9pandu dans la vie de tout chr\u00e9tien par le Saint-Esprit. Ainsi, l\u2019Eglise doit recevoir l\u2019autre tel qu\u2019il est, afin de lui donner l\u2019amour de Dieu, \u00e0 l\u2019exemple de J\u00e9sus, qui accueille Nicod\u00e8me, la Samaritaine, les marginaux. L\u2019Eglise doit aimer sans fronti\u00e8re et int\u00e9grer en son sein discrimination ceux et celles que le seigneur transforme par son t\u00e9moignage. Bien souvent, l\u2019accueil n\u00e9cessite des actions de soutien concret, d\u2019accompagnement. Une Eglise qui a saisi ce mandat biblique aura un regard aiguis\u00e9 sur la soci\u00e9t\u00e9 pour \u00eatre pertinente dans son action. Que se passe-t-il dans la soci\u00e9t\u00e9 fran\u00e7aise aujourd\u2019hui&nbsp;? Nul besoin d\u2019\u00eatre un sp\u00e9cialiste pour observer les foss\u00e9s \u00e9tablis entre les personnes. L\u2019Eglise, micro soci\u00e9t\u00e9, doit montrer un autre visage, celui d\u2019un uni-divers anim\u00e9 par l\u2019amour de Dieu. Elle t\u00e9moignera ainsi que les hommes peuvent vivre ensemble dans la paix, en int\u00e9grant aussi le pardon. Force est de constater que l\u2019Eglise n\u2019est pas \u00e0 la hauteur de ce mandat. Elle a besoin que la gr\u00e2ce de Dieu se renouvelle constamment en elle. Si j\u2019ai ainsi insist\u00e9 sur la primaut\u00e9 de l\u2019amour, c\u2019est que toute action ou engagement sans amour n\u2019a pas l\u2019approbation de Dieu. Sans vouloir remplacer les Etats qui ont la responsabilit\u00e9 de prendre soin des personnes, l\u2019Eglise se doit d\u2019\u00eatre impliqu\u00e9e dans la cause sociale, dans la mesure o\u00f9 c\u2019est l\u2019amour de Dieu qui la presse dans cette direction.<\/p>\n\n\n\n<p><strong>A lire aussi :<\/strong><\/p>\n\n\n\n<figure class=\"wp-block-embed\"><div class=\"wp-block-embed__wrapper\">\nhttps:\/\/regardsprotestants.com\/religion-spiritualite\/prendre-soin-des-pauvres-plus-quun-engagement-un-mandat-biblique\/embed\/#?secret=DOorLIeAD8#?secret=ES0dYT0wCt\n<\/div><\/figure>\n\n\n\n<h2 class=\"wp-block-heading\">\u00ab&nbsp;Eviter \u00e0 long terme une ethnicisation de l\u2019Eglise&nbsp;\u00bb<\/h2>\n\n\n\n<p><strong>3\/ En tant que directeur du Centre Evang\u00e9lique, vous avez contribu\u00e9 \u00e0 la r\u00e9ussite de \u00ab&nbsp;La Place&nbsp;\u00bb 2025, notamment de son Forum des diasporas. Quel bilan portez-vous sur cet \u00e9v\u00e9nement, et voyez-vous des marges de progressions en mati\u00e8re de rassemblement&nbsp;?<\/strong><\/p>\n\n\n\n<p>Le CNEF, partenaire du CEIA et de la Place, a eu une tr\u00e8s belle id\u00e9e de porter ce sujet des Diasporas. D\u2019ailleurs, le public a largement r\u00e9pondu \u00e0 cette invitation. Le bilan a \u00e9t\u00e9 tr\u00e8s positif. D\u2019apr\u00e8s certains t\u00e9moignages, des demandes de pardon ont \u00e9t\u00e9 formul\u00e9es. Le CNEF a ouvert la voie d\u2019un avenir de dialogue, de rapprochement entre les diff\u00e9rentes cultures que nous retrouvons dans nos Eglises. Le prochain Centre Evang\u00e9lique de 2026 traitera du sujet de l\u2019Eglise Une. Les unions d\u2019Eglises \u00e0 leur niveau devraient aussi s\u2019emparer de cette question. L\u2019aborder, c\u2019est \u00e9viter \u00e0 long terme une ethnicisation de l\u2019Eglise. Il est vrai que l\u2019entre-soi est plus confortable. L\u2019Eglise ethnique a sans doute sa place, mais le m\u00e9lange rend encore plus fort le t\u00e9moignage de l\u2019Evangile. Je suis rempli de confiance que nous saurons cr\u00e9er des passerelles entre les personnes et entre les Eglises.<\/p>\n\n\n\n<p><\/p>\n\n\n\n<p><strong>4\/ Quelles sont les principales \u00e9volutions que vous avez observ\u00e9 depuis trente ans au sein de la francophonie \u00e9vang\u00e9lique\u00a0?<\/strong><\/p>\n\n\n\n<p>Deux \u00e9volutions marquantes observ\u00e9es retiennent mon attention&nbsp;:<\/p>\n\n\n\n<ul>\n<li>La progression de l\u2019\u00e9vang\u00e9lisation&nbsp;: les Eglises se sont multipli\u00e9es. Par exemple au sein de l\u2019AEEI dont je suis le pr\u00e9sident, nous sommes pass\u00e9s d\u2019une vingtaine d\u2019Eglises \u00e0 une quarantaine. Cette belle \u00e9volution est due \u00e0 la grande implication des missions \u00e9trang\u00e8res, mais aussi \u00e0 l\u2019engagement des Eglises locales qui ont bien int\u00e9gr\u00e9 le mandat missionnaire et sont arriv\u00e9es \u00e0 maturit\u00e9. Les Eglises issues des missions sont en effet devenues autonomes. D\u2019une mani\u00e8re g\u00e9n\u00e9rale, le d\u00e9tachement des Eglises de leur mission m\u00e8re s\u2019est bien pass\u00e9.<\/li>\n\n\n\n<li>Les pays du sud deviennent missionnaires&nbsp;: Apr\u00e8s avoir re\u00e7u l\u2019Evangile des pays du nord, ceux du sud deviennent pourvoyeurs de missionnaires. Ainsi en France, nos Eglises sont souvent dirig\u00e9es par des fr\u00e8res et s\u0153urs venus d\u2019Afrique ou d\u2019Asie. Il s\u2019agit l\u00e0 d\u2019un pr\u00e9cieux et r\u00e9jouissant retour.<\/li>\n<\/ul>\n\n\n\n<p><strong>5\/ Dans d\u2019autres pays, on a pu observer la politisation des \u00e9vang\u00e9liques, souvent vers des formes de nationalisme chr\u00e9tien. Au travers de vos responsabilit\u00e9s, voyez-vous cette tendance \u00e9merger en France, et si oui, comment l\u2019analysez-vous&nbsp;?<\/strong><\/p>\n\n\n\n<p>S\u2019il y une \u00e9mergence d\u2019une politisation de l\u2019Eglise, elle est tr\u00e8s timide, et tant mieux. Si en France les Eglises sont vigilantes sur ce qui se passe dans notre soci\u00e9t\u00e9, surtout sur le plan \u00e9thique, elles ne sont pas engag\u00e9es politiquement. Je n\u2019observe pas en France de vell\u00e9it\u00e9 des \u00e9vang\u00e9liques d\u2019acc\u00e9der au pouvoir. Il n\u2019y a pas de mouvement global dans ce sens. La s\u00e9paration de l\u2019Eglise et de l\u2019Etat tient encore.<\/p>\n","protected":false},"excerpt":{"rendered":"<p>Pasteur, formateur, directeur du Centre Evang\u00e9lique, responsable d&rsquo;union d&rsquo;Eglise (AEEI), Patrice Kaulanjan est aujourd&rsquo;hui une figure centrale du monde \u00e9vang\u00e9lique en France. Il \u00e9voque son engagement et les principales \u00e9volutions qu&rsquo;il a observ\u00e9 depuis trente ans au sein de la francophonie \u00e9vang\u00e9lique. Apr\u00e8s avoir grandi en Guadeloupe o\u00f9 il est n\u00e9, au contact du catholicisme [&hellip;]<\/p>\n","protected":false},"author":3,"featured_media":1250,"comment_status":"closed","ping_status":"closed","sticky":false,"template":"","format":"standard","meta":[],"categories":[1],"tags":[106,377],"_links":{"self":[{"href":"https:\/\/www.fil-info-francophonie.com\/index.php?rest_route=\/wp\/v2\/posts\/1249"}],"collection":[{"href":"https:\/\/www.fil-info-francophonie.com\/index.php?rest_route=\/wp\/v2\/posts"}],"about":[{"href":"https:\/\/www.fil-info-francophonie.com\/index.php?rest_route=\/wp\/v2\/types\/post"}],"author":[{"embeddable":true,"href":"https:\/\/www.fil-info-francophonie.com\/index.php?rest_route=\/wp\/v2\/users\/3"}],"replies":[{"embeddable":true,"href":"https:\/\/www.fil-info-francophonie.com\/index.php?rest_route=%2Fwp%2Fv2%2Fcomments&post=1249"}],"version-history":[{"count":1,"href":"https:\/\/www.fil-info-francophonie.com\/index.php?rest_route=\/wp\/v2\/posts\/1249\/revisions"}],"predecessor-version":[{"id":1251,"href":"https:\/\/www.fil-info-francophonie.com\/index.php?rest_route=\/wp\/v2\/posts\/1249\/revisions\/1251"}],"wp:featuredmedia":[{"embeddable":true,"href":"https:\/\/www.fil-info-francophonie.com\/index.php?rest_route=\/wp\/v2\/media\/1250"}],"wp:attachment":[{"href":"https:\/\/www.fil-info-francophonie.com\/index.php?rest_route=%2Fwp%2Fv2%2Fmedia&parent=1249"}],"wp:term":[{"taxonomy":"category","embeddable":true,"href":"https:\/\/www.fil-info-francophonie.com\/index.php?rest_route=%2Fwp%2Fv2%2Fcategories&post=1249"},{"taxonomy":"post_tag","embeddable":true,"href":"https:\/\/www.fil-info-francophonie.com\/index.php?rest_route=%2Fwp%2Fv2%2Ftags&post=1249"}],"curies":[{"name":"wp","href":"https:\/\/api.w.org\/{rel}","templated":true}]}}