{"id":1242,"date":"2025-10-09T13:49:28","date_gmt":"2025-10-09T13:49:28","guid":{"rendered":"https:\/\/www.fil-info-francophonie.com\/?p=1242"},"modified":"2025-10-11T13:53:29","modified_gmt":"2025-10-11T13:53:29","slug":"accompagner-les-chretiennes-francophones-lappel-de-medhie-marinette","status":"publish","type":"post","link":"https:\/\/www.fil-info-francophonie.com\/?p=1242","title":{"rendered":"Accompagner les chr\u00e9tiennes francophones\u00a0: l&rsquo;appel de M\u00e9dhie Marinette"},"content":{"rendered":"\n<p>Secr\u00e9taire g\u00e9n\u00e9rale de la Communaut\u00e9 des \u00c9glises d\u2019expression africaine francophones, M\u00e9dhie Marinette est aussi fondatrice de FemmEsprit, un minist\u00e8re francophone en direction des femmes. Elle nous en dit plus.<\/p>\n\n\n\n<h2 class=\"wp-block-heading\">M\u00e9dhie Marinette, bonjour&nbsp;! Quelques mots de pr\u00e9sentation&nbsp;?<\/h2>\n\n\n\n<p>Je suis Fran\u00e7aise, Guadeloup\u00e9enne, chr\u00e9tienne, issues des milieux charismatiques et pentec\u00f4tistes. Je suis infirmi\u00e8re de formation, actuellement secr\u00e9taire g\u00e9n\u00e9rale de la CEAF (Communaut\u00e9 des \u00c9glises d\u2019expression Africaine Francophones), apr\u00e8s y avoir \u00e9t\u00e9 charg\u00e9e de communication. Je suis aussi fondatrice du minist\u00e8re FemmEsprit[1].<\/p>\n\n\n\n<h2 class=\"wp-block-heading\">Comment est n\u00e9 FemmEsprit&nbsp;?<\/h2>\n\n\n\n<p>Ce minist\u00e8re a \u00e9t\u00e9 cr\u00e9\u00e9 en 2011, mais j\u2019ai re\u00e7u le nom deux ans avant, en 2009, lors d\u2019un temps de pri\u00e8re. Je croyais au d\u00e9part que c\u2019\u00e9tait une marque de v\u00eatement, mais non&nbsp;! FemmEsprit r\u00e9pondait \u00e0 un manque. A l\u2019\u00e9poque, j\u2019ai constat\u00e9 que les jeunes s\u0153urs \u00e9taient souvent abonn\u00e9es \u00e0 des blogs, des sites anglophones, mais qu\u2019il n\u2019y avait rien, ou presque, du c\u00f4t\u00e9 de la francophonie. C\u2019est pourquoi je me suis lanc\u00e9e, pour r\u00e9pondre \u00e0 un besoin des femmes chr\u00e9tiennes francophones. L\u2019angle est chr\u00e9tien, ouvert aux directions du Saint-Esprit.<\/p>\n\n\n\n<h2 class=\"wp-block-heading\">Comment s\u2019est d\u00e9velopp\u00e9 ce minist\u00e8re&nbsp;?<\/h2>\n\n\n\n<p>FemmEsprit a commenc\u00e9 par un magazine, pour \u00e9viter aux chr\u00e9tiennes de trop d\u00e9pendre de Google. Pour moi, l\u2019id\u00e9e d\u2019un Google qui a r\u00e9ponse \u00e0 tout, ce n\u2019est pas chr\u00e9tien. Je voulais offrir une alternative aux femmes, un espace o\u00f9 elles peuvent poser leurs questions, \u00eatre accompagn\u00e9es d\u2019un point de vue chr\u00e9tien. J\u2019ai constat\u00e9 qu\u2019en mati\u00e8re de mariage, de sexualit\u00e9, de relations conjugales, d\u2019\u00e9ducation des enfants, il y avait beaucoup d\u2019enjeux concrets pour les femmes. Pour les hommes aussi d\u2019ailleurs&nbsp;! D\u2019o\u00f9 l\u2019id\u00e9e d\u2019un magazine num\u00e9rique, au d\u00e9part, pour offrir des ressources. Le format num\u00e9rique \u00e9tait pr\u00e9f\u00e9rable en mati\u00e8re de gestion des co\u00fbts. L\u2019id\u00e9e \u00e9tait de commencer, mais surtout de tenir dans le temps. J\u2019ai constat\u00e9 qu\u2019il y a beaucoup de tentatives qui ne duraient pas. De mon c\u00f4t\u00e9, je n\u2019\u00e9tais pas encore riche, alors je me suis dit que pour durer, il fallait que j\u2019utilise un biais qui me permette de tenir. J\u2019ai entendu parler de WordPress, un ami m\u2019a aid\u00e9 \u00e0 faire le site puis m\u2019a form\u00e9 et ensuite, j\u2019\u00e9tais autonome, j\u2019avais juste besoin de trouver des chroniqueuses. Cela a fonctionn\u00e9. D\u00e8s le premier mois j\u2019avais 15000 lectrices\/lecteurs. On est mont\u00e9 rapidement jusqu\u2019\u00e0 20.000 sur Facebook. Sur instagram, plus tard, nous avons \u00e9t\u00e9 <em>hack\u00e9s<\/em>, il a fallu recommencer, mais maintenant nous y avons plus de 860 abonn\u00e9s et cela progresse. Ce m\u00e9dia r\u00e9pond \u00e0 une vraie demande, accueille de vrais questionnements. Beaucoup de personnes consultent le site, mais ne laissent pas de commentaires. On per\u00e7oit qu\u2019il y a des questions, une souffrance, un besoin, mais on n\u2019ose pas le partager publiquement. C\u2019est cela qui a march\u00e9, mettre des mots sur des demandes, des attentes jusque-l\u00e0 inexprim\u00e9es. FemmEsprit propose un espace s\u00fbr, et sans publicit\u00e9.<\/p>\n\n\n\n<figure class=\"wp-block-image\"><img decoding=\"async\" src=\"https:\/\/regardsprotestants.com\/wp-content\/uploads\/2025\/10\/Capture-decran-2025-10-09-173521-1292x700.jpg\" alt=\"\"\/><\/figure>\n\n\n\n<h2 class=\"wp-block-heading\">A partir de ce magazine, quelle \u00e9volution&nbsp;?<\/h2>\n\n\n\n<p>Au fil des ann\u00e9es, le minist\u00e8re FemmEsprit a bien \u00e9volu\u00e9, et a \u00e9largi sa gamme. Au bout de 4-5 ans, nous avons organis\u00e9 une premi\u00e8re Conf\u00e9rence FemmEsprit en r\u00e9gion parisienne, en 2017. C\u2019est la communaut\u00e9 qui l\u2019a demand\u00e9, les femmes le souhaitaient. Nous avons rassembl\u00e9 entre 150 et 200 femmes qui venaient au Bon Berger, une \u00c9glise bas\u00e9e \u00e0 St Denis (Avenue du pr\u00e9sident Wilson, 93). Cette assembl\u00e9e a vraiment soutenu le minist\u00e8re. A l\u2019\u00e9poque, nous avions pu louer toute l\u2019\u00e9glise pour 200 euros, un miracle&nbsp;!&nbsp;Nous avons ensuite tenu un rythme annuel 2017, 2018, 2019, avec un th\u00e8me particulier \u00e0 chaque fois, comme \u00ab&nbsp;D\u00e9couvrir son appel&nbsp;\u00bb, ou \u00ab&nbsp;l\u2019\u00e9panouissement de la femme&nbsp;\u00bb. Les r\u00e9capitulatifs sont disponibles sur notre cha\u00eene Youtube[2]. Nous avons mis en place aussi des ateliers FemmEsprit. Ce sont des \u00e9v\u00e9nements en petits comit\u00e9s pour permettre aux femmes de parler et d\u2019aborder des sujets plus sensibles. Par exemple, un des ateliers, \u00ab&nbsp;gu\u00e9rir des blessures \u00e9motionnelles&nbsp;\u00bb a \u00e9t\u00e9 anim\u00e9 en coordination avec une psychologue chr\u00e9tienne. L\u2019id\u00e9e est de faciliter la lib\u00e9ration de la parole, et avoir de l\u2019interactivit\u00e9. Puis il y a eu le COVID. Cela nous a conduit, en 2021, \u00e0 organiser notre conf\u00e9rence annuelle enti\u00e8rement en ligne. Nous avons pu revenir \u00e0 la normale, en pr\u00e9sentiel, en 2024. La prochaine \u00e9dition aura lieu en 2026.<\/p>\n\n\n\n<h2 class=\"wp-block-heading\">Quelle place prend l\u2019\u00e9tude de la Bible&nbsp;?<\/h2>\n\n\n\n<p>Elle occupe une place grandissante. En mati\u00e8re de pri\u00e8re, d\u00e8s le d\u00e9but, le minist\u00e8re s\u2019est positionn\u00e9 tr\u00e8s fortement. En mati\u00e8re d\u2019\u00e9tude biblique, cela s\u2019est fait plus progressivement. J\u2019ai pris conscience qu\u2019il \u00e9tait n\u00e9cessaire d\u2019approfondir ma propre connaissance de l\u2019\u00c9criture, pour \u00e9viter le recours aux versets \u00ab&nbsp;hors contexte&nbsp;\u00bb. Je viens des milieux charismatiques et pentec\u00f4tistes. J\u2019ai \u00e9prouv\u00e9 le besoin de me former dans un autre cadre, pour compl\u00e9ter mon approche. Bas\u00e9e \u00e0 Lille, je suis partie me former dans une \u00e9cole biblique \u00e0 Bruxelles, tenue par les baptistes. Je pensais rester une ann\u00e9e, mais en fin de compte je suis rest\u00e9e trois ans et demi, de 2019 \u00e0 2023, ce qui m\u2019a permis de r\u00e9former mon syst\u00e8me de pens\u00e9e par rapport au recours \u00e0 la Bible. Cette formation a ensuite permis de mettre en place des programmes d\u2019\u00e9tudes bibliques pour les femmes, le <em>Membership FemmEsprit<\/em>, avec une m\u00e9thodologie d\u2019\u00e9tude que j\u2019ai cr\u00e9\u00e9. Une trentaine de femmes se sont tout de suite montr\u00e9es int\u00e9ress\u00e9es par ce concept. Alors on a formalis\u00e9 les choses. Je vois cela comme un compl\u00e9ment de la vie d\u2019\u00e9glise. Dans beaucoup d\u2019\u00e9glises, il n\u2019y a pas beaucoup de discipulat. Cette formation, bas\u00e9e sur plusieurs supports (digital, papier) permet d\u2019approfondir, et de former des femmes.<\/p>\n\n\n\n<h2 class=\"wp-block-heading\">Un dernier mot sur la francophonie&nbsp;?<\/h2>\n\n\n\n<p>Dans ce minist\u00e8re francophone, environ 50% des femmes engag\u00e9es dans FemmEsprit viennent de France, en majorit\u00e9 de r\u00e9gion parisienne. L\u2019autre moiti\u00e9 se r\u00e9partit entre le Canada (un peu), le reste de l\u2019Europe (Belgique en particulier) et l\u2019Afrique. La dimension francophone nous relie, dans une approche concr\u00e8te bas\u00e9e sur l\u2019accompagnement des questions des femmes par la Parole de Dieu et le Saint-Esprit, pour r\u00e9pondre avec confiance et \u00e9quilibre aux d\u00e9fis de la vie, du couple et de la famille.<\/p>\n\n\n\n<hr class=\"wp-block-separator has-alpha-channel-opacity\"\/>\n\n\n\n<p>[1] Site internet&nbsp;: <a href=\"https:\/\/femmesprit.org\/\" target=\"_blank\" rel=\"noreferrer noopener\">https:\/\/femmesprit.org\/<\/a><\/p>\n\n\n\n<p>[2] Cha\u00eene YouTube de FemmEsprit&nbsp;: <a href=\"https:\/\/www.youtube.com\/c\/FemmEspritTV\" target=\"_blank\" rel=\"noreferrer noopener\">https:\/\/www.youtube.com\/c\/FemmEspritTV<\/a>. Cha\u00eene fond\u00e9e le 6 octobre 2012, 220 vid\u00e9os post\u00e9es \u00e0 dater d\u2019octobre 2025 (et plus de 274.000 vues).<\/p>\n","protected":false},"excerpt":{"rendered":"<p>Secr\u00e9taire g\u00e9n\u00e9rale de la Communaut\u00e9 des \u00c9glises d\u2019expression africaine francophones, M\u00e9dhie Marinette est aussi fondatrice de FemmEsprit, un minist\u00e8re francophone en direction des femmes. Elle nous en dit plus. M\u00e9dhie Marinette, bonjour&nbsp;! Quelques mots de pr\u00e9sentation&nbsp;? Je suis Fran\u00e7aise, Guadeloup\u00e9enne, chr\u00e9tienne, issues des milieux charismatiques et pentec\u00f4tistes. Je suis infirmi\u00e8re de formation, actuellement secr\u00e9taire g\u00e9n\u00e9rale [&hellip;]<\/p>\n","protected":false},"author":3,"featured_media":1243,"comment_status":"closed","ping_status":"closed","sticky":false,"template":"","format":"standard","meta":[],"categories":[1],"tags":[376,97,106,375],"_links":{"self":[{"href":"https:\/\/www.fil-info-francophonie.com\/index.php?rest_route=\/wp\/v2\/posts\/1242"}],"collection":[{"href":"https:\/\/www.fil-info-francophonie.com\/index.php?rest_route=\/wp\/v2\/posts"}],"about":[{"href":"https:\/\/www.fil-info-francophonie.com\/index.php?rest_route=\/wp\/v2\/types\/post"}],"author":[{"embeddable":true,"href":"https:\/\/www.fil-info-francophonie.com\/index.php?rest_route=\/wp\/v2\/users\/3"}],"replies":[{"embeddable":true,"href":"https:\/\/www.fil-info-francophonie.com\/index.php?rest_route=%2Fwp%2Fv2%2Fcomments&post=1242"}],"version-history":[{"count":1,"href":"https:\/\/www.fil-info-francophonie.com\/index.php?rest_route=\/wp\/v2\/posts\/1242\/revisions"}],"predecessor-version":[{"id":1244,"href":"https:\/\/www.fil-info-francophonie.com\/index.php?rest_route=\/wp\/v2\/posts\/1242\/revisions\/1244"}],"wp:featuredmedia":[{"embeddable":true,"href":"https:\/\/www.fil-info-francophonie.com\/index.php?rest_route=\/wp\/v2\/media\/1243"}],"wp:attachment":[{"href":"https:\/\/www.fil-info-francophonie.com\/index.php?rest_route=%2Fwp%2Fv2%2Fmedia&parent=1242"}],"wp:term":[{"taxonomy":"category","embeddable":true,"href":"https:\/\/www.fil-info-francophonie.com\/index.php?rest_route=%2Fwp%2Fv2%2Fcategories&post=1242"},{"taxonomy":"post_tag","embeddable":true,"href":"https:\/\/www.fil-info-francophonie.com\/index.php?rest_route=%2Fwp%2Fv2%2Ftags&post=1242"}],"curies":[{"name":"wp","href":"https:\/\/api.w.org\/{rel}","templated":true}]}}