{"id":1215,"date":"2025-07-17T19:36:00","date_gmt":"2025-07-17T19:36:00","guid":{"rendered":"https:\/\/www.fil-info-francophonie.com\/?p=1215"},"modified":"2025-07-23T19:39:05","modified_gmt":"2025-07-23T19:39:05","slug":"dieu-nest-pas-con-un-roman-beninois-contre-la-resignation","status":"publish","type":"post","link":"https:\/\/www.fil-info-francophonie.com\/?p=1215","title":{"rendered":"\u00ab Dieu n\u2019est pas con \u00bb, un roman b\u00e9ninois contre la r\u00e9signation"},"content":{"rendered":"\n<h1 class=\"wp-block-heading\"><\/h1>\n\n\n\n<p>Au B\u00e9nin, protestants, catholiques et bien au-del\u00e0, se sont empar\u00e9s de ce roman satirique pour imaginer une vie meilleure et s\u2019inspirer de son h\u00e9ro\u00efne. Recension.<\/p>\n\n\n\n<p>Dans <em>Dieu n\u2019est pas con (1), <\/em>l\u2019auteur b\u00e9ninois Destin Akpo, lui-m\u00eame pr\u00eatre catholique (dioc\u00e8se de Lokossa), nous livre un r\u00e9cit romanesque \u00e0 mi-chemin entre roman picaresque, essai spirituel, confession intime et satire sociale. Il est pr\u00e9c\u00e9d\u00e9 par un psaume, en <em>incipit<\/em>&nbsp;: \u00ab&nbsp;Je reconnais devant toi le prodige, l\u2019\u00eatre \u00e9tonnant que je suis&nbsp;: \u00e9tonnantes sont tes \u0153uvres, toute mon \u00e2me le sait&nbsp;\u00bb, <em>Psaume 138, 14<\/em> (p.9). \u00c0 travers une \u00e9criture libre, directe et souvent teint\u00e9e d\u2019humour, camp\u00e9 dans le quotidien rural puis citadin de l\u2019Afrique de l\u2019Ouest, Destin Akpo brosse avec verve un r\u00e9cit de femme forte qui ne renonce jamais. Il d\u00e9monte aussi, chemin faisant, certains clich\u00e9s autour de la foi, de Dieu et du destin, qui hantent nos soci\u00e9t\u00e9s. Avec un titre qui claque comme une gifle, Akpo s\u2019attaque aux grandes questions sur Dieu, la vie, la r\u00e9ussite et l\u2019absurde chaos d\u2019un quotidien souvent injuste.<\/p>\n\n\n\n<h2 class=\"wp-block-heading\">R\u00e9publique des ossements ench\u00e2ss\u00e9s&nbsp;: \u00ab&nbsp;travailler ou mourir&nbsp;\u00bb<\/h2>\n\n\n\n<p>Ce livre de 343 pages se divise en quatre parties, compos\u00e9es chacune de plusieurs \u00ab&nbsp;items&nbsp;\u00bb (chapitres). \u00ab&nbsp;Madrenvide&nbsp;\u00bb (p.11 \u00e0 94), \u00ab&nbsp;Au bord du lac-de-la-mort (p.95-172),&nbsp;\u00ab&nbsp;Sebada (p.173-p.256), et \u00ab Nouveaux bourgeons&nbsp;\u00bb (p.257-343).&nbsp;Il fonctionne comme un roman \u00e0 clefs. \u00c9crit en fran\u00e7ais, il r\u00e9sonne aussi de maints \u00e9chos et termes issus de langues d\u2019Afrique de l\u2019Ouest, que des lectrices et lecteurs b\u00e9ninois reconna\u00eetront ais\u00e9ment. De l\u2019enfance \u00e0 l\u2019\u00e9panouissement en passant par le brisement, le r\u00e9cit suit le <strong>parcours int\u00e9rieur d\u2019une narratrice lucide, ambitieuse et d\u00e9termin\u00e9e,<\/strong> au fil d\u2019une histoire \u00e9maill\u00e9e d\u2019\u00e9preuves et de d\u00e9couvertes.<\/p>\n\n\n\n<p>L\u2019h\u00e9ro\u00efne s\u2019appelle Klom\u00e8vi Nyonukp\u00e9go, \u00ab&nbsp;fille de l\u2019int\u00e9rieur des genoux de sa m\u00e8re&nbsp;\u00bb. Elle est n\u00e9e dans la R\u00e9publique de la Vall\u00e9e des ossements Ench\u00e2ss\u00e9s, et grandit au village. Toute ressemblance avec des situations existantes serait \u00e9videmment fortuite\u2026 Les d\u00e9fis sont grands. \u00ab&nbsp;Quand la fumisterie, la supercherie et la corruption sont \u00e9tablies comme normes et que le favoritisme et le n\u00e9potisme sont implant\u00e9s comme dogmes \u00e0 tous les carrefours de la vie sociale, les pauvres et les mal log\u00e9s n\u2019auront jamais droit aux fruits m\u00fbrs et juteux du pommier national. Dans une R\u00e9publique o\u00f9 l\u2019on rencontre moins de m\u00e9decins et d\u2019enseignants qualifi\u00e9s r\u00e9mun\u00e9r\u00e9s conform\u00e9ment \u00e0 leurs dipl\u00f4mes et grades que de caciques cossus, joufflus, ventrus et fessus (\u2026) que peut faire le pauvre, sinon travailler ou mourir&nbsp;?&nbsp;\u00bb (p.98).<\/p>\n\n\n\n<figure class=\"wp-block-image\"><img decoding=\"async\" src=\"https:\/\/regardsprotestants.com\/wp-content\/uploads\/2025\/07\/Capture-decran-2025-07-15-155155-1202x700.jpg\" alt=\"\"\/><\/figure>\n\n\n\n<p>Apr\u00e8s un parcours scolaire m\u00e9ritoire, Klom\u00e8vy se retrouve dans la grande ville, \u00ab&nbsp;au bord du lac-de-la-mort&nbsp;\u00bb, o\u00f9 elle subit les assauts d\u2019un pr\u00e9dateur sexuel, Mr Pav\u00e9 Gentil, qui profite de sa position dominante. Klom\u00e8vy ne se laisse pas faire. Sa riposte la conduit en prison, o\u00f9 elle passe plusieurs ann\u00e9es. Quand elle en ressort, elle est orpheline, mais l\u2019histoire n\u2019en a pas fini avec elle et de rebondissements en rebondissements, telle une Joseph au f\u00e9minin (2), le firmament l\u2019attend\u2026<\/p>\n\n\n\n<p>Entrecoup\u00e9 par les commentaires et digressions des protagonistes, ce roman interroge aussi la place de Dieu et du sens dans un monde embourb\u00e9 dans l\u2019injustice, la cupidit\u00e9, le go\u00fbt du pouvoir, l\u2019hypocrisie et les absurdit\u00e9s. La narratrice est \u00e9lev\u00e9e par Gb\u00e8m\u00e8dablou, une m\u00e8re raconteuse de berceuses, qui se d\u00e9voue et se sacrifie, loin d\u2019un p\u00e8re \u00e9nigmatique, insaisissable, absent durant l\u2019essentiel du roman \u2013 mais ne d\u00e9voilons pas la fin. Klom\u00e8vi passe par mille et une tribulations, de sa campagne jusqu\u2019\u00e0 la grande ville, de la prison jusqu\u2019\u00e0 l\u2019\u00e9l\u00e9vation. Dou\u00e9e pour les responsabilit\u00e9s, la voil\u00e0 leader \u00e9tudiante, puis d\u00e9put\u00e9e, attirant l\u2019attention d\u2019un certain pr\u00e9sident Adjinakou. Jusqu\u2019o\u00f9 ira-t-elle&nbsp;? On ne r\u00e9v\u00e9lera pas la fin. Au fil de ses aventures, Klom\u00e8vi m\u00e9dite et applique jusqu\u2019au bout le conseil un jour port\u00e9 par Madame Jumbo, son institutrice&nbsp;: \u00ab&nbsp;Le fils du pauvre ne cherche pas querelle. Il n\u2019a pas le droit de faire n\u2019importe quoi dans la vie. Soit il r\u00e9ussit, soit il r\u00e9ussit. Point&nbsp;\u00bb (p.342).<\/p>\n\n\n\n<h2 class=\"wp-block-heading\">\u00ab&nbsp;Dieu n\u2019est pas con en nous cr\u00e9ant libres et intelligents&nbsp;\u00bb<\/h2>\n\n\n\n<p>Ce roman d\u2019apprentissage m\u00eale <strong>exp\u00e9riences personnelles, r\u00e9flexions philosophiques et observations sociales,<\/strong> \u00e0 la mani\u00e8re de <em>Candide<\/em> de Voltaire. C\u2019est aussi un hommage \u00e0 la jeunesse qui ne renonce pas, et un \u00e9loge de la force des femmes. \u00ab&nbsp;On ne contr\u00f4le pas une femme. On l\u2019aime et on prie qu\u2019elle soit fid\u00e8le. Point final&nbsp;\u00bb (p.137).<\/p>\n\n\n\n<blockquote class=\"wp-block-quote\">\n<p>Loin de rejeter Dieu, l\u2019auteur remet en question l\u2019image d\u2019un Dieu born\u00e9, autocrate et punitif,impos\u00e9e par les institutions religieuses, pour d\u00e9fendre l\u2019id\u00e9e d\u2019un Dieu intelligent, vivant, pr\u00e9sent dans nos contradictions, qui pousse \u00e0 la responsabilit\u00e9 personnelle et \u00e0 l\u2019action.<\/p>\n<\/blockquote>\n\n\n\n<p>L\u2019absurde est d\u00e9jou\u00e9&nbsp;: \u00ab&nbsp;Dieu n\u2019est pas con. S\u2019il t\u2019a fait venir ici, c\u2019est certainement pour une raison donn\u00e9e&nbsp;\u00bb (p.176). Et, par la bouche de Madame Pawa, un appelle \u00e0 conjuguer foi et action&nbsp;: \u00ab&nbsp;Nous gagnerons, comme peuple qui croit, \u00e0 red\u00e9couvrir, \u00e0 frais nouveaux, la n\u00e9cessit\u00e9 de puiser dans la pri\u00e8re l\u2019intelligence et la force pour transformer nos d\u00e9serts en verts pat\u00fbrages et nos mers mortes en sources d\u2019eau vive&nbsp;\u00bb (p.116). Avec ce commentaire&nbsp;: \u00ab&nbsp;Dieu n\u2019a pas besoin des gens qui ne font que prier. Dieu n\u2019est pas con en nous cr\u00e9ant libres et intelligents. Il veut \u00eatre ador\u00e9 par des hommes et des femmes qui prient et qui travaillent&nbsp;\u00bb. Plus loin, par la bouche de Gb\u00e8m\u00e8dablou, qui a enregistr\u00e9 sa voix, pour sa fille, avant de dispara\u00eetre, le th\u00e8me revient&nbsp;: \u00ab&nbsp;ce Dieu n\u2019est pas con. Pas du tout. Les anciens avaient coutume de dire qu\u2019avec un peu de pers\u00e9v\u00e9rance et de volont\u00e9, le forgeron parvient \u00e0 redresser un fer tordu&nbsp;\u00bb (p.286).<\/p>\n\n\n\n<p>L\u2019auteur, Destin Akpo, a su m\u00ealer, dans son \u0153uvre, l\u2019art du conteur, un style virevoltant et des r\u00e9flexions spirituelles, dans le cadre d\u2019une satire socio-politique qui t\u00e9moigne de la vitalit\u00e9 de la cr\u00e9ation litt\u00e9raire au B\u00e9nin. Le portail internet des \u00ab&nbsp;Biscottes litt\u00e9raires&nbsp;\u00bb, auquel il participe activement, t\u00e9moigne de cette cr\u00e9ativit\u00e9 (3). &nbsp;\u00ab&nbsp;Dieu n\u2019est pas con&nbsp;\u00bb nous bouscule, nous instruit, nous fait sourire, et invite catholiques, protestants et au-del\u00e0 \u00e0 <strong>penser Dieu autrement<\/strong> \u2014 non pas comme une figure lointaine, mais comme une force qui accepte l\u2019imperfection humaine et appelle \u00e0 coconstruire un monde meilleur. En somme, par le truchement du roman, c\u2019est aussi <strong>un plaidoyer pour une spiritualit\u00e9 plus libre et agissante, moins fataliste<\/strong><strong>, <\/strong>\u00e9crit avec audace depuis le c\u0153ur du B\u00e9nin contemporain.<\/p>\n\n\n\n<p>_____________________<\/p>\n\n\n\n<p>(1) Destin Akpo, <em>Dieu n\u2019est pas con<\/em>, Cotonou, ed. Savanes du continent, 2022 (343p).<\/p>\n\n\n\n<p>(2) Dans la <em>Bible<\/em>, la figure de Joseph, racont\u00e9e dans la <em>Gen\u00e8se<\/em>, illustre l\u2019arch\u00e9type de le r\u00e9demption sociale et spirituelle&nbsp;: rejet\u00e9, vendu comme esclave, puis dans les ge\u00f4les de Pharaon, Joseph devient finalement vizir, premier ministre.<\/p>\n\n\n\n<p>(3) Portail litt\u00e9raire b\u00e9ninois&nbsp;: <a href=\"https:\/\/biscotteslitteraires.com\/2021\/\" target=\"_blank\" rel=\"noreferrer noopener\">https:\/\/biscotteslitteraires.com\/2021\/<\/a>. \u00ab&nbsp;L\u2019Afrique en g\u00e9n\u00e9ral et le B\u00e9nin en particulier dispose d\u2019une richesse litt\u00e9raire infinie et dont la grande majorit\u00e9 reste inexploit\u00e9e dans son ensemble&nbsp;\u00bb.<\/p>\n","protected":false},"excerpt":{"rendered":"<p>Au B\u00e9nin, protestants, catholiques et bien au-del\u00e0, se sont empar\u00e9s de ce roman satirique pour imaginer une vie meilleure et s\u2019inspirer de son h\u00e9ro\u00efne. Recension. Dans Dieu n\u2019est pas con (1), l\u2019auteur b\u00e9ninois Destin Akpo, lui-m\u00eame pr\u00eatre catholique (dioc\u00e8se de Lokossa), nous livre un r\u00e9cit romanesque \u00e0 mi-chemin entre roman picaresque, essai spirituel, confession intime [&hellip;]<\/p>\n","protected":false},"author":3,"featured_media":1216,"comment_status":"closed","ping_status":"closed","sticky":false,"template":"","format":"standard","meta":[],"categories":[1],"tags":[363,366,364,365],"_links":{"self":[{"href":"https:\/\/www.fil-info-francophonie.com\/index.php?rest_route=\/wp\/v2\/posts\/1215"}],"collection":[{"href":"https:\/\/www.fil-info-francophonie.com\/index.php?rest_route=\/wp\/v2\/posts"}],"about":[{"href":"https:\/\/www.fil-info-francophonie.com\/index.php?rest_route=\/wp\/v2\/types\/post"}],"author":[{"embeddable":true,"href":"https:\/\/www.fil-info-francophonie.com\/index.php?rest_route=\/wp\/v2\/users\/3"}],"replies":[{"embeddable":true,"href":"https:\/\/www.fil-info-francophonie.com\/index.php?rest_route=%2Fwp%2Fv2%2Fcomments&post=1215"}],"version-history":[{"count":1,"href":"https:\/\/www.fil-info-francophonie.com\/index.php?rest_route=\/wp\/v2\/posts\/1215\/revisions"}],"predecessor-version":[{"id":1217,"href":"https:\/\/www.fil-info-francophonie.com\/index.php?rest_route=\/wp\/v2\/posts\/1215\/revisions\/1217"}],"wp:featuredmedia":[{"embeddable":true,"href":"https:\/\/www.fil-info-francophonie.com\/index.php?rest_route=\/wp\/v2\/media\/1216"}],"wp:attachment":[{"href":"https:\/\/www.fil-info-francophonie.com\/index.php?rest_route=%2Fwp%2Fv2%2Fmedia&parent=1215"}],"wp:term":[{"taxonomy":"category","embeddable":true,"href":"https:\/\/www.fil-info-francophonie.com\/index.php?rest_route=%2Fwp%2Fv2%2Fcategories&post=1215"},{"taxonomy":"post_tag","embeddable":true,"href":"https:\/\/www.fil-info-francophonie.com\/index.php?rest_route=%2Fwp%2Fv2%2Ftags&post=1215"}],"curies":[{"name":"wp","href":"https:\/\/api.w.org\/{rel}","templated":true}]}}