{"id":1088,"date":"2023-11-09T11:02:48","date_gmt":"2023-11-09T11:02:48","guid":{"rendered":"https:\/\/www.fil-info-francophonie.com\/?p=1088"},"modified":"2023-11-10T11:09:30","modified_gmt":"2023-11-10T11:09:30","slug":"de-brazzaville-et-kinshasa-jusquau-musee-calvin-de-noyon","status":"publish","type":"post","link":"https:\/\/www.fil-info-francophonie.com\/?p=1088","title":{"rendered":"De Brazzaville et Kinshasa jusqu\u2019au Mus\u00e9e Calvin de Noyon"},"content":{"rendered":"\n<p>Entretien avec deux universitaires : S\u00e9bastien Kalombo et Richard Lengo. <\/p>\n\n\n\n<p>L&rsquo;un enseigne \u00e0 Kinshasa, l&rsquo;autre \u00e0 Brazzaville. Tous deux ont visit\u00e9 le mus\u00e9e Jean Calvin \u00e0 Noyon. <\/p>\n\n\n\n<p>Le sociologue S\u00e9bastien Fath a recueilli leurs impressions.<\/p>\n\n\n\n<p><\/p>\n\n\n\n<p><\/p>\n\n\n\n<p><em>D\u00e9ploy\u00e9 sur le site de la maison natale du r\u00e9formateur fran\u00e7ais Jean Calvin (1509-1564), le Mus\u00e9e de Calvin \u00e0 Noyon (Oise) est un lieu de m\u00e9moire du protestantisme fran\u00e7ais, et au-del\u00e0. Visit\u00e9 par des touristes et curieux du monde entier (dont beaucoup de Cor\u00e9ens du Sud), il a accueilli, le vendredi 3 novembre 2023, la visite de deux universitaires sp\u00e9cialis\u00e9s sur le protestantisme.<\/em><\/p>\n\n\n\n<p><em>Le premier, le professeur S\u00e9bastien Kalombo, enseigne (entre autres) \u00e0 l\u2019Universit\u00e9 Protestante au Congo (UPC) \u00e0 Kinshasa, et est l\u2019auteur de deux volumes consacr\u00e9s \u00e0 l\u2019histoire du pentec\u00f4tisme au Congo RDC. Le second, Richard Longo, ma\u00eetre-assistant CAMES \u00e0 l\u2019Universit\u00e9 de Brazzaville (R\u00e9publique du Congo), a soutenu en 2021 sa th\u00e8se en sociologie sur la mutation de l\u2019\u00e9thos protestant. Ci-dessous, en trois questions, ils partagent leurs r\u00e9flexions sur ce que leur inspire le Mus\u00e9e Calvin de Noyon.<\/em><\/p>\n\n\n\n<p><\/p>\n\n\n\n<p><\/p>\n\n\n\n<p><\/p>\n\n\n\n<h3 class=\"wp-block-heading\" id=\"h-sebastien-kalombo-et-richard-lengo-vos-premieres-impressions-du-musee-calvin\">S\u00e9bastien Kalombo et Richard Lengo, vos premi\u00e8res impressions du Mus\u00e9e Calvin&nbsp;?<\/h3>\n\n\n\n<p><strong>Ce lieu est tr\u00e8s important pour nous et pour tous les protestants,<\/strong> car la R\u00e9forme calviniste est partie d\u2019ici. On dit souvent que Calvin \u00e9tait Genevois. Noyon est bien moins connu. Mais nous comprenons, \u00e0 travers ce lieu et cette maison natale, d\u2019o\u00f9 Jean Calvin est parti. Il \u00e9tait natif d\u2019ici, catholique et environn\u00e9 de catholiques. C\u2019est ici qu\u2019il a grandi. Il \u00e9tait tout pr\u00e8s de la cath\u00e9drale, que nous avons visit\u00e9e aussi. Il a d\u00e9fi\u00e9 beaucoup de choses pour instaurer la R\u00e9forme. Il y a eu beaucoup d\u2019adversit\u00e9 par la suite aussi. Des protestants ont \u00e9t\u00e9 encha\u00een\u00e9s aux gal\u00e8res du roi de France&nbsp;! Aujourd\u2019hui, nous constatons qu\u2019il y a en g\u00e9n\u00e9ral de bons rapports entre catholiques et protestants. Nous le v\u00e9rifions aussi chez-nous, \u00e0 Brazzaville et Kinshasa. Quand Jean Calvin, ici-m\u00eame, a commenc\u00e9 \u00e0 questionner certains enseignements du catholicisme, c\u2019\u00e9tait bien diff\u00e9rent&nbsp;!<\/p>\n\n\n<div class=\"wp-block-image\">\n<figure class=\"aligncenter size-full\"><a href=\"https:\/\/www.fil-info-francophonie.com\/wp-content\/uploads\/2023\/11\/noyon-1.jpg\"><img decoding=\"async\" loading=\"lazy\" width=\"800\" height=\"502\" src=\"https:\/\/www.fil-info-francophonie.com\/wp-content\/uploads\/2023\/11\/noyon-1.jpg\" alt=\"\" class=\"wp-image-1091\" srcset=\"https:\/\/www.fil-info-francophonie.com\/wp-content\/uploads\/2023\/11\/noyon-1.jpg 800w, https:\/\/www.fil-info-francophonie.com\/wp-content\/uploads\/2023\/11\/noyon-1-300x188.jpg 300w, https:\/\/www.fil-info-francophonie.com\/wp-content\/uploads\/2023\/11\/noyon-1-768x482.jpg 768w\" sizes=\"(max-width: 800px) 100vw, 800px\" \/><\/a><\/figure><\/div>\n\n\n<p><\/p>\n\n\n\n<h3 class=\"wp-block-heading\">Richard Lengo, que vous \u00e9voque particuli\u00e8rement cette visite&nbsp;?<\/h3>\n\n\n\n<p>Ce <a rel=\"noreferrer noopener\" href=\"https:\/\/museeprotestant.org\/notice\/musee-jean-calvin\/\" target=\"_blank\">mus\u00e9e Calvin de Noyon<\/a> est tr\u00e8s int\u00e9ressant et tr\u00e8s soign\u00e9. On y a \u00e9t\u00e9 bien accueillis, un dossier avait \u00e9t\u00e9 pr\u00e9par\u00e9 pour nous. La visite m\u2019a beaucoup plu, c\u2019est un lieu d\u2019apprentissage. On voit bien que l\u2019h\u00e9ritage de la R\u00e9forme, l\u2019h\u00e9ritage de Calvin, ne sont pas pris \u00e0 la l\u00e9g\u00e8re. Ce mus\u00e9e est fascinant, avec beaucoup de documents pr\u00e9cieux et conserv\u00e9s avec pr\u00e9caution, bien valoris\u00e9s. Tout cela co\u00fbte cher, demande de l\u2019entretien. Financer cela dans la dur\u00e9e montre la valeur que l\u2019on donne \u00e0 cet endroit. C\u2019est une surprise pour moi de voir cette maison de Calvin \u00e0 Noyon, apr\u00e8s \u00eatre venu depuis le nord de Paris. On enseigne peu que Jean Calvin vient d\u2019ici. C\u2019est n\u00e9cessaire de le rappeler, et de mieux comprendre ce qu\u2019il a v\u00e9cu. Je reparlerai de cela au pays, \u00e0 mon retour. Je suis touch\u00e9 par les efforts de la Soci\u00e9t\u00e9 de l\u2019Histoire du Protestantisme Fran\u00e7ais (SHPF) en faveur de la conservation de cette maison et de ce qu\u2019elle contient. J\u2019ai vu et photographi\u00e9 la plaque comm\u00e9morative, \u00e0 l\u2019ext\u00e9rieur du mus\u00e9e.<\/p>\n\n\n\n<p><\/p>\n\n\n\n<h3 class=\"wp-block-heading\">Professeur S\u00e9bastien Kalombo, que signifie pour vous ce Mus\u00e9e par rapport \u00e0 l\u2019identit\u00e9 protestante&nbsp;?<\/h3>\n\n\n\n<blockquote class=\"wp-block-quote\">\n<p>Visiter ce Mus\u00e9e m\u2019a fait du bien. Mais la principale question qui me vient \u00e0 l\u2019esprit est : \u00e0 qui transmet-on tout cela&nbsp;? De passage en France avec le soutien du DEFAP, j\u2019ai eu l\u2019occasion de pr\u00eacher cette fois-ci dans deux paroisses r\u00e9form\u00e9es de r\u00e9gion parisienne. Le public \u00e9tait \u00e2g\u00e9. O\u00f9 sont les jeunes&nbsp;?<\/p>\n<\/blockquote>\n\n\n\n<p>Toute cette histoire, tr\u00e8s bien racont\u00e9e dans cette maison Calvin, a \u00e9t\u00e9 \u00e9crite gr\u00e2ce \u00e0 une foi partag\u00e9e et transmise. Mais quand je vois aujourd\u2019hui la France, l\u2019\u00e9tat de ses paroisses, je m\u2019interroge. <strong>A quelles g\u00e9n\u00e9rations s\u2019adresse-t-on au travers d\u2019un mus\u00e9e comme celui-ci&nbsp;?<\/strong> En France, la foi en Dieu se fait bien discr\u00e8te. Les protestants de ce pays, on ne les voit gu\u00e8re. Je leur dis qu\u2019on aimerait que vous soyez plus forts. Et plus en relation avec nous, en Afrique. Au Congo RDC, nous avons des milliers d\u2019\u00e9tudiants protestants (\u00e0 l\u2019Universit\u00e9 Protestante au Congo, UPC de Kinshasa, ndlr) pour lesquels la foi, c\u2019est important. Et il y a beaucoup de monde, beaucoup de jeunes dans les \u00e9glises. <strong>O\u00f9 sont les jeunes chr\u00e9tiens en France&nbsp;?<\/strong> A quoi ont servi les combats du pass\u00e9 s\u2019il n\u2019y a plus personne aujourd\u2019hui pour faire le relais&nbsp;? Cela me pr\u00e9occupe.<\/p>\n","protected":false},"excerpt":{"rendered":"<p>Entretien avec deux universitaires : S\u00e9bastien Kalombo et Richard Lengo. L&rsquo;un enseigne \u00e0 Kinshasa, l&rsquo;autre \u00e0 Brazzaville. Tous deux ont visit\u00e9 le mus\u00e9e Jean Calvin \u00e0 Noyon. Le sociologue S\u00e9bastien Fath a recueilli leurs impressions. D\u00e9ploy\u00e9 sur le site de la maison natale du r\u00e9formateur fran\u00e7ais Jean Calvin (1509-1564), le Mus\u00e9e de Calvin \u00e0 Noyon [&hellip;]<\/p>\n","protected":false},"author":3,"featured_media":1089,"comment_status":"closed","ping_status":"closed","sticky":false,"template":"","format":"standard","meta":[],"categories":[1],"tags":[290,11,289,36,287,288,6,286,285,10],"_links":{"self":[{"href":"https:\/\/www.fil-info-francophonie.com\/index.php?rest_route=\/wp\/v2\/posts\/1088"}],"collection":[{"href":"https:\/\/www.fil-info-francophonie.com\/index.php?rest_route=\/wp\/v2\/posts"}],"about":[{"href":"https:\/\/www.fil-info-francophonie.com\/index.php?rest_route=\/wp\/v2\/types\/post"}],"author":[{"embeddable":true,"href":"https:\/\/www.fil-info-francophonie.com\/index.php?rest_route=\/wp\/v2\/users\/3"}],"replies":[{"embeddable":true,"href":"https:\/\/www.fil-info-francophonie.com\/index.php?rest_route=%2Fwp%2Fv2%2Fcomments&post=1088"}],"version-history":[{"count":3,"href":"https:\/\/www.fil-info-francophonie.com\/index.php?rest_route=\/wp\/v2\/posts\/1088\/revisions"}],"predecessor-version":[{"id":1093,"href":"https:\/\/www.fil-info-francophonie.com\/index.php?rest_route=\/wp\/v2\/posts\/1088\/revisions\/1093"}],"wp:featuredmedia":[{"embeddable":true,"href":"https:\/\/www.fil-info-francophonie.com\/index.php?rest_route=\/wp\/v2\/media\/1089"}],"wp:attachment":[{"href":"https:\/\/www.fil-info-francophonie.com\/index.php?rest_route=%2Fwp%2Fv2%2Fmedia&parent=1088"}],"wp:term":[{"taxonomy":"category","embeddable":true,"href":"https:\/\/www.fil-info-francophonie.com\/index.php?rest_route=%2Fwp%2Fv2%2Fcategories&post=1088"},{"taxonomy":"post_tag","embeddable":true,"href":"https:\/\/www.fil-info-francophonie.com\/index.php?rest_route=%2Fwp%2Fv2%2Ftags&post=1088"}],"curies":[{"name":"wp","href":"https:\/\/api.w.org\/{rel}","templated":true}]}}