{"id":1032,"date":"2023-03-02T18:17:32","date_gmt":"2023-03-02T18:17:32","guid":{"rendered":"https:\/\/www.fil-info-francophonie.com\/?p=1032"},"modified":"2023-03-02T18:17:32","modified_gmt":"2023-03-02T18:17:32","slug":"la-bible-nappartient-a-aucune-eglise","status":"publish","type":"post","link":"https:\/\/www.fil-info-francophonie.com\/?p=1032","title":{"rendered":"\u00ab La Bible n\u2019appartient \u00e0 aucune \u00e9glise \u00bb"},"content":{"rendered":"<header>\n<p class=\"post-intro\"><em>Trois questions \u00e0 Lydie Ve Kouadio, pr\u00e9sidente de la Ligue pour la Lecture de la Bible en C\u00f4te d&rsquo;Ivoire.<\/em><\/p>\n<\/header>\n<p>Pr\u00e9sente dans tout l\u2019espace francophone, la Ligue pour la Lecture de la Bible (LLB) a f\u00eat\u00e9, en 2017, ses 150 ans. L\u2019occasion, pour la LLB C\u00f4te d\u2019Ivoire, d\u2019imprimer un pagne en Wax aux couleurs du cent-cinquantenaire de la LLB. En Afrique de l\u2019ouest, pagnes et tissus v\u00e9hiculent volontiers r\u00e9f\u00e9rences, slogans, logos, \u00e0 l\u2019interface entre expressivit\u00e9 subjective et fid\u00e9lit\u00e9s plus larges. Rien d\u2019\u00e9tonnant \u00e0 ce que le pagne LLB, orn\u00e9 notamment du verset 103 du Psaume 119 \u2013 <em>\u00ab\u00a0Ta Parole est une lampe \u00e0 mes pieds\u00a0\u00bb<\/em> \u2013 soit port\u00e9 par la pr\u00e9sidente de la Ligue en C\u00f4te d\u2019Ivoire, Lydie Ve Kouadio.<\/p>\n<p>Rencontr\u00e9e fin d\u00e9cembre dernier \u00e0 Abidjan, \u00e0 proximit\u00e9 du si\u00e8ge de la LLB, apr\u00e8s un culte tenu \u00e0 l\u2019\u00e9glise UEESO de Cocody Cit\u00e9 des Arts, Lydie Ve Kouadio a accept\u00e9 de r\u00e9pondre \u00e0 quelques questions, alors qu\u2019elle tient un stand fourni en litt\u00e9rature biblique. L\u2019occasion d\u2019en apprendre davantage sur le travail r\u00e9alis\u00e9 par cette organisation para-eccl\u00e9siastique.<\/p>\n<h3>1\/ Lydie Ve Kouadio, pouvez-vous vous pr\u00e9senter ?<\/h3>\n<p>Je m\u2019appelle Lydie Ve Kouadio, je suis actuellement pr\u00e9sidente du conseil ex\u00e9cutif de la Ligue pour la Lecture de la Bible en C\u00f4te d\u2019Ivoire. J\u2019occupe cette fonction depuis juin 2018, avec une grande \u00e9quipe de ligueuses et de ligueurs, j\u2019en rends gr\u00e2ce \u00e0 Dieu. Notre si\u00e8ge est bas\u00e9 \u00e0 Cocody. Je travaille bien s\u00fbr en \u00e9quipe, d\u2019ailleurs, je suis bien entour\u00e9e aujourd\u2019hui. Il y a beaucoup \u00e0 faire et la demande est forte. De par ma famille, j\u2019ai des liens forts aussi avec les \u00c9glises de l\u2019UEESO (Union des \u00c9glises \u00c9vang\u00e9liques Services et \u0152uvres), qui ont pris le relais de la Mission Biblique en C\u00f4te d\u2019Ivoire.<\/p>\n<blockquote class=\"wp-block-quote\"><p>J\u2019ai tr\u00e8s \u00e0 c\u0153ur ma mission, qui est de promouvoir la lecture quotidienne de la \u00ab\u00a0Parole de Dieu\u00a0\u00bb aupr\u00e8s de toutes les \u00e9glises et organisations chr\u00e9tiennes de ce pays.<\/p><\/blockquote>\n<h3>2\/ Quelles sont vos activit\u00e9s principales \u00e0 la Ligue ?<\/h3>\n<p>Notre objectif principal est d\u2019encourager chaque chr\u00e9tienne, chaque chr\u00e9tien, \u00e0 vraiment lire la Bible, \u00e0 avoir un contact partag\u00e9 avec la Parole. Je souligne l\u2019importance du partage ! Car nous favorisons la lecture non seulement pour soi, mais pour les autres.<\/p>\n<blockquote class=\"wp-block-quote\"><p>Il y a beaucoup d\u2019\u00e9glises aujourd\u2019hui en C\u00f4te d\u2019Ivoire, il y a une \u00e9vang\u00e9lisation croissante et de nombreux minist\u00e8res. Mais l\u2019expansion en surface ne peut se faire bien que s\u2019il y a aussi la profondeur. L\u2019enracinement.<\/p><\/blockquote>\n<p>La foi chr\u00e9tienne repose sur un \u00e9quilibre. On se r\u00e9f\u00e8re beaucoup au Saint-Esprit. C\u2019est tr\u00e8s bien. Mais le Saint-Esprit est en lien avec la \u00ab\u00a0Parole de Dieu\u00a0\u00bb. Nous sommes l\u00e0 pour cela, pour faciliter l\u2019ancrage biblique des chr\u00e9tiens de ce pays de C\u00f4te d\u2019Ivoire. La Bible est indispensable. C\u2019est pourquoi nous proposons, chaque ann\u00e9e, <strong>des outils de lecture pour mieux comprendre et conna\u00eetre le texte<\/strong>, et bien-s\u00fbr ensuite le vivre. Nous organisons aussi des formations, chaque ann\u00e9e. En direction des jeunes, des animateurs, des futurs responsables chr\u00e9tiens, afin que ces personnes soient \u00e9quip\u00e9es au niveau biblique (2). Nous avons tr\u00e8s \u00e0 c\u0153ur la jeunesse, les \u00e9tudiants. Pour cette jeunesse, nous proposons r\u00e9guli\u00e8rement des camps, des retraites spirituelles\u2026<\/p>\n<h3>3\/ Quels sont vos publics ?<\/h3>\n<p>Je viens, ce dimanche (<em>18 d\u00e9cembre 2022, ndlr<\/em>), de remettre plusieurs colis de \u00ab\u00a0Lecteurs\u00a0\u00bb, des guides de lecture quotidienne de la Bible (3). Des pasteurs viennent souvent me voir, pour commander ces \u00ab\u00a0Lecteurs\u00a0\u00bb, utilis\u00e9s ensuite dans les \u00e9glises. Ils sont tr\u00e8s appr\u00e9ci\u00e9s ici. Toutes les \u00e9glises n\u2019en ont pas, mais nous y travaillons. Nous sommes bien connus en C\u00f4te d\u2019Ivoire, mais nous faisons l\u2019effort de mieux nous faire conna\u00eetre aupr\u00e8s de nouveaux publics. Nous ne sommes pas rattach\u00e9s \u00e0 une \u00e9glise en particulier, nous sommes au service de toutes, qu\u2019elles soient charismatiques, pentec\u00f4tistes, proph\u00e9tiques, baptistes ou autres, peu importe.<\/p>\n<blockquote class=\"wp-block-quote\"><p>Avec nos \u00e9quipes et nos b\u00e9n\u00e9voles de la Ligue, je travaille avec tout le monde. La Bible n\u2019appartient \u00e0 aucune \u00e9glise.<\/p><\/blockquote>\n<figure class=\"wp-block-image size-full\"><img decoding=\"async\" loading=\"lazy\" class=\"wp-image-161066 entered lazyloaded\" src=\"https:\/\/regardsprotestants.com\/wp-content\/uploads\/2023\/03\/20221218_125004.jpg\" alt=\"\" width=\"1000\" height=\"562\" data-lazy-srcset=\"https:\/\/regardsprotestants.com\/wp-content\/uploads\/2023\/03\/20221218_125004.jpg 1000w, https:\/\/regardsprotestants.com\/wp-content\/uploads\/2023\/03\/20221218_125004-400x225.jpg 400w, https:\/\/regardsprotestants.com\/wp-content\/uploads\/2023\/03\/20221218_125004-768x432.jpg 768w\" data-lazy-sizes=\"(max-width: 1000px) 100vw, 1000px\" data-lazy-src=\"https:\/\/regardsprotestants.com\/wp-content\/uploads\/2023\/03\/20221218_125004.jpg\" data-ll-status=\"loaded\" \/><\/figure>\n<p>(1) La Ligue pour la Lecture de la Bible, <em>Scripture Union<\/em>, en anglais, est une organisation para-eccl\u00e9siastique n\u00e9e en Angleterre en 1867, en vue d\u2019aider \u00e0 diffuser des pratiques de lecture de la Bible. Organisation mondiale, elle s\u2019implante en C\u00f4te d\u2019Ivoire en 1961.<\/p>\n<p>(2) La LLB C\u00f4te d\u2019Ivoire organise ainsi un S\u00e9minaire de R\u00e9ussite Scolaire et Universitaire (janvier 2023), une \u00c9cole des Jeunes Leaders Chr\u00e9tiens (ECOJEL) en 4 sessions trimestrielles de dix cours ; voir le site : <a href=\"https:\/\/llb-ci.org\/\">https:\/\/llb-ci.org\/<\/a><\/p>\n<p>(3) Produit phare de la LLB, le \u00ab\u00a0Lecteur de la Bible\u00a0\u00bb est un livret d\u2019accompagnement, \u00e9crit par autrices et auteurs, pour faciliter la lecture suivie, expliqu\u00e9e et comment\u00e9e de la Bible.<\/p>\n","protected":false},"excerpt":{"rendered":"<p>Trois questions \u00e0 Lydie Ve Kouadio, pr\u00e9sidente de la Ligue pour la Lecture de la Bible en C\u00f4te d&rsquo;Ivoire. Pr\u00e9sente dans tout l\u2019espace francophone, la Ligue pour la Lecture de la Bible (LLB) a f\u00eat\u00e9, en 2017, ses 150 ans. L\u2019occasion, pour la LLB C\u00f4te d\u2019Ivoire, d\u2019imprimer un pagne en Wax aux couleurs du cent-cinquantenaire [&hellip;]<\/p>\n","protected":false},"author":3,"featured_media":1033,"comment_status":"closed","ping_status":"closed","sticky":false,"template":"","format":"standard","meta":[],"categories":[1],"tags":[48,97,106,3,262],"_links":{"self":[{"href":"https:\/\/www.fil-info-francophonie.com\/index.php?rest_route=\/wp\/v2\/posts\/1032"}],"collection":[{"href":"https:\/\/www.fil-info-francophonie.com\/index.php?rest_route=\/wp\/v2\/posts"}],"about":[{"href":"https:\/\/www.fil-info-francophonie.com\/index.php?rest_route=\/wp\/v2\/types\/post"}],"author":[{"embeddable":true,"href":"https:\/\/www.fil-info-francophonie.com\/index.php?rest_route=\/wp\/v2\/users\/3"}],"replies":[{"embeddable":true,"href":"https:\/\/www.fil-info-francophonie.com\/index.php?rest_route=%2Fwp%2Fv2%2Fcomments&post=1032"}],"version-history":[{"count":1,"href":"https:\/\/www.fil-info-francophonie.com\/index.php?rest_route=\/wp\/v2\/posts\/1032\/revisions"}],"predecessor-version":[{"id":1034,"href":"https:\/\/www.fil-info-francophonie.com\/index.php?rest_route=\/wp\/v2\/posts\/1032\/revisions\/1034"}],"wp:featuredmedia":[{"embeddable":true,"href":"https:\/\/www.fil-info-francophonie.com\/index.php?rest_route=\/wp\/v2\/media\/1033"}],"wp:attachment":[{"href":"https:\/\/www.fil-info-francophonie.com\/index.php?rest_route=%2Fwp%2Fv2%2Fmedia&parent=1032"}],"wp:term":[{"taxonomy":"category","embeddable":true,"href":"https:\/\/www.fil-info-francophonie.com\/index.php?rest_route=%2Fwp%2Fv2%2Fcategories&post=1032"},{"taxonomy":"post_tag","embeddable":true,"href":"https:\/\/www.fil-info-francophonie.com\/index.php?rest_route=%2Fwp%2Fv2%2Ftags&post=1032"}],"curies":[{"name":"wp","href":"https:\/\/api.w.org\/{rel}","templated":true}]}}